{"id":658552,"date":"2026-08-31T20:32:34","date_gmt":"2026-08-31T20:32:34","guid":{"rendered":"https:\/\/www.europesays.com\/pl\/658552\/"},"modified":"2026-08-31T20:32:34","modified_gmt":"2026-08-31T20:32:34","slug":"imgw-ostrzega-lubelskie-upal-i-burze-w-calym-regionie","status":"publish","type":"post","link":"https:\/\/www.europesays.com\/pl\/658552\/","title":{"rendered":"IMGW ostrzega Lubelskie: upa\u0142 i burze w ca\u0142ym regionie"},"content":{"rendered":"<p>Ostatni dzie\u0144 sierpnia stanie pod znakiem alert\u00f3w IMGW. Instytut wyda\u0142 dwa alerty pierwszego stopnia dla mieszka\u0144c\u00f3w wojew\u00f3dztwa lubelskiego.\u00a0<\/p>\n<p>Pierwsze ostrze\u017cenie dotyczy burz. Alertem obj\u0119te zosta\u0142o ca\u0142e wojew\u00f3dztwo lubelskie, tylko obowi\u0105zywa\u0107 b\u0119dzie w r\u00f3\u017cnych godzinach.\u00a0<\/p>\n<p>W powiatach bialskim, Bia\u0142a Podlaska, \u0142ukowskim, radzy\u0144skim i ryckim ostrze\u017cenie b\u0119dzie obowi\u0105zywa\u0107 w poniedzia\u0142ek (31 sierpnia) od godziny 15 do godziny 22.\u00a0<\/p>\n<p>Natomiast w pozosta\u0142ych powiatach:<\/p>\n<p>bi\u0142gorajskimChe\u0142mieche\u0142mskimhrubieszowskimjanowskimkrasnostawskimkra\u015bnickimlubartowskimlubelskimLublinie\u0142\u0119czy\u0144skimopolskimparczewskimpu\u0142awskim\u015bwidnickimtomaszowskimw\u0142odawskimzamojskimZamo\u015bciu<\/p>\n<p>ostrze\u017cenie rozpocznie si\u0119 o godzinie 15 i potrwa do p\u00f3\u0142nocy.\u00a0<\/p>\n<p>&#8211; Miejscami prognozowane s\u0105 burze, kt\u00f3rym b\u0119d\u0105 towarzyszy\u0107 silne opady deszczu od 20 mm do 30 mm oraz porywy wiatru do 85 km\/h. Lokalnie grad &#8211; czytamy w komunikacie IMGW.<\/p>\n<p>Drugie ostrze\u017cenie dotyczy upa\u0142\u00f3w i wydane zosta\u0142o tylko dla pi\u0119ciu powiat\u00f3w Lubelszczyzny:<\/p>\n<p>bi\u0142gorajskiegohrubieszowskiegotomaszowskiegozamojskiegoZamo\u015bcia.<\/p>\n<p>&#8211; Prognozuje si\u0119 upa\u0142. Temperatura maksymalna w dzie\u0144 oko\u0142o 30\u00b0C &#8211; brzmi komunikat IMGW.\u00a0<\/p>\n<p>W pozosta\u0142ych regionach wojew\u00f3dztwa termometry wska\u017c\u0105 do 20 stopni Celsjusza. Wiatr przewa\u017cnie s\u0142aby, przej\u015bciowo porywisty, po\u0142udniowo-zachodni i zachodni, chwilami ze zmiennych kierunk\u00f3w. W czasie burz wiatr w porywach do 85 km\/h.<\/p>\n","protected":false},"excerpt":{"rendered":"Ostatni dzie\u0144 sierpnia stanie pod znakiem alert\u00f3w IMGW. Instytut wyda\u0142 dwa alerty pierwszego stopnia dla mieszka\u0144c\u00f3w wojew\u00f3dztwa lubelskiego.\u00a0&hellip;\n","protected":false},"author":2,"featured_media":658553,"comment_status":"","ping_status":"","sticky":false,"template":"","format":"standard","meta":{"footnotes":"","_share_on_mastodon":"0"},"categories":[51605],"tags":[14276,167,42,78,38,40,39,41,1714,435],"class_list":["post-658552","post","type-post","status-publish","format-standard","has-post-thumbnail","category-warszawa","tag-burze","tag-imgw","tag-pl","tag-pogoda","tag-poland","tag-polish","tag-polska","tag-polski","tag-upal","tag-warszawa"],"share_on_mastodon":{"url":"https:\/\/pubeurope.com\/@pl\/117192028623281201","error":""},"_links":{"self":[{"href":"https:\/\/www.europesays.com\/pl\/wp-json\/wp\/v2\/posts\/658552","targetHints":{"allow":["GET"]}}],"collection":[{"href":"https:\/\/www.europesays.com\/pl\/wp-json\/wp\/v2\/posts"}],"about":[{"href":"https:\/\/www.europesays.com\/pl\/wp-json\/wp\/v2\/types\/post"}],"author":[{"embeddable":true,"href":"https:\/\/www.europesays.com\/pl\/wp-json\/wp\/v2\/users\/2"}],"replies":[{"embeddable":true,"href":"https:\/\/www.europesays.com\/pl\/wp-json\/wp\/v2\/comments?post=658552"}],"version-history":[{"count":0,"href":"https:\/\/www.europesays.com\/pl\/wp-json\/wp\/v2\/posts\/658552\/revisions"}],"wp:featuredmedia":[{"embeddable":true,"href":"https:\/\/www.europesays.com\/pl\/wp-json\/wp\/v2\/media\/658553"}],"wp:attachment":[{"href":"https:\/\/www.europesays.com\/pl\/wp-json\/wp\/v2\/media?parent=658552"}],"wp:term":[{"taxonomy":"category","embeddable":true,"href":"https:\/\/www.europesays.com\/pl\/wp-json\/wp\/v2\/categories?post=658552"},{"taxonomy":"post_tag","embeddable":true,"href":"https:\/\/www.europesays.com\/pl\/wp-json\/wp\/v2\/tags?post=658552"}],"curies":[{"name":"wp","href":"https:\/\/api.w.org\/{rel}","templated":true}]}}