{"id":658562,"date":"2026-08-31T20:37:18","date_gmt":"2026-08-31T20:37:18","guid":{"rendered":"https:\/\/www.europesays.com\/pl\/658562\/"},"modified":"2026-08-31T20:37:18","modified_gmt":"2026-08-31T20:37:18","slug":"kierowcy-ruszyli-na-stacje-dlugie-kolejki-i-pierwsze-sygnaly-o-brakach-paliwa","status":"publish","type":"post","link":"https:\/\/www.europesays.com\/pl\/658562\/","title":{"rendered":"Kierowcy ruszyli na stacje. D\u0142ugie kolejki i pierwsze sygna\u0142y o brakach paliwa"},"content":{"rendered":"<p>Na stacjach benzynowych, zw\u0142aszcza w wi\u0119kszych miastach, mo\u017cna zaobserwowa\u0107 d\u0142ugie kolejki samochod\u00f3w oczekuj\u0105cych na tankowanie. W ostatnich godzinach obowi\u0105zywania pakietu CPN pojawi\u0142y si\u0119 sygna\u0142y od kierowc\u00f3w o mo\u017cliwych brakach paliwa na niekt\u00f3rych stacjach. Zwi\u0119kszony popyt sprawi\u0142, \u017ce w wybranych lokalizacjach zacz\u0119\u0142o brakowa\u0107 najpopularniejszych rodzaj\u00f3w paliw.<\/p>\n<p>&#8222;Du\u017ce kolejki i brak paliwa \u2014 tak wygl\u0105daj\u0105 dzisiaj kieleckie stacje paliw. A to wszystko przez ostatni dzie\u0144 ni\u017cszych cen benzyny i oleju nap\u0119dowego. Od 1 wrze\u015bnia spodziewana podwy\u017cka si\u0119gnie od 60 do 90 groszy na litrze&#8221; \u2014 informuje portal WKIELCACH.info.<\/p>\n<p><a href=\"https:\/\/www.onet.pl\/\" title=\"Strona G\u0142\u00f3wna\" aria-label=\"Strona G\u0142\u00f3wna\" data-astro-prefetch=\"tap\" class=\"ods-a-logo-main-desktop\" rel=\"nofollow noopener\" target=\"_blank\"><img src=\"https:\/\/cdn.wiadomosci.onet.pl\/img\/Logo_desktop_Onet.svg\" class=\"ods-a-logo-main-desktop__image\" alt=\"Logo\" width=\"107\" height=\"60\" fetchpriority=\"high\" decoding=\"sync\" style=\"height:60px\"\/><\/a><\/p>\n<p class=\"ods-m-google-article__text\">Czytaj nas cz\u0119\u015bciej w Google<\/p>\n<p><a href=\"https:\/\/google.com\/preferences\/source?q=wiadomosci.onet.pl\" target=\"_blank\" rel=\"noopener noreferrer nofollow\" aria-label=\"Dodaj w Google\" title=\"Dodaj w Google\" class=\"ods-a-button ods-a-button__primary ods-a-button__default ods-a-button-l\">Dodaj w Google<\/a><\/p>\n<p>&#8222;W Zakopanem na stacji Shell du\u017ce kolejki, a na BP sko\u0144czy\u0142o si\u0119 paliwo&#8221; \u2014 donosi &#8222;Tygodnik Podhala\u0144ski&#8221;.<\/p>\n<p>&#8222;Nic dziwnego, \u017ce na stacjach t\u0142ok. Te zdj\u0119cia zrobili\u015bmy przed chwil\u0105 przy Orlenie w \u0141anach, obok Wschodniej Obwodnicy Wroc\u0142awia&#8221; \u2014 wskazuje Wroc\u0142awski Reporter.<\/p>\n<p>Podobne sytuacje maj\u0105 miejsce r\u00f3wnie\u017c w Ma\u0142opolsce. Jak si\u0119 dowiedzieli\u015bmy, na jednej ze stacji paliw w centrum Krakowa od dw\u00f3ch godzin brakuje paliwa \u2014 zosta\u0142o tylko LPG.<\/p>\n<p><img class=\"ods-a-photo ods-a-photo--background\" src=\"https:\/\/www.europesays.com\/pl\/wp-content\/uploads\/2026\/08\/h1ck9lBaHR0cHM6Ly9vY2RuLmV1L3B1bHNjbXMvTURBXy84NjFmYjY4MDczMjRjNWIyZjViOGFmNTZhODg1ODBiYy5wbmeRkwXNB.jpeg\" height=\"529\" width=\"940\" alt=\"Stacja paliw w centrum Krakowa\" loading=\"lazy\" fetchpriority=\"auto\" decoding=\"auto\" url=\"https:\/\/ocdn.eu\/pulscms\/MDA_\/861fb6807324c5b2f5b8af56a88580bc.png\" description=\"Stacja paliw w centrum Krakowa\" author=\"Onet\" source=\"\" link=\"\"\/><\/p>\n<p>Onet<\/p>\n<p>Stacja paliw w centrum Krakowa<\/p>\n<p>&#8222;W Trzebini w okolicach stacji paliw policja musi kierowa\u0107 ruchem&#8221; \u2014 napisa\u0142 \u0141ukasz Kmita.<\/p>\n<p>Wed\u0142ug prognoz e-petrol.pl ju\u017c w pierwszych dniach wrze\u015bnia ceny paliw na stacjach maj\u0105 wzrosn\u0105\u0107. Przewidywane stawki to:<\/p>\n<ul class=\"ods-m-bullet-list\">\n<li class=\"ods-a-bullet ods-a-bullet--normal\">7,38-7,51 z\u0142 za litr benzyny Pb95,<\/li>\n<li class=\"ods-a-bullet ods-a-bullet--normal\">8,36-8,49 z\u0142 za litr benzyny Pb98,<\/li>\n<li class=\"ods-a-bullet ods-a-bullet--normal\">8,19-8,33 z\u0142 za litr oleju nap\u0119dowego ON,<\/li>\n<li class=\"ods-a-bullet ods-a-bullet--normal\">2,89-2,97 z\u0142 za litr autogazu LPG<\/li>\n<\/ul>\n<p class=\"ods-o-frame-in-text__paragraph\"><a href=\"https:\/\/wiadomosci.onet.pl\/tylko-w-onecie\/tankujesz-placz-i-plac-bo-tylko-drozej-na-kolejny-cpn-tusk-nie-moze-sobie-pozwolic\/rt5dlwp?tpcc=202608_bloczek_newsroom\" id=\"9ba9fbed-4ccc-4608-860c-b4afb42b7b95\" rel=\"nofollow noopener\" target=\"_blank\">Na stacjach coraz dro\u017cej. &#8222;To nie koniec. Wzrost cen to nie straszak, rynki panikuj\u0105&#8221;<\/a><\/p>\n<p><img class=\"ods-a-photo ods-a-photo--background\" src=\"https:\/\/www.europesays.com\/pl\/wp-content\/uploads\/2026\/08\/0zok9lBaHR0cHM6Ly9vY2RuLmV1L3B1bHNjbXMvTURBXy9hYjY3ZTQ0NTQ0N2ExOTNmZTcxMmQxNjUyNGVkOTI4Mi5wbmeRlQLNA.jpeg\" height=\"253\" width=\"450\" alt=\"Stacja benzynowa i premier Donald Tusk\" loading=\"lazy\" fetchpriority=\"low\" decoding=\"async\"\/>Jak dzia\u0142a\u0142 pakiet CPN?<\/p>\n<p>Pakiet Ceny Paliwa Ni\u017cej zosta\u0142 przywr\u00f3cony przez rz\u0105d na dwa ostatnie tygodnie wakacji, od 17 sierpnia. W ramach tego rozwi\u0105zania wprowadzono obni\u017cony VAT oraz ceny maksymalne paliw na stacjach. Maksymalna cena by\u0142a ustalana wed\u0142ug specjalnej formu\u0142y, kt\u00f3ra uwzgl\u0119dnia\u0142a \u015bredni\u0105 cen\u0119 hurtow\u0105 paliw na rynku krajowym, powi\u0119kszon\u0105 o akcyz\u0119, op\u0142at\u0119 paliwow\u0105, mar\u017c\u0119 sprzeda\u017cow\u0105 w wysoko\u015bci 0,30 z\u0142 za litr oraz podatek VAT. Sprzeda\u017c paliwa powy\u017cej ustalonej ceny grozi\u0142a kar\u0105 finansow\u0105 do 1 mln z\u0142.<\/p>\n","protected":false},"excerpt":{"rendered":"Na stacjach benzynowych, zw\u0142aszcza w wi\u0119kszych miastach, mo\u017cna zaobserwowa\u0107 d\u0142ugie kolejki samochod\u00f3w oczekuj\u0105cych na tankowanie. W ostatnich godzinach&hellip;\n","protected":false},"author":2,"featured_media":658563,"comment_status":"","ping_status":"","sticky":false,"template":"","format":"standard","meta":{"footnotes":"","_share_on_mastodon":"0"},"categories":[16],"tags":[497,113,61195,112,6336,496,49,48,46,17797,5021,42,38,40,39,41,1358,47,5019,495],"class_list":["post-658562","post","type-post","status-publish","format-standard","has-post-thumbnail","category-biznes","tag-benzyna","tag-biznes","tag-bottomfeed_styl","tag-business","tag-ceny_paliw","tag-kierowcy","tag-kraj","tag-nat_styl","tag-omp","tag-paliwa","tag-paliwo","tag-pl","tag-poland","tag-polish","tag-polska","tag-polski","tag-samochody_ruch_drogowy_motoryzacja","tag-screening_general","tag-stacja_benzynowa","tag-stacja_paliw"],"share_on_mastodon":{"url":"https:\/\/pubeurope.com\/@pl\/117192049612584488","error":""},"_links":{"self":[{"href":"https:\/\/www.europesays.com\/pl\/wp-json\/wp\/v2\/posts\/658562","targetHints":{"allow":["GET"]}}],"collection":[{"href":"https:\/\/www.europesays.com\/pl\/wp-json\/wp\/v2\/posts"}],"about":[{"href":"https:\/\/www.europesays.com\/pl\/wp-json\/wp\/v2\/types\/post"}],"author":[{"embeddable":true,"href":"https:\/\/www.europesays.com\/pl\/wp-json\/wp\/v2\/users\/2"}],"replies":[{"embeddable":true,"href":"https:\/\/www.europesays.com\/pl\/wp-json\/wp\/v2\/comments?post=658562"}],"version-history":[{"count":0,"href":"https:\/\/www.europesays.com\/pl\/wp-json\/wp\/v2\/posts\/658562\/revisions"}],"wp:featuredmedia":[{"embeddable":true,"href":"https:\/\/www.europesays.com\/pl\/wp-json\/wp\/v2\/media\/658563"}],"wp:attachment":[{"href":"https:\/\/www.europesays.com\/pl\/wp-json\/wp\/v2\/media?parent=658562"}],"wp:term":[{"taxonomy":"category","embeddable":true,"href":"https:\/\/www.europesays.com\/pl\/wp-json\/wp\/v2\/categories?post=658562"},{"taxonomy":"post_tag","embeddable":true,"href":"https:\/\/www.europesays.com\/pl\/wp-json\/wp\/v2\/tags?post=658562"}],"curies":[{"name":"wp","href":"https:\/\/api.w.org\/{rel}","templated":true}]}}