{"id":658564,"date":"2026-08-31T20:38:18","date_gmt":"2026-08-31T20:38:18","guid":{"rendered":"https:\/\/www.europesays.com\/pl\/658564\/"},"modified":"2026-08-31T20:38:18","modified_gmt":"2026-08-31T20:38:18","slug":"musimy-pojsc-w-tym-kierunku-premier-indii-apeluje-do-putina","status":"publish","type":"post","link":"https:\/\/www.europesays.com\/pl\/658564\/","title":{"rendered":"&#8222;Musimy p\u00f3j\u015b\u0107 w tym kierunku&#8221;. Premier Indii apeluje do Putina"},"content":{"rendered":"<p><a href=\"https:\/\/www.google.com\/preferences\/source?q=wiadomosci.wp.pl\" target=\"_blank\" rel=\"nofollow noopener\" class=\"preferred-source-banner\" id=\"preferred-source-banner\" data-vab-box=\"preferred_source_banner\"><\/p>\n<p class=\"preferred-source-banner-title\">Dodaj WP Wiadomo\u015bci jako preferowane \u017ar\u00f3d\u0142o w Google<\/p>\n<p class=\"preferred-source-banner-subtitle\">Nasze tre\u015bci b\u0119d\u0105 cz\u0119\u015bciej wy\u015bwietla\u0107 si\u0119 w Twoich wynikach Google<\/p>\n<p><\/a> <\/p>\n<p>Rozmawiaj\u0105c z\u00a0Putinem na pocz\u0105tku poniedzia\u0142kowych obrad, Narendra Modi nazwa\u0142 rosyjskiego prezydenta &#8222;przyjacielem&#8221;. Zauwa\u017cy\u0142, \u017ce rozwijaj\u0105ca si\u0119 wsp\u00f3\u0142praca gospodarcza obu pa\u0144stw wynika z\u00a0konieczno\u015bci stawiania w\u0142asnych interes\u00f3w narodowych ponad wszystko inne.<\/p>\n<p>Reuters przypomina, \u017ce Indie, obok Chin, sta\u0142y si\u0119 jednym z\u00a0g\u0142\u00f3wnych odbiorc\u00f3w rosyjskiej ropy naftowej. Zakupy te pozwoli\u0142y Moskwie zasypa\u0107 luki w\u00a0bud\u017cecie, kt\u00f3re powsta\u0142y po rozpocz\u0119ciu pe\u0142noskalowej inwazji na Ukrain\u0119 w\u00a02022\u00a0r. i\u00a0na\u0142o\u017ceniu na Rosj\u0119 surowych sankcji przez pa\u0144stwa Zachodu.<\/p>\n<p>Modi apeluje o zako\u0144czenie walk w Ukrainie<\/p>\n<p>Mimo bliskich relacji handlowych szef indyjskiego rz\u0105du zdecydowanie opowiedzia\u0142 si\u0119 za zako\u0144czeniem konfliktu zbrojnego za nasz\u0105 wschodni\u0105 granic\u0105.<\/p>\n<p> <img role=\"presentation\" class=\"absolute left-1\/2 top-1\/2 max-h-[80%] max-w-[100px] -translate-x-1\/2 -translate-y-1\/2\" src=\"https:\/\/v.wpimg.pl\/ZXJfd3AudTkrBBIAbg54LGhcRlAxHQUrPgJGH2MAeGJoSQ1eIBI_K2UHAEVuBTY5KQMMXC0RPyoVERQdMgM9ejc\" loading=\"lazy\" decoding=\"async\"\/> <a href=\"https:\/\/wiadomosci.wp.pl\/tajemnicza-zapowiedz-zelenskiego-wrzesien-moze-wiele-zmienic-7324457903581248a\" class=\"teaser-inline\" rel=\"nofollow noopener\" target=\"_blank\">  <img decoding=\"async\" src=\"https:\/\/www.europesays.com\/pl\/wp-content\/uploads\/2026\/08\/YmMyYzQ2dgwsGy9Jfkl7GW9DexM4EHVPOFtjWH4Da1V9AXYcOF48HygJNlQ2QCwdLA4pVCFedgw9EHYMYB09BD4JNRsoHTwALxw9.jpeg\" loading=\"lazy\" class=\"wp-media-image cropped\" alt=\"Tajemnicza zapowied\u017a Ze\u0142enskiego. &quot;Wrzesie\u0144 mo\u017ce wiele zmieni\u0107&quot;\"\/><\/p>\n<p>Tajemnicza zapowied\u017a Ze\u0142enskiego. &#8222;Wrzesie\u0144 mo\u017ce wiele zmieni\u0107&#8221;<\/p>\n<p><\/a> <\/p>\n<p>&#8222;Jak wiecie, Indie wspieraj\u0105 wszystkie wysi\u0142ki pokojowe i\u00a0b\u0119dziemy to robi\u0107 w\u00a0przysz\u0142o\u015bci. Ka\u017cdego dnia, gdy wojna trwa, ludzko\u015b\u0107 cofa si\u0119 w\u00a0istocie o\u00a0krok, podczas gdy ka\u017cdy krok ku pokojowi daje ludzko\u015bci prawdziw\u0105 nadziej\u0119 na ten\u017ce pok\u00f3j. Musimy przej\u015b\u0107 od nieko\u0144cz\u0105cej si\u0119 wojny do zako\u0144czenia wojny, do zako\u0144czenia dzia\u0142a\u0144 wojennych. Musimy p\u00f3j\u015b\u0107 dok\u0142adnie w\u00a0tym kierunku&#8221; \u2013 o\u015bwiadczy\u0142 Modi.<\/p>\n<p>W\u00a0odpowiedzi W\u0142adimir Putin podzi\u0119kowa\u0142 premierowi Indii, stwierdzaj\u0105c kr\u00f3tko: &#8222;Bardzo dzi\u0119kuj\u0119, Panie Premierze. Idziemy naprz\u00f3d t\u0105 drog\u0105&#8221;.<\/p>\n<p> <img role=\"presentation\" class=\"absolute left-1\/2 top-1\/2 max-h-[80%] max-w-[100px] -translate-x-1\/2 -translate-y-1\/2\" src=\"https:\/\/v.wpimg.pl\/ZXJfd3AudTkrBBIAbg54LGhcRlAxHQUrPgJGH2MAeGJoSQ1eIBI_K2UHAEVuBTY5KQMMXC0RPyoVERQdMgM9ejc\" loading=\"lazy\" decoding=\"async\"\/> <\/p>\n<p>Z\u00a0komunikat\u00f3w przekazanych przez Kreml po zako\u0144czeniu rozm\u00f3w wynika jednak, \u017ce Putin zapozna\u0142 Modiego z\u00a0przebiegiem tzw. &#8222;specjalnej operacji wojskowej&#8221; &#8211; jak rosyjska propaganda oficjalnie nazywa agresj\u0119 na Ukrain\u0119. Moskwa od miesi\u0119cy powtarza, \u017ce jest gotowa do rozm\u00f3w pokojowych wy\u0142\u0105cznie na w\u0142asnych warunkach, co Kij\u00f3w jednoznacznie odrzuca jako \u017c\u0105danie bezwarunkowej kapitulacji.<\/p>\n<p>Boj\u0105 si\u0119 siebie, ale i potrzebuj\u0105<\/p>\n<p>Kulisom rozm\u00f3w przygl\u0105dali si\u0119 analitycy \u015bledz\u0105cy przebieg szczytu Szanghajskiej Organizacji Wsp\u00f3\u0142pracy w\u00a0Biszkeku. Utworzona w\u00a02001\u00a0r. organizacja (wywodz\u0105ca si\u0119 z\u00a0tzw. Szanghajskiej Pi\u0105tki z\u00a0po\u0142owy lat 90.) zrzesza obecnie 10\u00a0pa\u0144stw cz\u0142onkowskich &#8211; w\u00a0tym m.in. Rosj\u0119, Chiny, Indie, Pakistan, Iran, Uzbekistan i\u00a0Bia\u0142oru\u015b.<\/p>\n<p> <a href=\"https:\/\/wiadomosci.wp.pl\/powiesza-mnie-putin-ma-obawy-w-zwiazku-z-wojna-7324353600043040a\" class=\"teaser-inline\" rel=\"nofollow noopener\" target=\"_blank\">  <img decoding=\"async\" src=\"https:\/\/www.europesays.com\/pl\/wp-content\/uploads\/2026\/08\/NDBjYmI4YSUjCC9eZk9sMGBQewQgFmJmN0hjT2YFfHxyEnYLIFgrNicaNkMuRjs0Ix0pQzlYYSUyA3YbeBsqLTEaNQwwGyspIA89.jpeg\" loading=\"lazy\" class=\"wp-media-image cropped\" alt=\"&quot;Powiesz\u0105 mnie&quot;. Putin mia\u0142 to powiedzie\u0107 bliskim wsp\u00f3\u0142pracownikom\"\/><\/p>\n<p>&#8222;Powiesz\u0105 mnie&#8221;. Putin mia\u0142 to powiedzie\u0107 bliskim wsp\u00f3\u0142pracownikom<\/p>\n<p><\/a> <img role=\"presentation\" class=\"absolute left-1\/2 top-1\/2 max-h-[80%] max-w-[100px] -translate-x-1\/2 -translate-y-1\/2\" src=\"https:\/\/v.wpimg.pl\/ZXJfd3AudTkrBBIAbg54LGhcRlAxHQUrPgJGH2MAeGJoSQ1eIBI_K2UHAEVuBTY5KQMMXC0RPyoVERQdMgM9ejc\" loading=\"lazy\" decoding=\"async\"\/> <\/p>\n<p>Pekin i\u00a0Moskwa regularnie wykorzystuj\u0105 forum SzOW do krytyki hegemonii Stan\u00f3w Zjednoczonych i\u00a0promowania wizji &#8222;wielobiegunowego \u015bwiata&#8221;. Cho\u0107 blok zrzesza blisko 40\u00a0proc. populacji globu oraz odpowiada za jedn\u0105 czwart\u0105 \u015bwiatowego PKB, obserwatorzy zwracaj\u0105 uwag\u0119 na jego g\u0142\u0119bokie podzia\u0142y wewn\u0119trzne obejmuj\u0105ce rywalizacj\u0119 mocarstw (Rosji i\u00a0Chin) i\u00a0napi\u0119cia regionalne (Chiny-Indie oraz Indie-Pakistan).<\/p>\n<p>Jak podsumowuje renomowany magazyn &#8222;The Diplomat&#8221;, sp\u00f3jno\u015b\u0107 i\u00a0realna si\u0142a SzOW stoj\u0105 pod du\u017cym znakiem zapytania, poniewa\u017c &#8222;najwa\u017cniejsi cz\u0142onkowie organizacji boj\u0105 si\u0119 siebie nawzajem co najmniej tak samo, jak potrzebuj\u0105 siebie nawzajem&#8221;.<\/p>\n","protected":false},"excerpt":{"rendered":"Dodaj WP Wiadomo\u015bci jako preferowane \u017ar\u00f3d\u0142o w Google Nasze tre\u015bci b\u0119d\u0105 cz\u0119\u015bciej wy\u015bwietla\u0107 si\u0119 w Twoich wynikach Google&hellip;\n","protected":false},"author":2,"featured_media":658565,"comment_status":"","ping_status":"","sticky":false,"template":"","format":"standard","meta":{"footnotes":"","_share_on_mastodon":"0"},"categories":[14],"tags":[32,33,27,34,35,28,31,25,40,41,80,29,30,26,82,83,84],"class_list":["post-658564","post","type-post","status-publish","format-standard","has-post-thumbnail","category-swiat","tag-breaking-news","tag-breakingnews","tag-headlines","tag-latest-news","tag-latestnews","tag-naglowki","tag-najwazniejsze-artykuly","tag-news","tag-polish","tag-polski","tag-swiat","tag-top-stories","tag-topstories","tag-wiadomosci","tag-world","tag-world-news","tag-worldnews"],"share_on_mastodon":{"url":"https:\/\/pubeurope.com\/@pl\/117192052611266568","error":""},"_links":{"self":[{"href":"https:\/\/www.europesays.com\/pl\/wp-json\/wp\/v2\/posts\/658564","targetHints":{"allow":["GET"]}}],"collection":[{"href":"https:\/\/www.europesays.com\/pl\/wp-json\/wp\/v2\/posts"}],"about":[{"href":"https:\/\/www.europesays.com\/pl\/wp-json\/wp\/v2\/types\/post"}],"author":[{"embeddable":true,"href":"https:\/\/www.europesays.com\/pl\/wp-json\/wp\/v2\/users\/2"}],"replies":[{"embeddable":true,"href":"https:\/\/www.europesays.com\/pl\/wp-json\/wp\/v2\/comments?post=658564"}],"version-history":[{"count":0,"href":"https:\/\/www.europesays.com\/pl\/wp-json\/wp\/v2\/posts\/658564\/revisions"}],"wp:featuredmedia":[{"embeddable":true,"href":"https:\/\/www.europesays.com\/pl\/wp-json\/wp\/v2\/media\/658565"}],"wp:attachment":[{"href":"https:\/\/www.europesays.com\/pl\/wp-json\/wp\/v2\/media?parent=658564"}],"wp:term":[{"taxonomy":"category","embeddable":true,"href":"https:\/\/www.europesays.com\/pl\/wp-json\/wp\/v2\/categories?post=658564"},{"taxonomy":"post_tag","embeddable":true,"href":"https:\/\/www.europesays.com\/pl\/wp-json\/wp\/v2\/tags?post=658564"}],"curies":[{"name":"wp","href":"https:\/\/api.w.org\/{rel}","templated":true}]}}