{"id":658612,"date":"2026-08-31T21:09:17","date_gmt":"2026-08-31T21:09:17","guid":{"rendered":"https:\/\/www.europesays.com\/pl\/658612\/"},"modified":"2026-08-31T21:09:17","modified_gmt":"2026-08-31T21:09:17","slug":"afera-zondacrypto-przemyslaw-czarnek-reaguje-na-pomysl-mateusza-morawieckiego","status":"publish","type":"post","link":"https:\/\/www.europesays.com\/pl\/658612\/","title":{"rendered":"Afera Zondacrypto. Przemys\u0142aw Czarnek reaguje na pomys\u0142 Mateusza Morawieckiego"},"content":{"rendered":"<p>W pi\u0105tek lider Rozwoju Plus Mateusz Morawiecki zaapelowa\u0142 o powo\u0142anie komisji \u015bledczej, kt\u00f3ra mia\u0142aby wyja\u015bni\u0107 okoliczno\u015bci afery Zondacrypto. W poniedzia\u0142ek przedstawi\u0142 projekt uchwa\u0142y w tej sprawie, podkre\u015blaj\u0105c, \u017ce sprawa powinna zosta\u0107 dog\u0142\u0119bnie zbadana. Morawiecki wyrazi\u0142 nadziej\u0119, \u017ce Prawo i Sprawiedliwo\u015b\u0107 poprze jego inicjatyw\u0119.<\/p>\n<p>Dalszy ci\u0105g artyku\u0142u pod materia\u0142em wideo<\/p>\n<p>\u2014 Rzadko si\u0119 zgadzam z obecnym premierem, ale tutaj uwa\u017cam, \u017ce ta sprawa powinna by\u0107 wyja\u015bniona do b\u00f3lu. Rozw\u00f3j Plus wnosi o powo\u0142anie komisji \u015bledczej, kt\u00f3ra wyja\u015bni t\u0119 spraw\u0119 od 2019 r. Ja si\u0119 niczego nie obawiam. Mam nadziej\u0119, \u017ce PiS r\u00f3wnie\u017c podpisze si\u0119 pod t\u0105 uchwa\u0142\u0105 \u2014 powiedzia\u0142 w rozmowie z RMF FM.<\/p>\n<p><a href=\"https:\/\/www.onet.pl\/\" title=\"Strona G\u0142\u00f3wna\" aria-label=\"Strona G\u0142\u00f3wna\" data-astro-prefetch=\"tap\" class=\"ods-a-logo-main-desktop\" rel=\"nofollow noopener\" target=\"_blank\"><img src=\"https:\/\/cdn.wiadomosci.onet.pl\/img\/Logo_desktop_Onet.svg\" class=\"ods-a-logo-main-desktop__image\" alt=\"Logo\" width=\"107\" height=\"60\" fetchpriority=\"high\" decoding=\"sync\" style=\"height:60px\"\/><\/a><\/p>\n<p class=\"ods-m-google-article__text\">Czytaj nas cz\u0119\u015bciej w Google<\/p>\n<p><a href=\"https:\/\/google.com\/preferences\/source?q=wiadomosci.onet.pl\" target=\"_blank\" rel=\"noopener noreferrer nofollow\" aria-label=\"Dodaj w Google\" title=\"Dodaj w Google\" class=\"ods-a-button ods-a-button__primary ods-a-button__default ods-a-button-l\">Dodaj w Google<\/a>Przemys\u0142aw Czarnek komentuje<\/p>\n<p>O propozycj\u0119 Morawieckiego pytany by\u0142 w poniedzia\u0142ek podczas konferencji prasowej Przemys\u0142aw Czarnek. Zdaniem kandydata PiS na premiera przy obecnym uk\u0142adzie si\u0142 w Sejmie powo\u0142anie komisji \u015bledczej nie przyniesie oczekiwanych rezultat\u00f3w.<\/p>\n<p>O co dok\u0142adnie chodzi w aferze Zondacrypto [WYJA\u015aNIAMY]<img class=\"ods-a-photo ods-a-photo--background\" src=\"https:\/\/www.europesays.com\/pl\/wp-content\/uploads\/2026\/08\/1788210557_991_qKuk9lBaHR0cHM6Ly9vY2RuLmV1L3B1bHNjbXMvTURBXy8wMTUwMTFjZTA1ZmRmYTE1YzJiMmJiNTBlOGU2YmM0OS5qcGeRlQLNA.jpeg\" height=\"254\" width=\"450\" alt=\"Przemys\u0142aw Kral\" loading=\"lazy\" fetchpriority=\"low\" decoding=\"async\"\/><\/p>\n<p>\u2014 Pytanie, czy komisja \u015bledcza w tych warunkach i przy tej wi\u0119kszo\u015bci sejmowej ma jakikolwiek sens? Sam by\u0142em w komisji \u015bledczej, w kt\u00f3rej pan Jo\u0144ski specjalizowa\u0142 si\u0119 w przyciskaniu guzika po to, \u017ceby nie dopu\u015bci\u0107 do g\u0142osu nikogo, kto chcia\u0142by zada\u0107 trudne pytanie. Nie wydaje mi si\u0119, \u017ceby komisja \u015bledcza w tych warunkach, przy tej wi\u0119kszo\u015bci sejmowej, mia\u0142a jakikolwiek sens i mog\u0142aby w og\u00f3le cokolwiek wyja\u015bni\u0107 z afery, kt\u00f3ra obci\u0105\u017ca wi\u0119kszo\u015b\u0107 dzisiejsz\u0105 sejmow\u0105 i rz\u0105d przez ni\u0105 stworzony \u2014 m\u00f3wi\u0142 w Sejmie Czarnek.<\/p>\n<p>Pose\u0142 Prawa i Sprawiedliwo\u015bci stwierdzi\u0142, \u017ce &#8222;trzeba szuka\u0107 takich rozwi\u0105za\u0144, kt\u00f3re b\u0119d\u0105 skuteczne&#8221;.<\/p>\n","protected":false},"excerpt":{"rendered":"W pi\u0105tek lider Rozwoju Plus Mateusz Morawiecki zaapelowa\u0142 o powo\u0142anie komisji \u015bledczej, kt\u00f3ra mia\u0142aby wyja\u015bni\u0107 okoliczno\u015bci afery Zondacrypto.&hellip;\n","protected":false},"author":2,"featured_media":658613,"comment_status":"","ping_status":"","sticky":false,"template":"","format":"standard","meta":{"footnotes":"","_share_on_mastodon":"0"},"categories":[12],"tags":[61195,32,33,36,37,27,49,34,35,3946,28,31,48,25,46,529,42,38,40,39,41,1524,114016,47,29,30,26,17994],"class_list":["post-658612","post","type-post","status-publish","format-standard","has-post-thumbnail","category-polska","tag-bottomfeed_styl","tag-breaking-news","tag-breakingnews","tag-featured-news","tag-featurednews","tag-headlines","tag-kraj","tag-latest-news","tag-latestnews","tag-mateusz_morawiecki","tag-naglowki","tag-najwazniejsze-artykuly","tag-nat_styl","tag-news","tag-omp","tag-pis","tag-pl","tag-poland","tag-polish","tag-polska","tag-polski","tag-przemyslaw_czarnek","tag-rozwoj_plus","tag-screening_general","tag-top-stories","tag-topstories","tag-wiadomosci","tag-zondacrypto"],"share_on_mastodon":{"url":"https:\/\/pubeurope.com\/@pl\/117192174412533596","error":""},"_links":{"self":[{"href":"https:\/\/www.europesays.com\/pl\/wp-json\/wp\/v2\/posts\/658612","targetHints":{"allow":["GET"]}}],"collection":[{"href":"https:\/\/www.europesays.com\/pl\/wp-json\/wp\/v2\/posts"}],"about":[{"href":"https:\/\/www.europesays.com\/pl\/wp-json\/wp\/v2\/types\/post"}],"author":[{"embeddable":true,"href":"https:\/\/www.europesays.com\/pl\/wp-json\/wp\/v2\/users\/2"}],"replies":[{"embeddable":true,"href":"https:\/\/www.europesays.com\/pl\/wp-json\/wp\/v2\/comments?post=658612"}],"version-history":[{"count":0,"href":"https:\/\/www.europesays.com\/pl\/wp-json\/wp\/v2\/posts\/658612\/revisions"}],"wp:featuredmedia":[{"embeddable":true,"href":"https:\/\/www.europesays.com\/pl\/wp-json\/wp\/v2\/media\/658613"}],"wp:attachment":[{"href":"https:\/\/www.europesays.com\/pl\/wp-json\/wp\/v2\/media?parent=658612"}],"wp:term":[{"taxonomy":"category","embeddable":true,"href":"https:\/\/www.europesays.com\/pl\/wp-json\/wp\/v2\/categories?post=658612"},{"taxonomy":"post_tag","embeddable":true,"href":"https:\/\/www.europesays.com\/pl\/wp-json\/wp\/v2\/tags?post=658612"}],"curies":[{"name":"wp","href":"https:\/\/api.w.org\/{rel}","templated":true}]}}