{"id":658626,"date":"2026-08-31T21:20:15","date_gmt":"2026-08-31T21:20:15","guid":{"rendered":"https:\/\/www.europesays.com\/pl\/658626\/"},"modified":"2026-08-31T21:20:15","modified_gmt":"2026-08-31T21:20:15","slug":"motor-lublin-legia-warszawa-pucharowy-hit-na-motor-lublin-arenie","status":"publish","type":"post","link":"https:\/\/www.europesays.com\/pl\/658626\/","title":{"rendered":"Motor Lublin &#8211; Legia Warszawa. Pucharowy hit na Motor Lublin Arenie"},"content":{"rendered":"<p>\t\t\t\t        <img loading=\"lazy\" decoding=\"async\" src=\"https:\/\/www.europesays.com\/pl\/wp-content\/uploads\/2026\/08\/776497730_1019322134438537_6756325128040635569_n_1000_108096.jpg\" alt=\"fot. Motor Lublin\" width=\"900\" height=\"600\"\/><\/p>\n<p>fot. Motor Lublin<\/p>\n<p class=\"isSelectedEnd\" style=\"text-align: justify;\">Ju\u017c jutro <a href=\"https:\/\/www.podkarpacielive.pl\/statystyki\/28,motor-lublin-sa\" rel=\"nofollow noopener\" target=\"_blank\">Motor Lublin<\/a> rozpocznie swoj\u0105 przygod\u0119 w tegorocznej edycji STS Pucharu Polski. W ramach 1. rundy \u017b\u00f3\u0142to-Bia\u0142o-Niebiescy podejm\u0105 na Motor Lublin Arenie Legi\u0119 Warszawa. Dla gospodarzy b\u0119dzie to okazja nie tylko do sprawienia pucharowej niespodzianki, ale r\u00f3wnie\u017c do prze\u0142amania si\u0119 po ostatnich niepowodzeniach w lidze.<\/p>\n<p>&#13;<br \/>\nLegia bez pora\u017cki, Motor szuka prze\u0142amania&#13;<\/p>\n<p class=\"isSelectedEnd\" style=\"text-align: justify;\"><a href=\"https:\/\/www.podkarpacielive.pl\/statystyki\/680,legia-warszawa-sa\" rel=\"nofollow noopener\" target=\"_blank\">Legia Warszawa<\/a> przyst\u0105pi do wtorkowego spotkania jako lider PKO Bank Polski Ekstraklasy. Podopieczni Marka Papszuna zdobyli dotychczas 12 punkt\u00f3w i nie zaznali jeszcze smaku pora\u017cki.<\/p>\n<p>&#13;<\/p>\n<p class=\"isSelectedEnd\" style=\"text-align: justify;\">Dwa ostatnie ligowe spotkania Wojskowych zako\u0144czy\u0142y si\u0119 jednak remisami. W miniony weekend warszawianie podzielili si\u0119 punktami ze \u015al\u0105skiem Wroc\u0142aw, remisuj\u0105c 1-1. Taki sam wynik pad\u0142 tydzie\u0144 wcze\u015bniej w ich wyjazdowym starciu z Piastem Gliwice.<\/p>\n<p>&#13;<\/p>\n<p class=\"isSelectedEnd\" style=\"text-align: justify;\">Motor rozpocz\u0105\u0142 sezon znacznie mniej efektownie. W pierwszych sze\u015bciu kolejkach lublinianie zgromadzili pi\u0119\u0107 punkt\u00f3w. Na ten dorobek z\u0142o\u017cy\u0142y si\u0119 zwyci\u0119stwo z GKS-em Katowice 1-0 oraz remisy z Widzewem \u0141\u00f3d\u017a i Koron\u0105 Kielce \u2013 oba po 1-1.<\/p>\n<p>&#13;<\/p>\n<p class=\"isSelectedEnd\" style=\"text-align: justify;\">Miniony weekend nie u\u0142o\u017cy\u0142 si\u0119 jednak po my\u015bli Motorowc\u00f3w. Zesp\u00f3\u0142 z Lublina przegra\u0142 z Piastem Gliwice 0-2. Pucharowy pojedynek z Legi\u0105 b\u0119dzie wi\u0119c pierwsz\u0105 okazj\u0105 do rozpocz\u0119cia pozytywnej serii i poprawienia nastroj\u00f3w w dru\u017cynie.<\/p>\n<p>&#13;<br \/>\nPucharowa historia przemawia za Legi\u0105&#13;<\/p>\n<p class=\"isSelectedEnd\" style=\"text-align: justify;\">Motor Lublin i Legia Warszawa trzykrotnie mierzy\u0142y si\u0119 ze sob\u0105 w rozgrywkach pucharowych. Po raz ostatni oba zespo\u0142y spotka\u0142y si\u0119 w 2021 roku w 1\/8 fina\u0142u Pucharu Polski.<\/p>\n<p>&#13;<\/p>\n<p class=\"isSelectedEnd\" style=\"text-align: justify;\">Mecz rozegrany w Lublinie zako\u0144czy\u0142 si\u0119 w\u00f3wczas zwyci\u0119stwem go\u015bci 2-1. Bramk\u0119 dla Motoru zdoby\u0142 Micha\u0142 Fidziukiewicz, natomiast dla Legii trafiali Luquinhas oraz Szymon W\u0142odarczyk.<\/p>\n<p>&#13;<\/p>\n<p class=\"isSelectedEnd\" style=\"text-align: justify;\">Dwa wcze\u015bniejsze pucharowe pojedynki obu dru\u017cyn odby\u0142y si\u0119 jeszcze w latach 80. Teraz do historii tej rywalizacji dopisany zostanie kolejny rozdzia\u0142.<\/p>\n<p>&#13;<br \/>\nMariusz Misiura: Spodziewam si\u0119 zamkni\u0119tego spotkania&#13;<\/p>\n<p class=\"isSelectedEnd\" style=\"text-align: justify;\">Trener Motoru Lublin Mariusz Misiura spodziewa si\u0119 wymagaj\u0105cego i bardzo taktycznego pojedynku. Zwraca uwag\u0119 przede wszystkim na spos\u00f3b organizacji dru\u017cyn prowadzonych przez Marka Papszuna.<\/p>\n<p>&#13;<\/p>\n<p class=\"isSelectedEnd\" style=\"text-align: justify;\">\u2013 Zawsze dru\u017cyny trenera Marka Papszuna s\u0105 bardzo solidne, bardzo dobrze zorganizowane i punktuj\u0105. Bazuj\u0105 na dobrej organizacji w obronie. Do Lublina przyjedzie wi\u0119c dru\u017cyna, kt\u00f3ra b\u0119dzie bardzo dobrze przygotowana i b\u0119dzie chcia\u0142a zamkn\u0105\u0107 mecz. Spodziewam si\u0119 zamkni\u0119tego spotkania, meczu zespo\u0142\u00f3w dobrze przygotowanych na siebie. My\u015bl\u0119, \u017ce na jedn\u0105 b\u0105d\u017a drug\u0105 stron\u0119 przewa\u017c\u0105 indywidualno\u015bci \u2013 powiedzia\u0142 szkoleniowiec Motoru podczas konferencji prasowej po ostatnim meczu ligowym.<\/p>\n<p>&#13;<\/p>\n<p class=\"isSelectedEnd\" style=\"text-align: justify;\">Mariusz Misiura podkre\u015bli\u0142 jednocze\u015bnie, \u017ce nie obawia si\u0119 konfrontacji z aktualnym liderem Ekstraklasy.<\/p>\n<p>&#13;<\/p>\n<p class=\"isSelectedEnd\" style=\"text-align: justify;\">\u2013 Nie mam z tym problemu, \u017ce gramy z Legi\u0105. Ta liga jest naprawd\u0119 wyr\u00f3wnana, co pokazuje tabela. Jestem pozytywnie nastawiony do tej rywalizacji \u2013 doda\u0142 trener \u017b\u00f3\u0142to-Bia\u0142o-Niebieskich.<\/p>\n<p>&#13;<br \/>\nPiotr Lasyk poprowadzi spotkanie&#13;<\/p>\n<p class=\"isSelectedEnd\" style=\"text-align: justify;\">S\u0119dzi\u0105 g\u0142\u00f3wnym wtorkowego meczu Motoru Lublin z Legi\u0105 Warszawa b\u0119dzie Piotr Lasyk. Arbiter z Bytomia prowadzi\u0142 w poprzednim sezonie ligowe spotkanie obu dru\u017cyn, kt\u00f3re zako\u0144czy\u0142o si\u0119 remisem 1-1.<\/p>\n<p>&#13;<\/p>\n<p class=\"isSelectedEnd\" style=\"text-align: justify;\">Na liniach pomaga\u0107 mu b\u0119d\u0105 S\u0142awomir Kowalewski i Damian Rokosz. Funkcj\u0119 arbitra technicznego pe\u0142ni\u0107 b\u0119dzie Mateusz Z\u0142otnicki.<\/p>\n<p>&#13;<\/p>\n<p class=\"isSelectedEnd\" style=\"text-align: justify;\">Za system VAR odpowiedzialni b\u0119d\u0105 natomiast Kornel Paszkiewicz oraz Marcin Boniek.<\/p>\n<p>&#13;<br \/>\nCzas na pucharowe emocje w Lublinie&#13;<\/p>\n<p class=\"isSelectedEnd\" style=\"text-align: justify;\">Wtorkowy wiecz\u00f3r zapowiada si\u0119 jako jedno z najciekawszych wydarze\u0144 1. rundy STS Pucharu Polski. Motor stanie przed trudnym zadaniem, ale pucharowe rozgrywki wielokrotnie pokazywa\u0142y, \u017ce r\u00f3\u017cnice ligowe i miejsce w tabeli trac\u0105 znaczenie, gdy o awansie decyduje jedno spotkanie.<\/p>\n<p>&#13;<\/p>\n<p style=\"text-align: justify;\">Dla lublinian zwyci\u0119stwo nad Legi\u0105 by\u0142oby nie tylko przepustk\u0105 do kolejnej rundy, ale r\u00f3wnie\u017c niezwykle cennym impulsem po trudniejszym pocz\u0105tku ligowego sezonu. Warszawianie przyjad\u0105 natomiast do Lublina z jasnym celem, aby potwierdzi\u0107 wysok\u0105 form\u0119 i zrobi\u0107 pierwszy krok w kierunku walki o krajowe trofeum. Pocz\u0105tek jutrzejszego spotkania przy ulicy Stadionowej 1 zaplanowano na godz. 20:30.<\/p>\n","protected":false},"excerpt":{"rendered":"fot. Motor Lublin Ju\u017c jutro Motor Lublin rozpocznie swoj\u0105 przygod\u0119 w tegorocznej edycji STS Pucharu Polski. W ramach&hellip;\n","protected":false},"author":2,"featured_media":658627,"comment_status":"","ping_status":"","sticky":false,"template":"","format":"standard","meta":{"footnotes":"","_share_on_mastodon":"0"},"categories":[51612],"tags":[51458,70056,70057,70055,70060,2449,1081,30321,269,42,8135,70059,38,40,39,41,57780,1838,131,127,70061,6743,14763,63331,57619,26654,24505,70058,174],"class_list":["post-658626","post","type-post","status-publish","format-standard","has-post-thumbnail","category-lublin","tag-2-liga","tag-3-liga-grupa-iv","tag-4-liga-podkarpacka","tag-asseco-resovia","tag-developres-rzeszow","tag-koszykowka","tag-lublin","tag-miasto-szkla-krosno","tag-pilka-nozna","tag-pl","tag-podkarpacie","tag-podkarpacki-sport","tag-poland","tag-polish","tag-polska","tag-polski","tag-relacje-live","tag-siarka-tarnobrzeg","tag-siatkowka","tag-sport","tag-spr-stal-mielec","tag-stal-mielec","tag-stal-rzeszow","tag-transmisje-na-zywo","tag-wilki-krosno","tag-wisloka-debica","tag-wyniki-na-zywo","tag-wyniki-pilka-podkarpacie","tag-zuzel"],"share_on_mastodon":{"url":"https:\/\/pubeurope.com\/@pl\/117192218657324563","error":""},"_links":{"self":[{"href":"https:\/\/www.europesays.com\/pl\/wp-json\/wp\/v2\/posts\/658626","targetHints":{"allow":["GET"]}}],"collection":[{"href":"https:\/\/www.europesays.com\/pl\/wp-json\/wp\/v2\/posts"}],"about":[{"href":"https:\/\/www.europesays.com\/pl\/wp-json\/wp\/v2\/types\/post"}],"author":[{"embeddable":true,"href":"https:\/\/www.europesays.com\/pl\/wp-json\/wp\/v2\/users\/2"}],"replies":[{"embeddable":true,"href":"https:\/\/www.europesays.com\/pl\/wp-json\/wp\/v2\/comments?post=658626"}],"version-history":[{"count":0,"href":"https:\/\/www.europesays.com\/pl\/wp-json\/wp\/v2\/posts\/658626\/revisions"}],"wp:featuredmedia":[{"embeddable":true,"href":"https:\/\/www.europesays.com\/pl\/wp-json\/wp\/v2\/media\/658627"}],"wp:attachment":[{"href":"https:\/\/www.europesays.com\/pl\/wp-json\/wp\/v2\/media?parent=658626"}],"wp:term":[{"taxonomy":"category","embeddable":true,"href":"https:\/\/www.europesays.com\/pl\/wp-json\/wp\/v2\/categories?post=658626"},{"taxonomy":"post_tag","embeddable":true,"href":"https:\/\/www.europesays.com\/pl\/wp-json\/wp\/v2\/tags?post=658626"}],"curies":[{"name":"wp","href":"https:\/\/api.w.org\/{rel}","templated":true}]}}