{"id":658636,"date":"2026-08-31T21:26:23","date_gmt":"2026-08-31T21:26:23","guid":{"rendered":"https:\/\/www.europesays.com\/pl\/658636\/"},"modified":"2026-08-31T21:26:23","modified_gmt":"2026-08-31T21:26:23","slug":"do-wielu-punktow-schronienia-we-wroclawiu-nie-mozna-sie-dostac-nie-wiedza-o-nich-nawet-mieszkancy","status":"publish","type":"post","link":"https:\/\/www.europesays.com\/pl\/658636\/","title":{"rendered":"Do wielu Punkt\u00f3w Schronienia we Wroc\u0142awiu&#8230; nie mo\u017cna si\u0119 dosta\u0107. Nie wiedz\u0105 o nich nawet mieszka\u0144cy"},"content":{"rendered":"<p>Tak w praktyce wygl\u0105daj\u0105 wej\u015bcia do wielu Punkt\u00f3w Schronienia we Wroc\u0142awiu.<\/p>\n<p>Fot. Joanna Jaros<\/p>\n<p>W razie niebezpiecznych zjawisk pogodowych czy ataku broni\u0105 paln\u0105 mieszka\u0144cy powinni uda\u0107 si\u0119 do Punkt\u00f3w Schronienia i tam przeczeka\u0107 gro\u017an\u0105 sytuacj\u0119. Problem w tym, \u017ce do tych wroc\u0142awskich cz\u0119sto nie spos\u00f3b si\u0119 dosta\u0107. Wed\u0142ug aplikacji &#8222;Gdzie si\u0119 ukry\u0107&#8221; wyznaczono je w du\u017cej mierze w piwnicach budynk\u00f3w wielorodzinnych. \u017beby tam wej\u015b\u0107, kto\u015b musi najpierw otworzy\u0107 nam drzwi, ale mieszka\u0144cy zazwyczaj nie maj\u0105 poj\u0119cia, \u017ce w tym miejscu mo\u017cna si\u0119 schowa\u0107.<\/p>\n<p style=\"text-align: justify;\">Trzeba dzwoni\u0107 domofonem, martwi\u0107 si\u0119, czy kto\u015b odbierze, i prosi\u0107 o wpuszczenie do klatki. Tak we Wroc\u0142awiu w praktyce wygl\u0105da dost\u0119p do Punkt\u00f3w Schronienia. To miejsca wyznaczone, by tymczasowo si\u0119 w nich ukry\u0107 w razie kataklizm\u00f3w pogodowych czy ataku broni\u0105 paln\u0105.<\/p>\n<p style=\"text-align: justify;\">Wed\u0142ug rz\u0105dowego Poradnika Bezpiecze\u0144stwa w takich sytuacjach najbezpieczniej jest si\u0119 schowa\u0107 gdzie\u015b we w\u0142asnym domu. Punkty Schronienia s\u0105 przeznaczone dla os\u00f3b, kt\u00f3re przebywaj\u0105 na zewn\u0105trz i musz\u0105 szybko znale\u017a\u0107 bezpieczne miejsce. Gdy spojrzy si\u0119 na map\u0119 w <a href=\"https:\/\/gdziesieukryc.pl\/\" target=\"_blank\" rel=\"nofollow noopener\">aplikacji &#8222;Gdzie si\u0119 ukry\u0107&#8221;<\/a>, to s\u0105 one w wi\u0119kszo\u015bci umieszczone w budynkach wielorodzinnych. Nawet ich mieszka\u0144cy nie maj\u0105 o nich poj\u0119cia, wi\u0119c nie wiadomo, czy wpuszcz\u0105 kogo\u015b z ulicy:<\/p>\n<p style=\"text-align: justify;\">&#8211; Halo?<br \/>&#8211; Dzie\u0144 dobry. Ja sprawdza\u0142am w aplikacji, \u017ce w tym budynku jest jaki\u015b taki punkt, miejsce tymczasowego schronienia. Czy tam mo\u017cna wej\u015b\u0107 i zobaczy\u0107? (pyt. red.)<br \/>&#8211; Nic mi o tym nie wiadomo. Wydaje mi si\u0119, \u017ce musi si\u0119 pani skontaktowa\u0107 ze sp\u00f3\u0142dzielni\u0105, \u017ceby m\u00f3c tu wej\u015b\u0107 i zobaczy\u0107.<\/p>\n<p style=\"text-align: justify;\">&#8211; Wiedzia\u0142 pan, \u017ce tu jest miejsce schronienia? (pyt. red.)<br \/>&#8211; Nie, nie wiedzia\u0142em. Tu nic nie ma.<br \/>&#8211; A jest gdzie si\u0119 schowa\u0107 w tym bloku? (pyt. red.)<br \/>&#8211; Chyba, \u017ce w mieszkaniu pod sto\u0142em.<br \/>&#8211; Jest piwnica (red.).<br \/>&#8211; Ale co z tego? Je\u017celi zostanie zawalony budynek, to co mi z piwnicy? A kiedy mnie odkopi\u0105? Jak wyj\u015bcia nie ma.<\/p>\n<p style=\"text-align: justify;\">&#8211; Tu w pobli\u017cu nie ma \u017cadnego miejsca schronienia tymczasowego. Opr\u00f3cz \u015bmietnika, kt\u00f3ry nie jest zabezpieczony do schronienia si\u0119.<br \/>&#8211; Na mapie jest, \u017ce jest pod numerem 6 i 12 (red.).<br \/>&#8211; A czy pani wierzy w to, co jest wydrukowane? Prosz\u0119 pani, ja tu mieszkam od pocz\u0105tku mojego budynku, od lat 60. Na moich oczach budowali ten budynek i by\u0142abym zdziwiona ogromnie, gdyby si\u0119 okaza\u0142o, \u017ce ju\u017c wtedy pomy\u015bleli o schronieniu.<\/p>\n<p>&#13;<br \/>\n\t\t\t\t\t\t\t\t\t\tAby ods\u0142ucha\u0107 za\u0142\u0105czonego d\u017awi\u0119ku zaktualizuj przegl\u0105dark\u0119 lub\/i wtyczk\u0119 Adobe Flash Player.&#13;\n\t\t\t\t\t\t\t\t\t<\/p>\n<p>\u00a0<br \/>\nPe\u0142nomocnik Wojewody Dolno\u015bl\u0105skiego ds. Ochrony Ludno\u015bci odpiera zarzuty<\/p>\n<p style=\"text-align: justify;\">Robert Leszczy\u0144ski, Pe\u0142nomocnik Wojewody Dolno\u015bl\u0105skiego ds. Ochrony Ludno\u015bci, odpiera te zarzuty. Wyja\u015bnia, \u017ce jest te\u017c sporo og\u00f3lnodost\u0119pnych Punkt\u00f3w Schronienia:<\/p>\n<p style=\"text-align: justify;\">&#8211; Ja bym nie szed\u0142 tak daleko, \u017ce nie b\u0119dzie mo\u017cna do nich si\u0119 dosta\u0107. Je\u017celi wyst\u0105pi zagro\u017cenie, to z pewno\u015bci\u0105 mieszkaniec, kt\u00f3ry zna swoj\u0105 okolic\u0119 i wie, gdzie mo\u017ce si\u0119 ukry\u0107, to nie b\u0119dzie jaki\u015b problem, \u017ceby po prostu si\u0119 ukry\u0107 &#8211; czy to w gara\u017cu podziemnym, czy w piwnicy, czy we w\u0142asnym mieszkaniu. Tutaj mo\u017ce wezm\u0119 za przyk\u0142ad gara\u017c podziemny pod Narodowym Forum Muzyki. On jest otwarty ca\u0142y czas. Nie ma potrzeby, \u017ceby kto\u015b go otwiera\u0142. Czyli z niego &#8211; m\u00f3wi\u0105c o Wroc\u0142awiu &#8211; mo\u017cna skorzysta\u0107, tak? Odpowiadaj\u0105c na pocz\u0105tek pani pytania &#8211; czy b\u0119d\u0105 oznaczone? Z mojej wiedzy jest taki zamiar, \u017ce te punkty b\u0119d\u0105 oznaczane, ale tutaj prosz\u0119 jeszcze o chwil\u0119 cierpliwo\u015bci.<\/p>\n<p>&#13;<br \/>\n\t\t\t\t\t\t\t\t\t\tAby ods\u0142ucha\u0107 za\u0142\u0105czonego d\u017awi\u0119ku zaktualizuj przegl\u0105dark\u0119 lub\/i wtyczk\u0119 Adobe Flash Player.&#13;\n\t\t\t\t\t\t\t\t\t<\/p>\n<p style=\"text-align: justify;\">Mi\u0119dzynarodowym znakiem rozpoznawczym obrony cywilnej jest niebieski tr\u00f3jk\u0105t na pomara\u0144czowym tle. Tym symbolem oznacza si\u0119 mi\u0119dzy innymi miejsca, gdzie ludzie mog\u0105 si\u0119 schroni\u0107. Robert Leszczy\u0144ski dodaje, \u017ce za miejsce ukrycia mog\u0105 s\u0142u\u017cy\u0107 tak\u017ce inne lokalizacje:<\/p>\n<p style=\"text-align: justify;\">&#8211; Po dostarczeniu Poradnika Bezpiecze\u0144stwa powinni\u015bmy wiedzie\u0107, gdzie w trybie nag\u0142ym mo\u017cemy si\u0119 ukry\u0107. To mo\u017ce by\u0107 gara\u017c podziemny, to mo\u017ce by\u0107 piwnica. To r\u00f3wnie\u017c mo\u017ce by\u0107 nasze mieszkanie mi\u0119dzy jedn\u0105 \u015bcian\u0105 a drug\u0105.<\/p>\n<p>&#13;<br \/>\n\t\t\t\t\t\t\t\t\t\tAby ods\u0142ucha\u0107 za\u0142\u0105czonego d\u017awi\u0119ku zaktualizuj przegl\u0105dark\u0119 lub\/i wtyczk\u0119 Adobe Flash Player.&#13;\n\t\t\t\t\t\t\t\t\t<\/p>\n","protected":false},"excerpt":{"rendered":"Tak w praktyce wygl\u0105daj\u0105 wej\u015bcia do wielu Punkt\u00f3w Schronienia we Wroc\u0142awiu. Fot. Joanna Jaros W razie niebezpiecznych zjawisk&hellip;\n","protected":false},"author":2,"featured_media":658637,"comment_status":"","ping_status":"","sticky":false,"template":"","format":"standard","meta":{"footnotes":"","_share_on_mastodon":"0"},"categories":[51607],"tags":[55261,97010,7890,73173,79570,88810,31604,53536,42,38,40,39,41,88540,128254,44412,55110,45689,85348,1853,55111],"class_list":["post-658636","post","type-post","status-publish","format-standard","has-post-thumbnail","category-wroclaw","tag-do","tag-dostac","tag-mieszkancy","tag-mozna","tag-nawet","tag-nich","tag-nie","tag-o","tag-pl","tag-poland","tag-polish","tag-polska","tag-polski","tag-punktow","tag-schronienia","tag-sie","tag-we","tag-wiedza","tag-wielu","tag-wroclaw","tag-wroclawiu"],"share_on_mastodon":{"url":"https:\/\/pubeurope.com\/@pl\/117192241224527827","error":""},"_links":{"self":[{"href":"https:\/\/www.europesays.com\/pl\/wp-json\/wp\/v2\/posts\/658636","targetHints":{"allow":["GET"]}}],"collection":[{"href":"https:\/\/www.europesays.com\/pl\/wp-json\/wp\/v2\/posts"}],"about":[{"href":"https:\/\/www.europesays.com\/pl\/wp-json\/wp\/v2\/types\/post"}],"author":[{"embeddable":true,"href":"https:\/\/www.europesays.com\/pl\/wp-json\/wp\/v2\/users\/2"}],"replies":[{"embeddable":true,"href":"https:\/\/www.europesays.com\/pl\/wp-json\/wp\/v2\/comments?post=658636"}],"version-history":[{"count":0,"href":"https:\/\/www.europesays.com\/pl\/wp-json\/wp\/v2\/posts\/658636\/revisions"}],"wp:featuredmedia":[{"embeddable":true,"href":"https:\/\/www.europesays.com\/pl\/wp-json\/wp\/v2\/media\/658637"}],"wp:attachment":[{"href":"https:\/\/www.europesays.com\/pl\/wp-json\/wp\/v2\/media?parent=658636"}],"wp:term":[{"taxonomy":"category","embeddable":true,"href":"https:\/\/www.europesays.com\/pl\/wp-json\/wp\/v2\/categories?post=658636"},{"taxonomy":"post_tag","embeddable":true,"href":"https:\/\/www.europesays.com\/pl\/wp-json\/wp\/v2\/tags?post=658636"}],"curies":[{"name":"wp","href":"https:\/\/api.w.org\/{rel}","templated":true}]}}