{"id":658754,"date":"2026-08-31T22:51:46","date_gmt":"2026-08-31T22:51:46","guid":{"rendered":"https:\/\/www.europesays.com\/pl\/658754\/"},"modified":"2026-08-31T22:51:46","modified_gmt":"2026-08-31T22:51:46","slug":"od-zwirki-i-wigury-po-apache-bydgoszcz-swietowala-dzien-polskich-lotnikow","status":"publish","type":"post","link":"https:\/\/www.europesays.com\/pl\/658754\/","title":{"rendered":"Od \u017bwirki i Wigury po Apache. Bydgoszcz \u015bwi\u0119towa\u0142a dzie\u0144 polskich lotnik\u00f3w"},"content":{"rendered":"<p>fot. facebook \/IPN Bydgoszcz<\/p>\n<p>        Uroczysto\u015b\u0107 na bydgoskim B\u0142oniu<\/p>\n<p>28 sierpnia przy Pomniku Lotnik\u00f3w Polskich na bydgoskim B\u0142oniu odby\u0142y si\u0119 coroczne obchody \u015awi\u0119ta Lotnictwa Polskiego. W uroczysto\u015bci uczestniczyli przedstawiciele w\u0142adz, s\u0142u\u017cb mundurowych, instytucji patriotycznych, historycy IPN oraz mieszka\u0144cy Bydgoszczy. W\u015br\u00f3d uczestnik\u00f3w znale\u017ali si\u0119 tak\u017ce pasjonaci lotnictwa i osoby, dla kt\u00f3rych wojskowa s\u0142u\u017cba i pami\u0119\u0107 o polskich lotnikach maj\u0105 szczeg\u00f3lne znaczenie.<\/p>\n<p>Podczas ceremonii odczytano Apel Pami\u0119ci, a \u017co\u0142nierze oddali salw\u0119 honorow\u0105. Delegacje z\u0142o\u017cy\u0142y kwiaty pod pomnikiem, oddaj\u0105c ho\u0142d polskim lotnikom walcz\u0105cym i poleg\u0142ym podczas II wojny \u015bwiatowej.<\/p>\n<p>&#13;<\/p>\n<p>Sk\u0142adam serdeczne \u017cyczenia bezpiecznych oraz satysfakcjonuj\u0105cych lot\u00f3w dla ca\u0142ej spo\u0142eczno\u015bci lotniczej i wyra\u017cam g\u0142\u0119bok\u0105 wdzi\u0119czno\u015b\u0107 za Wasz\u0105 codzienn\u0105, pe\u0142n\u0105 po\u015bwi\u0119cenia s\u0142u\u017cb\u0119 na rzecz ochrony polskiej przestrzeni powietrznej \u2013 m\u00f3wi\u0142 wicewojewoda Piotr Hemmerling.<\/p>\n<p>&#13;<\/p>\n<p>Apache nad Bydgoszcz\u0105<\/p>\n<p>Jednym z najbardziej widowiskowych moment\u00f3w uroczysto\u015bci by\u0142 przelot \u015bmig\u0142owc\u00f3w szturmowych Apache AH-64D. W ten spos\u00f3b organizatorzy chcieli podkre\u015bli\u0107 zar\u00f3wno wsp\u00f3\u0142czesny wymiar s\u0142u\u017cby w\u00a0 lotnictwie wojskowym, jak i znaczenie bezpiecze\u0144stwa polskiej przestrzeni powietrznej.<\/p>\n<p>Uroczysto\u015b\u0107\u00a0sta\u0142a si\u0119 te\u017c okazj\u0105 do przypomnienia historii polskich skrzyde\u0142 oraz ludzi, kt\u00f3rzy w najtrudniejszych momentach stawali w obronie kraju.<\/p>\n<p>\u015awi\u0119to na pami\u0105tk\u0119 wielkiego sukcesu<\/p>\n<p>\u015awi\u0119to Lotnictwa Polskiego obchodzone jest 28 sierpnia. Data ta upami\u0119tnia zwyci\u0119stwo kpt. pil. Franciszka \u017bwirki i in\u017c. pil. Stanis\u0142awa Wigury w mi\u0119dzynarodowych zawodach lotniczych Challenge, kt\u00f3re odby\u0142y si\u0119 w 1932 roku.<\/p>\n<p>Sukces polskiej za\u0142ogi by\u0142 jednym z najwa\u017cniejszych osi\u0105gni\u0119\u0107 przedwojennego polskiego lotnictwa i sta\u0142 si\u0119 symbolem jego dynamicznego rozwoju oraz wysokiego poziomu wyszkolenia.<\/p>\n<p>Z Bydgoszcz\u0105 zwi\u0105zany by\u0142 r\u00f3wnie\u017c Franciszek \u017bwirko. W mie\u015bcie pracowa\u0142 jako instruktor w dzia\u0142aj\u0105cej tu szkole pilot\u00f3w, przekazuj\u0105c swoje do\u015bwiadczenie kolejnym pokoleniom lotnik\u00f3w.<\/p>\n","protected":false},"excerpt":{"rendered":"fot. facebook \/IPN Bydgoszcz Uroczysto\u015b\u0107 na bydgoskim B\u0142oniu 28 sierpnia przy Pomniku Lotnik\u00f3w Polskich na bydgoskim B\u0142oniu odby\u0142y&hellip;\n","protected":false},"author":2,"featured_media":658755,"comment_status":"","ping_status":"","sticky":false,"template":"","format":"standard","meta":{"footnotes":"","_share_on_mastodon":"0"},"categories":[51613],"tags":[210,32582,128273,41623,7132,291,7988,4552,42,38,40,39,41,128274,128272,6607,128271,1092,128270],"class_list":["post-658754","post","type-post","status-publish","format-standard","has-post-thumbnail","category-bydgoszcz","tag-aktualnosci","tag-apache","tag-apel-poleglych","tag-blonie","tag-bydgoszcz","tag-historia","tag-ipn","tag-lotnictwo","tag-pl","tag-poland","tag-polish","tag-polska","tag-polski","tag-salwa-honorowa","tag-swieto-polskiego-lotnictwa","tag-uroczystosc","tag-wigura","tag-wydarzenia","tag-zwirko"],"share_on_mastodon":{"url":"https:\/\/pubeurope.com\/@pl\/117192575202558632","error":""},"_links":{"self":[{"href":"https:\/\/www.europesays.com\/pl\/wp-json\/wp\/v2\/posts\/658754","targetHints":{"allow":["GET"]}}],"collection":[{"href":"https:\/\/www.europesays.com\/pl\/wp-json\/wp\/v2\/posts"}],"about":[{"href":"https:\/\/www.europesays.com\/pl\/wp-json\/wp\/v2\/types\/post"}],"author":[{"embeddable":true,"href":"https:\/\/www.europesays.com\/pl\/wp-json\/wp\/v2\/users\/2"}],"replies":[{"embeddable":true,"href":"https:\/\/www.europesays.com\/pl\/wp-json\/wp\/v2\/comments?post=658754"}],"version-history":[{"count":0,"href":"https:\/\/www.europesays.com\/pl\/wp-json\/wp\/v2\/posts\/658754\/revisions"}],"wp:featuredmedia":[{"embeddable":true,"href":"https:\/\/www.europesays.com\/pl\/wp-json\/wp\/v2\/media\/658755"}],"wp:attachment":[{"href":"https:\/\/www.europesays.com\/pl\/wp-json\/wp\/v2\/media?parent=658754"}],"wp:term":[{"taxonomy":"category","embeddable":true,"href":"https:\/\/www.europesays.com\/pl\/wp-json\/wp\/v2\/categories?post=658754"},{"taxonomy":"post_tag","embeddable":true,"href":"https:\/\/www.europesays.com\/pl\/wp-json\/wp\/v2\/tags?post=658754"}],"curies":[{"name":"wp","href":"https:\/\/api.w.org\/{rel}","templated":true}]}}