{"id":658756,"date":"2026-08-31T22:52:11","date_gmt":"2026-08-31T22:52:11","guid":{"rendered":"https:\/\/www.europesays.com\/pl\/658756\/"},"modified":"2026-08-31T22:52:11","modified_gmt":"2026-08-31T22:52:11","slug":"tony-w-lublinie-lublin-nasze-miasto","status":"publish","type":"post","link":"https:\/\/www.europesays.com\/pl\/658756\/","title":{"rendered":"Tony w Lublinie | Lublin Nasze Miasto"},"content":{"rendered":"<p class=\"atomsHappeningContent__desc\">Opis: Anthony Bourdain \u2013 buntownik, outsider, g\u0142os pokolenia, jeden z najbardziej znanych szef\u00f3w kuchni i jedna z najwi\u0119kszych, najbardziej charyzmatycznych osobowo\u015bci telewizyjnych. Podr\u00f3\u017cnik, pisarz, odkrywca, kt\u00f3rego miliony ludzi na ca\u0142ym \u015bwiecie pokocha\u0142y za bezkompromisowy styl, mi\u0142o\u015b\u0107 do \u017cycia, szacunek do ludzi, odwag\u0119, ciekawo\u015b\u0107 \u015bwiata i autentyczno\u015b\u0107. TONY to historia pocz\u0105tk\u00f3w jego drogi \u2013 kim by\u0142, zanim sta\u0142 si\u0119 Anthonym Bourdainem.<\/p>\n<p>Upalne lato 1976 roku, Provincetown \u2013 miasto pulsuj\u0105ce wolno\u015bci\u0105, seksem i energi\u0105. M\u0142ody, marz\u0105cy o karierze pisarza, Tony (Dominic Sessa), by podreperowa\u0107 bud\u017cet, trafia na zmywak do restauracji serwuj\u0105cej owoce morza, prowadzonej przez tajemniczego szefa kuchni (Antonio Banderas). W intensywnej, chaotycznej, a jednocze\u015bnie niezwykle kreatywnej atmosferze Tony odkrywa swoj\u0105 pasj\u0119, powo\u0142anie i to, kim tak naprawd\u0119 jest.<br \/>Tytu\u0142 oryginalny: Tony<br \/>Re\u017cyser: Matt Johnson<br \/>Scenariusz: Matt Johnson, Matthew Miller, Todd Bartels, Lou Howe<br \/>Gatunek: biograficzny<br \/>Czas trwania: 106 minut<br \/>Kraj produkcji: USA<br \/>Rok produkcji: 2026<br \/>Zdj\u0119cia: Michael Bauman<br \/>Data premiery w Polsce: 2026-09-04<\/p>\n","protected":false},"excerpt":{"rendered":"Opis: Anthony Bourdain \u2013 buntownik, outsider, g\u0142os pokolenia, jeden z najbardziej znanych szef\u00f3w kuchni i jedna z najwi\u0119kszych,&hellip;\n","protected":false},"author":2,"featured_media":658757,"comment_status":"","ping_status":"","sticky":false,"template":"","format":"standard","meta":{"footnotes":"","_share_on_mastodon":"0"},"categories":[51612],"tags":[6226,68212,10195,1081,42,38,40,39,41,22920],"class_list":["post-658756","post","type-post","status-publish","format-standard","has-post-thumbnail","category-lublin","tag-bilety","tag-film-i-kino","tag-impreza","tag-lublin","tag-pl","tag-poland","tag-polish","tag-polska","tag-polski","tag-wydarzenie"],"share_on_mastodon":{"url":"https:\/\/pubeurope.com\/@pl\/117192579450919968","error":""},"_links":{"self":[{"href":"https:\/\/www.europesays.com\/pl\/wp-json\/wp\/v2\/posts\/658756","targetHints":{"allow":["GET"]}}],"collection":[{"href":"https:\/\/www.europesays.com\/pl\/wp-json\/wp\/v2\/posts"}],"about":[{"href":"https:\/\/www.europesays.com\/pl\/wp-json\/wp\/v2\/types\/post"}],"author":[{"embeddable":true,"href":"https:\/\/www.europesays.com\/pl\/wp-json\/wp\/v2\/users\/2"}],"replies":[{"embeddable":true,"href":"https:\/\/www.europesays.com\/pl\/wp-json\/wp\/v2\/comments?post=658756"}],"version-history":[{"count":0,"href":"https:\/\/www.europesays.com\/pl\/wp-json\/wp\/v2\/posts\/658756\/revisions"}],"wp:featuredmedia":[{"embeddable":true,"href":"https:\/\/www.europesays.com\/pl\/wp-json\/wp\/v2\/media\/658757"}],"wp:attachment":[{"href":"https:\/\/www.europesays.com\/pl\/wp-json\/wp\/v2\/media?parent=658756"}],"wp:term":[{"taxonomy":"category","embeddable":true,"href":"https:\/\/www.europesays.com\/pl\/wp-json\/wp\/v2\/categories?post=658756"},{"taxonomy":"post_tag","embeddable":true,"href":"https:\/\/www.europesays.com\/pl\/wp-json\/wp\/v2\/tags?post=658756"}],"curies":[{"name":"wp","href":"https:\/\/api.w.org\/{rel}","templated":true}]}}