{"id":658764,"date":"2026-08-31T22:56:07","date_gmt":"2026-08-31T22:56:07","guid":{"rendered":"https:\/\/www.europesays.com\/pl\/658764\/"},"modified":"2026-08-31T22:56:07","modified_gmt":"2026-08-31T22:56:07","slug":"inland-empire-w-lodzi-lodz-nasze-miasto-2","status":"publish","type":"post","link":"https:\/\/www.europesays.com\/pl\/658764\/","title":{"rendered":"Inland Empire w \u0141odzi | \u0141\u00f3d\u017a Nasze Miasto"},"content":{"rendered":"<p class=\"atomsHappeningContent__desc\">Opis: \u201eInland Empire\u201d to ostatni pe\u0142nometra\u017cowy film Davida Lyncha i zarazem jedyny stworzony w Polsce (zdj\u0119cia realizowano m.in. w \u0141odzi i Warszawie) z udzia\u0142em polskich tw\u00f3rc\u00f3w. Wszystko zacz\u0119\u0142o si\u0119 od wizyty re\u017cysera na festiwalu Camerimage w 2003, kt\u00f3ra zaowocowa\u0142a etiud\u0105 \u201eThe Green Room in \u0141\u00f3d\u017a\u201d, rozbudowan\u0105 ostatecznie do pe\u0142nego metra\u017cu. Na ekranie, obok hollywoodzkich gwiazd, takich jak Laura Dern czy Jeremy Irons, zobaczymy m.in. Karolin\u0119 Gruszk\u0119 i Krzysztofa Majchrzaka, a na \u015bcie\u017cce d\u017awi\u0119kowej odnajdziemy kompozycje Krzysztofa Pendereckiego.<\/p>\n<p>\u201eInland Empire\u201d to historia aktorki Nikki Grace (Laura Dern w jednej z najlepszych r\u00f3l w karierze), kt\u00f3ra po otrzymaniu roli w nowym filmie trafia do \u015bwiata pe\u0142nego tajemnicy, surrealizmu i pyta\u0144 bez odpowiedzi, do kt\u00f3rych Lynch przyzwyczai\u0142 nas w swoich wcze\u015bniejszych produkcjach. Wg Micha\u0142a Oleszczyka (SpoilerMaster) \u201eto najg\u0119stszy z Lynchowskich labirynt\u00f3w\u201d. Cho\u0107 tu\u017c po premierze dzie\u0142o spotka\u0142o si\u0119 z mieszanym odbiorem, to up\u0142yw lat zadzia\u0142a\u0142 na jego korzy\u015b\u0107.<br \/>Tytu\u0142 oryginalny: Inland Empire<br \/>Re\u017cyser: David Lynch<br \/>Scenariusz: David Lynch<br \/>Gatunek: horror<br \/>Czas trwania: 180 minut<br \/>Kraj produkcji: Francja\/Polska\/USA<br \/>Rok produkcji: 2006<br \/>Muzyka: David Lynch, Krzysztof Penderecki<br \/>Zdj\u0119cia: David Lynch<br \/>Data premiery: 2006-09-06<br \/>Data premiery w Polsce: 2007-04-27<\/p>\n","protected":false},"excerpt":{"rendered":"Opis: \u201eInland Empire\u201d to ostatni pe\u0142nometra\u017cowy film Davida Lyncha i zarazem jedyny stworzony w Polsce (zdj\u0119cia realizowano m.in.&hellip;\n","protected":false},"author":2,"featured_media":658765,"comment_status":"","ping_status":"","sticky":false,"template":"","format":"standard","meta":{"footnotes":"","_share_on_mastodon":"0"},"categories":[51608],"tags":[6226,68212,10195,3652,42,38,40,39,41,22920],"class_list":["post-658764","post","type-post","status-publish","format-standard","has-post-thumbnail","category-lodz","tag-bilety","tag-film-i-kino","tag-impreza","tag-lodz","tag-pl","tag-poland","tag-polish","tag-polska","tag-polski","tag-wydarzenie"],"share_on_mastodon":{"url":"https:\/\/pubeurope.com\/@pl\/117192594980260086","error":""},"_links":{"self":[{"href":"https:\/\/www.europesays.com\/pl\/wp-json\/wp\/v2\/posts\/658764","targetHints":{"allow":["GET"]}}],"collection":[{"href":"https:\/\/www.europesays.com\/pl\/wp-json\/wp\/v2\/posts"}],"about":[{"href":"https:\/\/www.europesays.com\/pl\/wp-json\/wp\/v2\/types\/post"}],"author":[{"embeddable":true,"href":"https:\/\/www.europesays.com\/pl\/wp-json\/wp\/v2\/users\/2"}],"replies":[{"embeddable":true,"href":"https:\/\/www.europesays.com\/pl\/wp-json\/wp\/v2\/comments?post=658764"}],"version-history":[{"count":0,"href":"https:\/\/www.europesays.com\/pl\/wp-json\/wp\/v2\/posts\/658764\/revisions"}],"wp:featuredmedia":[{"embeddable":true,"href":"https:\/\/www.europesays.com\/pl\/wp-json\/wp\/v2\/media\/658765"}],"wp:attachment":[{"href":"https:\/\/www.europesays.com\/pl\/wp-json\/wp\/v2\/media?parent=658764"}],"wp:term":[{"taxonomy":"category","embeddable":true,"href":"https:\/\/www.europesays.com\/pl\/wp-json\/wp\/v2\/categories?post=658764"},{"taxonomy":"post_tag","embeddable":true,"href":"https:\/\/www.europesays.com\/pl\/wp-json\/wp\/v2\/tags?post=658764"}],"curies":[{"name":"wp","href":"https:\/\/api.w.org\/{rel}","templated":true}]}}