{"id":658788,"date":"2026-08-31T23:12:24","date_gmt":"2026-08-31T23:12:24","guid":{"rendered":"https:\/\/www.europesays.com\/pl\/658788\/"},"modified":"2026-08-31T23:12:24","modified_gmt":"2026-08-31T23:12:24","slug":"krzysztof-wyszkowski-odznaczony-orderem-orla-bialego","status":"publish","type":"post","link":"https:\/\/www.europesays.com\/pl\/658788\/","title":{"rendered":"Krzysztof Wyszkowski odznaczony Orderem Or\u0142a Bia\u0142ego"},"content":{"rendered":"<p>&#13;<br \/>\n        Krzysztof Wyszkowski odznaczony Orderem Or\u0142a Bia\u0142ego        31 sierpnia 2026 r. podczas uroczysto\u015bci w Sali BHP Stoczni Gda\u0144skiej Prezydent Rzeczypospolitej Polskiej Karol Nawrocki nada\u0142 Krzysztofowi Wyszkowskiemu, dzia\u0142aczowi opozycji antykomunistycznej, cz\u0142onkowi Kolegium IPN, Order Or\u0142a Bia\u0142ego. Uroczysto\u015b\u0107 odby\u0142a si\u0119 w ramach obchod\u00f3w 46. rocznicy podpisania Porozumie\u0144 Sierpniowych i powstania NSZZ \u201eSolidarno\u015b\u0107\u201d. W uroczysto\u015bci wzi\u0105\u0142 udzia\u0142 dr Mateusz Szpytma \u2013 zast\u0119pca prezesa IPN.      <\/p>\n<p>&#13;<br \/>\n&#13;<\/p>\n<p>Order Or\u0142a Bia\u0142ego, najwy\u017csze polskie odznaczenie pa\u0144stwowe, zosta\u0142 nadany Krzysztofowi Wyszkowskiemu w uznaniu jego znamienitych zas\u0142ug dla Rzeczypospolitej Polskiej, w szczeg\u00f3lno\u015bci dla przemian demokratycznych i wolnej Polski, a tak\u017ce za osi\u0105gni\u0119cia w dzia\u0142alno\u015bci pa\u0144stwowej i publicznej:<\/p>\n<p>Bez takich ludzi Solidarno\u015b\u0107 by nigdy nie powsta\u0142a! Dzi\u0119kuj\u0119 Ci Krzysztof za ca\u0142\u0105 s\u0142u\u017cb\u0119 Rzeczpospolitej Polskiej. Zaszczytem, zobowi\u0105zaniem i wielk\u0105 rado\u015bci\u0105 jest, \u017ce mog\u0142em zaliczy\u0107 Ci\u0119 do Kawaler\u00f3w Orderu Or\u0142a Bia\u0142ego<\/p>\n<p>\u2013\u00a0 zaznaczy\u0142\u00a0Karol Nawrocki, zwracaj\u0105c si\u0119 do Krzysztofa Wyszkowskiego.<\/p>\n<p>Aktu dekoracji dokona\u0142 Prezydent Rzeczypospolitej Polskiej Karol Nawrocki. W swoim wyst\u0105pieniu podkre\u015bli\u0142 zas\u0142ugi Krzysztofa Wyszkowskiego dla Polski i \u201eSolidarno\u015bci\u201d, nazywaj\u0105c go \u201ewojownikiem\u201d wiernym swoim idea\u0142om. Prezydent wskaza\u0142 r\u00f3wnie\u017c na jego niez\u0142omn\u0105 postaw\u0119 i wieloletni\u0105 dzia\u0142alno\u015b\u0107 na rzecz wolno\u015bci w czasach PRL:<\/p>\n<p>To z ca\u0142\u0105 pewno\u015bci\u0105 wojownik, kt\u00f3ry bardzo szybko dobiera ci\u0119ty i ostry or\u0119\u017c swojego s\u0142owa, jest wyposa\u017cony w tarcz\u0119 swojego \u017cyciorysu i niema\u0142\u0105 wiedz\u0119<\/p>\n<p>\u2013 powiedzia\u0142 prezydent.<\/p>\n<p>Krzysztof Wyszkowski nale\u017cy do grona dzia\u0142aczy opozycji antykomunistycznej, kt\u00f3rzy odegrali istotn\u0105 rol\u0119 w drodze Polski do wolno\u015bci. Wsp\u00f3\u0142tworzy\u0142 Wolne Zwi\u0105zki Zawodowe Wybrze\u017ca. W okresie przemian ustrojowych anga\u017cowa\u0142 si\u0119 w dzia\u0142alno\u015b\u0107 publiczn\u0105, a nast\u0119pnie pe\u0142ni\u0142 funkcj\u0119 doradcy Prezesa Rady Ministr\u00f3w Jana Krzysztofa Bieleckiego oraz doradcy Prezesa Rady Ministr\u00f3w Jana Olszewskiego.<\/p>\n<p>Przyznanie Orderu Or\u0142a Bia\u0142ego stanowi uhonorowanie jego wieloletniej dzia\u0142alno\u015bci opozycyjnej, publicznej i pa\u0144stwowej oraz zas\u0142ug dla przemian demokratycznych i odzyskania przez Polsk\u0119 pe\u0142nej suwerenno\u015bci.<\/p>\n<p>Instytut Pami\u0119ci Narodowej sk\u0142ada Krzysztofowi Wyszkowskiemu gratulacje z okazji otrzymania najwy\u017cszego odznaczenia pa\u0144stwowego Rzeczypospolitej Polskiej.<\/p>\n<p style=\"text-align:center\">***<\/p>\n<p>Krzysztof Wyszkowski urodzi\u0142 si\u0119 10 sierpnia 1947 r. w Ostrowii Mazowieckiej, syn Stefana Wyszkowskiego i Krystyny z domu Nowakowskiej. Szko\u0142\u0119 podstawow\u0105 uko\u0144czy\u0142 w 1961 r. W wieku 16 lat przerwa\u0142 nauk\u0119 w Liceum Og\u00f3lnokszta\u0142c\u0105cym nr 2 w Olsztynie, podejmuj\u0105c prac\u0119 robotnika fizycznego. W 1975 r. przeprowadzi\u0142 si\u0119 do Gda\u0144ska. Przez kontakty z cz\u0142onkami rodziny J\u00f3zefa Pi\u0142sudskiego nawi\u0105za\u0142 wsp\u00f3\u0142prac\u0119 z redaktorem Jerzym Giedroyciem z Instytutu Literackiego w Pary\u017cu, kt\u00f3ry przez tajnych kurier\u00f3w przekazywa\u0142 mu wydawnictwa \u201eKultury\u201d i innych o\u015brodk\u00f3w emigracyjnych do dalszego rozpowszechniania, m.in. w Warszawie i Krakowie. W tym czasie S\u0142u\u017cba Bezpiecze\u0144stwa PRL podj\u0119\u0142a przeciwko niemu i przeciwko wsp\u00f3\u0142pracuj\u0105cemu z nim bratu \u2013 B\u0142a\u017cejowi Wyszkowskiemu \u2013 Spraw\u0119 Operacyjnego Rozpracowania pod kryptonimem \u201eKana\u0142\u201d w celu zablokowania kana\u0142u przerzutu ksi\u0105\u017cek oraz prowokacji na rzecz oskar\u017cenia o szpiegostwo.<\/p>\n<p>Po powstaniu Komitetu Obrony Robotnik\u00f3w w\u0142\u0105czy\u0142 si\u0119 w dzia\u0142alno\u015b\u0107 tego \u015brodowiska. W 1977 r. przyst\u0105pi\u0142 do wsp\u00f3\u0142pracy z pismem \u201eRobotnik\u201d, wydawanym w podziemiu przez Komitet Samoobrony Spo\u0142ecznej \u201eKOR\u201d. W kwietniu 1978 r. by\u0142 inicjatorem utworzenia Komitetu Za\u0142o\u017cycielskiego Wolnych Zwi\u0105zk\u00f3w Zawodowych Wybrze\u017ca i autorem Deklaracji. W latach 1979\u20131980 dzia\u0142a\u0142 r\u00f3wnie\u017c jako wydawca podziemny, publikuj\u0105c kilka numer\u00f3w periodyk\u00f3w politycznych (\u201eIndeks\u201d`, \u201eRes Publica\u201d, \u201eG\u0142os\u201d) oraz ksi\u0105\u017cki historyczne (\u201eAgresja 17 wrze\u015bnia\u201d \u2013 Jerzego \u0141ojka) i dzie\u0142a literatury pi\u0119knej (\u201eDziennik\u201d, \u201eKosmos\u201d, \u201ePornografia\u201d \u2013 Witolda Gombrowicza, \u201eW Ameryce\u201d \u2013 Wojciecha Karpi\u0144skiego, \u201eGdzie s\u0142o\u0144ca wstaje\u2026\u201d \u2013 Czes\u0142awa Mi\u0142osza, \u201eW\u0142asnymi s\u0142owami\u201d \u2013 Leszka Szarugi, \u201eMiazga\u201d \u2013 Jerzego Andrzejewskiego).<\/p>\n<p>W sierpniu 1980 r. wzi\u0105\u0142 udzia\u0142 w Wielkim Strajku w Stoczni Gda\u0144skiej, gdzie dzi\u0119ki w\u0142asnym zasobom wydawniczym uruchomi\u0142 biuro prasowe Mi\u0119dzyzak\u0142adowego Komitetu Strajkowego oraz druk dokument\u00f3w i ulotek strajkowych. Wchodzi\u0142 w sk\u0142ad redakcji \u201eStrajkowego Biuletynu Informacyjnego SOLIDARNO\u015a\u0106\u201d, b\u0119d\u0105c autorem tego tytu\u0142u, kt\u00f3rego u\u017cycie jako has\u0142a dla ca\u0142ego ruchu niepodleg\u0142o\u015bciowego zaplanowa\u0142 jeszcze w 1978 r. W 1981 r. pracowa\u0142 jako sekretarz redakcji \u201eTygodnika Solidarno\u015b\u0107\u201d. Aresztowany 13 grudnia 1981 r., zosta\u0142 umieszczony w wi\u0119zieniu w Strzebielinku. W sierpniu 1982 r., wykorzystuj\u0105c pobyt w szpitalu, uciek\u0142 z internowania, podejmuj\u0105c wsp\u00f3\u0142prac\u0119 z podziemnym ruchem solidarno\u015bciowym. Po zatrzymaniu przez SB w dniu 22 lipca 1983 r. i zwolnieniu (na skutek amnestii) kontynuowa\u0142 t\u0119 dzia\u0142alno\u015b\u0107 do jesieni 1989 r.<\/p>\n<p>Jako bezpo\u015bredni obserwator obrad Okr\u0105g\u0142ego Sto\u0142u (akredytowany jako cz\u0142onek ekipy \u201eVideo Studio Gda\u0144sk\u201d) publikowa\u0142 na \u0142amach pism podziemnych i \u201eKultury\u201d paryskiej krytyczn\u0105 ocen\u0119 przebiegu i wynik\u00f3w \u201ekontraktu\u201d. Z tego powodu odrzuci\u0142 propozycj\u0119 redaktora Tadeusza Mazowieckiego kontynuowania pracy w odnowionym \u201eTygodniku Solidarno\u015b\u0107\u201d. Podj\u0105\u0142 w nim prac\u0119 jako kierownik dzia\u0142u politycznego dopiero po powo\u0142aniu Jaros\u0142awa Kaczy\u0144skiego na stanowisko redaktora naczelnego pisma. W tym czasie za swe g\u0142\u00f3wne zadanie uzna\u0142 niedopuszczenie do utrwalenia si\u0119 w Polsce powsta\u0142ego w wyniku obrad Okr\u0105g\u0142ego Sto\u0142u systemu postkomunistycznego. Uznaj\u0105c, \u017ce pierwszym krokiem powinno by\u0107 obalenie prezydentury Wojciecha Jaruzelskiego, nam\u00f3wi\u0142 Lecha Wa\u0142\u0119s\u0119 do podj\u0119cia akcji na rzecz przy\u015bpieszonych wybor\u00f3w prezydenckich. Jako cz\u0142onek jego sztabu wyborczego uczestniczy\u0142 w tworzeniu programu politycznego kandydata, w kt\u00f3rym przeforsowa\u0142 wpisanie d\u0105\u017cenia do przyst\u0105pienia do Sojuszu P\u00f3\u0142nocnoatlantyckiego (NATO) jako g\u0142\u00f3wnego celu \u00f3wczesnej polskiej polityki zagranicznej. Po wygranej kampanii odrzuci\u0142 propozycj\u0119 Lecha Wa\u0142\u0119sy podj\u0119cia pracy w jego Kancelarii i zosta\u0142 doradc\u0105 premiera Jana Krzysztofa Bieleckiego. Po nied\u0142ugim okresie wsp\u00f3\u0142pracy z\u0142o\u017cy\u0142 dymisj\u0119 i podj\u0105\u0142 aktywno\u015b\u0107 na rzecz jak najszybszego przeprowadzenia demokratycznych wybor\u00f3w parlamentarnych. Po wyborach przyj\u0105\u0142 propozycj\u0119 obj\u0119cia funkcji doradcy premiera Jana Olszewskiego, aktywnie uczestnicz\u0105c w dzia\u0142aniach na rzecz lustracji i dekomunizacji.<\/p>\n<p>Po obaleniu rz\u0105du Jana Olszewskiego przez koalicj\u0119 postkomunistyczn\u0105 powr\u00f3ci\u0142 do pracy w \u201eTygodniku Solidarno\u015b\u0107\u201d jako publicysta (w latach 1997\u20132000 pracowa\u0142 przy tworzeniu raportu ko\u0144cowego Komisji Likwidacyjnej RSW, a nast\u0119pnie w Polskiej Agencji Informacyjnej). Do przej\u015bcia na emerytur\u0119 w 2012 r. aktywno\u015b\u0107 publicystyczn\u0105 kontynuowa\u0142 w tygodniku \u201eGazeta Polska\u201d, nast\u0119pnie jako komentator niezale\u017cny.<\/p>\n<p>Od 2016 r. Krzysztof Wyszkowski jest cz\u0142onkiem Kolegium Instytutu Pami\u0119ci Narodowej. W ramach dzia\u0142alno\u015bci publicznej i naukowo-historycznej konsekwentnie anga\u017cuje si\u0119 w upami\u0119tnianie os\u00f3b i wydarze\u0144 zwi\u0105zanych z walk\u0105 o niepodleg\u0142o\u015b\u0107 i demokracj\u0119 oraz dokumentowanie najnowszej historii Polski.<\/p>\n<p>        &#13;<br \/>\n        \t        &#13;<br \/>\n        \t        &#13;<br \/>\n        &#13;<\/p>\n","protected":false},"excerpt":{"rendered":"&#13; Krzysztof Wyszkowski odznaczony Orderem Or\u0142a Bia\u0142ego 31 sierpnia 2026 r. podczas uroczysto\u015bci w Sali BHP Stoczni Gda\u0144skiej&hellip;\n","protected":false},"author":2,"featured_media":658789,"comment_status":"","ping_status":"","sticky":false,"template":"","format":"standard","meta":{"footnotes":"","_share_on_mastodon":"0"},"categories":[62712],"tags":[53498,10656,53499,53500,53501,3199,53502,43003,40677,53503,10683,53489,53504,53505,53493,53494,53495,53490,53496,53497,53506,53507,53508,53509,14268,46408,53510,53511,53512,53488,7988,690,53491,53492],"class_list":["post-658788","post","type-post","status-publish","format-standard","has-post-thumbnail","category-karol-nawrocki","tag-17-wrzesnia-1939","tag-agent","tag-ak","tag-akcja-wisla","tag-ako","tag-antysemityzm","tag-aparat-bezpieczenstwa","tag-archiwa","tag-armia-krajowa","tag-armia-krajowa-obywatelska","tag-auschwitz","tag-bep","tag-biuletyn","tag-biuro-edukacji-publicznej","tag-biuro-lustracyjne","tag-biuro-polityczne","tag-biuro-udostepniana-i-archiwizacji-dokumentow","tag-buiad","tag-cyganie","tag-czerwiec-1956","tag-czerwiec-1976","tag-czerwiec56","tag-czerwiec76","tag-delegatura-rzadu-na-kraj","tag-dokumenty","tag-dyskusja","tag-gkszpnp","tag-glowna-komisja-badania-zbrodni-hitlerowskich","tag-glowna-komisja-badania-zbrodni-niemieckich","tag-instytut-pamieci-narodowej","tag-ipn","tag-karol-nawrocki","tag-kszpnp","tag-lustracja"],"share_on_mastodon":{"url":"","error":"Validation failed: Text character limit of 500 exceeded"},"_links":{"self":[{"href":"https:\/\/www.europesays.com\/pl\/wp-json\/wp\/v2\/posts\/658788","targetHints":{"allow":["GET"]}}],"collection":[{"href":"https:\/\/www.europesays.com\/pl\/wp-json\/wp\/v2\/posts"}],"about":[{"href":"https:\/\/www.europesays.com\/pl\/wp-json\/wp\/v2\/types\/post"}],"author":[{"embeddable":true,"href":"https:\/\/www.europesays.com\/pl\/wp-json\/wp\/v2\/users\/2"}],"replies":[{"embeddable":true,"href":"https:\/\/www.europesays.com\/pl\/wp-json\/wp\/v2\/comments?post=658788"}],"version-history":[{"count":0,"href":"https:\/\/www.europesays.com\/pl\/wp-json\/wp\/v2\/posts\/658788\/revisions"}],"wp:featuredmedia":[{"embeddable":true,"href":"https:\/\/www.europesays.com\/pl\/wp-json\/wp\/v2\/media\/658789"}],"wp:attachment":[{"href":"https:\/\/www.europesays.com\/pl\/wp-json\/wp\/v2\/media?parent=658788"}],"wp:term":[{"taxonomy":"category","embeddable":true,"href":"https:\/\/www.europesays.com\/pl\/wp-json\/wp\/v2\/categories?post=658788"},{"taxonomy":"post_tag","embeddable":true,"href":"https:\/\/www.europesays.com\/pl\/wp-json\/wp\/v2\/tags?post=658788"}],"curies":[{"name":"wp","href":"https:\/\/api.w.org\/{rel}","templated":true}]}}