{"id":658792,"date":"2026-08-31T23:20:40","date_gmt":"2026-08-31T23:20:40","guid":{"rendered":"https:\/\/www.europesays.com\/pl\/658792\/"},"modified":"2026-08-31T23:20:40","modified_gmt":"2026-08-31T23:20:40","slug":"jechal-motocyklem-150-km-h-w-dabrowie-bialostockiej-stracil-prawo-jazdy","status":"publish","type":"post","link":"https:\/\/www.europesays.com\/pl\/658792\/","title":{"rendered":"Jecha\u0142 motocyklem 150 km\/h w D\u0105browie Bia\u0142ostockiej. Straci\u0142 prawo jazdy"},"content":{"rendered":"\n<p>            <img decoding=\"async\" class=\"art-figimg\" src=\"https:\/\/www.europesays.com\/pl\/wp-content\/uploads\/2026\/08\/150596-e.jpg\" width=\"375\" height=\"250\" alt=\"Jecha\u0142 motocyklem 150 km\/h w D\u0105browie Bia\u0142ostockiej. Straci\u0142 prawo jazdy\" loading=\"lazy\" fetchpriority=\"high\"\/><br \/>\n            Fot: Policja Podlaska<\/p>\n<p class=\"art-lid\">Policjanci z sok\u00f3lskiej drog\u00f3wki zatrzymali do kontroli motocyklist\u0119, kt\u00f3ry znacznie przekroczy\u0142 dozwolon\u0105 pr\u0119dko\u015b\u0107. 40-letni mieszkaniec Bia\u0142egostoku jecha\u0142 Yamah\u0105 150 km\/h w miejscu, gdzie obowi\u0105zywa\u0142o ograniczenie do 60 km\/h.<\/p>\n<p class=\"art-cont\">Policjanci kontrolowali pr\u0119dko\u015b\u0107 kierowc\u00f3w w D\u0105browie Bia\u0142ostockiej. W pewnym momencie ich urz\u0105dzenie pomiarowe wskaza\u0142o, \u017ce nadje\u017cd\u017caj\u0105cy motocyklista porusza si\u0119 z pr\u0119dko\u015bci\u0105 150 km\/h.<\/p>\n<p>40-latek przekroczy\u0142 wi\u0119c dopuszczaln\u0105 pr\u0119dko\u015b\u0107 a\u017c o 90 km\/h. Funkcjonariusze zatrzymali go do kontroli.<\/p>\n<p>M\u0119\u017cczyzna powiedzia\u0142 policjantom, \u017ce chcia\u0142 po prostu przejecha\u0107 si\u0119 motocyklem. Ta przeja\u017cd\u017cka zako\u0144czy\u0142a si\u0119 jednak wysokim mandatem.<\/p>\n<p>Motocyklista zosta\u0142 ukarany mandatem w wysoko\u015bci 2500 z\u0142 oraz 15 punktami karnymi. Policjanci zatrzymali mu r\u00f3wnie\u017c prawo jazdy na trzy miesi\u0105ce.<\/p>\n<p>To kolejny kierowca, kt\u00f3ry straci\u0142 uprawnienia za przekroczenie dozwolonej pr\u0119dko\u015bci poza obszarem zabudowanym.<\/p>\n<p class=\"art-autimg\">\n<p>                            <img decoding=\"async\" class=\"art-autimgi\" src=\"https:\/\/www.europesays.com\/pl\/wp-content\/uploads\/2026\/08\/1788218439_569_avatar_1x.jpg\" alt=\"Katarzyna Kozio\u0142\" width=\"64\" height=\"64\" loading=\"lazy\"\/><\/p>\n<p class=\"art-autname\">Katarzyna Kozio\u0142<\/p>\n<p>24@bialystokonline.pl<\/p>\n<p>Przeczytaj tak\u017ce<\/p>\n<p>&#13;<br \/>\n&#13;<br \/>\n&#13;<br \/>\n<img loading=\"lazy\" decoding=\"async\" src=\"https:\/\/www.europesays.com\/pl\/wp-content\/uploads\/2026\/08\/1788218440_524_adlog.gif\" width=\"0\" height=\"0\" alt=\"\" style=\"width: 0px; height: 0px;\"\/><\/p>\n<p>Popularne dzisiaj<\/p>\n","protected":false},"excerpt":{"rendered":"Fot: Policja Podlaska Policjanci z sok\u00f3lskiej drog\u00f3wki zatrzymali do kontroli motocyklist\u0119, kt\u00f3ry znacznie przekroczy\u0142 dozwolon\u0105 pr\u0119dko\u015b\u0107. 40-letni mieszkaniec&hellip;\n","protected":false},"author":2,"featured_media":658793,"comment_status":"","ping_status":"","sticky":false,"template":"","format":"standard","meta":{"footnotes":"","_share_on_mastodon":"0"},"categories":[51614],"tags":[2151,51731,113,51730,3754,51738,19162,51735,4041,1096,1089,399,128278,17334,51736,2921,3840,51734,8736,1232,120,7116,17265,19285,42,5083,38,40,39,41,6309,1756,17861,60707,8815,38950,123,800,4278,1323,51737,2879,128279,253],"class_list":["post-658792","post","type-post","status-publish","format-standard","has-post-thumbnail","category-bialystok","tag-bialystok","tag-bialystokonline","tag-biznes","tag-bstok","tag-dom","tag-drobne","tag-drogowka","tag-firm","tag-firmy","tag-hotele","tag-imprezy","tag-informacje","tag-jechal-motocyklem-150-km-h-w-dabrowie-bialostockiej-stracil-prawo-jazdy","tag-katalog","tag-kina","tag-koncert","tag-lokale","tag-miejski","tag-mieszkanie","tag-motoryzacja","tag-nauka","tag-ogloszenia","tag-on-line","tag-online","tag-pl","tag-podlasie","tag-poland","tag-polish","tag-polska","tag-polski","tag-portal","tag-praca","tag-predkosc","tag-przekroczenie-predkosci","tag-repertuar","tag-rozklad","tag-rozrywka","tag-teatr","tag-turystyka","tag-uroda","tag-urzedy","tag-zakupy","tag-zatrzymanie-prawa-jazdydrogowka","tag-zdrowie"],"share_on_mastodon":{"url":"","error":"Validation failed: Text character limit of 500 exceeded"},"_links":{"self":[{"href":"https:\/\/www.europesays.com\/pl\/wp-json\/wp\/v2\/posts\/658792","targetHints":{"allow":["GET"]}}],"collection":[{"href":"https:\/\/www.europesays.com\/pl\/wp-json\/wp\/v2\/posts"}],"about":[{"href":"https:\/\/www.europesays.com\/pl\/wp-json\/wp\/v2\/types\/post"}],"author":[{"embeddable":true,"href":"https:\/\/www.europesays.com\/pl\/wp-json\/wp\/v2\/users\/2"}],"replies":[{"embeddable":true,"href":"https:\/\/www.europesays.com\/pl\/wp-json\/wp\/v2\/comments?post=658792"}],"version-history":[{"count":0,"href":"https:\/\/www.europesays.com\/pl\/wp-json\/wp\/v2\/posts\/658792\/revisions"}],"wp:featuredmedia":[{"embeddable":true,"href":"https:\/\/www.europesays.com\/pl\/wp-json\/wp\/v2\/media\/658793"}],"wp:attachment":[{"href":"https:\/\/www.europesays.com\/pl\/wp-json\/wp\/v2\/media?parent=658792"}],"wp:term":[{"taxonomy":"category","embeddable":true,"href":"https:\/\/www.europesays.com\/pl\/wp-json\/wp\/v2\/categories?post=658792"},{"taxonomy":"post_tag","embeddable":true,"href":"https:\/\/www.europesays.com\/pl\/wp-json\/wp\/v2\/tags?post=658792"}],"curies":[{"name":"wp","href":"https:\/\/api.w.org\/{rel}","templated":true}]}}