{"id":658800,"date":"2026-08-31T23:24:28","date_gmt":"2026-08-31T23:24:28","guid":{"rendered":"https:\/\/www.europesays.com\/pl\/658800\/"},"modified":"2026-08-31T23:24:28","modified_gmt":"2026-08-31T23:24:28","slug":"brama-nr-2-znow-sie-otworzyla-gdansk-uczcil-46-rocznice-podpisania-porozumienia-gdanskiego","status":"publish","type":"post","link":"https:\/\/www.europesays.com\/pl\/658800\/","title":{"rendered":"Brama nr 2 zn\u00f3w si\u0119 otworzy\u0142a. Gda\u0144sk uczci\u0142 46. rocznic\u0119 podpisania Porozumienia Gda\u0144skiego"},"content":{"rendered":"<p>            <a href=\"https:\/\/s-trojmiasto.pl\/zdj\/c\/n\/9\/4410\/1920x0\/4410581-Uroczyste-obchody-46-rocznicy-podpisania-Porozumien-Sierpniowych-i-powstania-NSZZ-Solidarnosc-Zlozenie-kwiatow-pod-brama-Stoczni-Gdanskiej.webp\" target=\"_blank\" data-slide-name=\"860272\" data-lightbox-target=\"photo full\" data-sub-html=\"&lt;h4&gt;Uroczyste obchody 46. rocznicy podpisania Porozumie\u0144 Sierpniowych i powstania NSZZ \u201eSolidarno\u015b\u0107&quot; - Z\u0142o\u017cenie kwiat\u00f3w pod bram\u0105 Stoczni Gda\u0144skiej &lt;\/h4&gt;&lt;p&gt;fot. Maciej Czarniak\/Trojmiasto.pl&lt;\/p&gt;&#010;\" class=\"photoMarker__link\" data-filter-brightness=\"brightness--100\" rel=\"nofollow noopener\"><\/p>\n<p>    <img decoding=\"async\" style=\"height:500px; aspect-ratio: 1.5\/1; filter:brightness(1);\" alt=\"Uroczyste obchody 46. rocznicy podpisania Porozumie\u0144 Sierpniowych i powstania NSZZ \u201eSolidarno\u015b\u0107&quot; - Z\u0142o\u017cenie kwiat\u00f3w pod bram\u0105 Stoczni Gda\u0144skiej \" src=\"https:\/\/www.europesays.com\/pl\/wp-content\/uploads\/2026\/08\/4410581-Uroczyste-obchody-46-rocznicy-podpisania-Porozumien-Sierpniowych-i-powstania.webp\" class=\"photoMarker__img \" data-slider=\"img\" fetchpriority=\"high\"\/><\/p>\n<p>            <\/a><\/p>\n<p class=\"lead\">31 sierpnia 1980 r. przy <a data-tklik=\"141189\" href=\"https:\/\/mapa.trojmiasto.pl\/#\/location\/-29.91,181.44\/map\/-29.87,181.32,5,b\" onclick=\"openMap(this.href); return false;\" target=\"_blank\" title=\"zobacz na mapie Gda\u0144ska\" rel=\"nofollow noopener\">Bramie nr 2<img decoding=\"async\" class=\"icon-map\" src=\"https:\/\/www.trojmiasto.pl\/_img\/svg\/ico-map-flat.svg\" alt=\"Mapka\"\/><\/a> zako\u0144czy\u0142 si\u0119 strajk w\u00a0Stoczni Gda\u0144skiej. W\u00a0poniedzia\u0142ek, dok\u0142adnie 46 lat p\u00f3\u017aniej, ten symboliczny moment przypomniano podczas uroczysto\u015bci na <a data-tklik=\"746468\" href=\"https:\/\/mapa.trojmiasto.pl\/#\/location\/-31.64,181.64\/map\/-31.28,181.69,5,b\" onclick=\"openMap(this.href); return false;\" target=\"_blank\" title=\"zobacz na mapie Gda\u0144ska\" rel=\"nofollow noopener\">Placu Solidarno\u015bci<img decoding=\"async\" class=\"icon-map\" src=\"https:\/\/www.trojmiasto.pl\/_img\/svg\/ico-map-flat.svg\" alt=\"Mapka\"\/><\/a>. W\u00a0miejscu, kt\u00f3re sta\u0142o si\u0119 jednym z\u00a0najwa\u017cniejszych symboli narodzin Solidarno\u015bci, <a href=\"https:\/\/www.trojmiasto.pl\/dom\/Spot-i1639.html\" class=\"parse-link\" title=\"Spot\" rel=\"nofollow noopener\" target=\"_blank\">spotkali<\/a> si\u0119 mieszka\u0144cy, dzia\u0142acze opozycji, uczestnicy sierpniowego strajku oraz przedstawiciele w\u0142adz.<\/p>\n<p>                                tak, to wa\u017cna cz\u0119\u015b\u0107 mojej to\u017csamo\u015bci<br \/>\n                                61%<\/p>\n<p>                                znam je g\u0142\u00f3wnie z lekcji historii<br \/>\n                                20%<\/p>\n<p>                                nie, to dla mnie odleg\u0142a przesz\u0142o\u015b\u0107<br \/>\n                                19%<\/p>\n<p>Aktualizacja 17:30<\/p>\n<p>Popo\u0142udniowe uroczysto\u015bci na Placu Solidarno\u015bci odby\u0142y si\u0119 z\u00a0udzia\u0142em prezydenta Karola Nawrockiego. G\u0142owa pa\u0144stwa wraz z\u00a0Joann\u0105 i\u00a0<a href=\"https:\/\/www.trojmiasto.pl\/wiadomosci\/Andrzej-Gwiazda-o112.html\" class=\"parse-link\" title=\"Andrzej Gwiazda\" rel=\"nofollow noopener\" target=\"_blank\">Andrzejem Gwiazdami<\/a> z\u0142o\u017cy\u0142 kwiaty na Bramie Nr 2 Stoczni Gda\u0144skiej.<\/p>\n<p>Wcze\u015bniej prezydent wzi\u0105\u0142 udzia\u0142 w\u00a0uroczystym posiedzeniu Zarz\u0105du Regionu Gda\u0144skiego NSZZ &#8222;Solidarno\u015b\u0107&#8221; w\u00a0historycznej <a data-tklik=\"7965\" href=\"https:\/\/mapa.trojmiasto.pl\/#\/location\/-25.99,179.09\/map\/-26.03,178.89,5,b\" onclick=\"openMap(this.href); return false;\" target=\"_blank\" title=\"zobacz na mapie Gda\u0144ska\" rel=\"nofollow noopener\">Sali BHP Stoczni Gda\u0144skiej<img decoding=\"async\" class=\"icon-map\" src=\"https:\/\/www.trojmiasto.pl\/_img\/svg\/ico-map-flat.svg\" alt=\"Mapka\"\/><\/a>.<\/p>\n<p>Podczas uroczysto\u015bci Prezydent RP nada\u0142 Order Or\u0142a Bia\u0142ego &#8211; najwy\u017csze polskie odznaczenie pa\u0144stwowe &#8211; <a href=\"https:\/\/www.trojmiasto.pl\/wiadomosci\/Krzysztof-Wyszkowski-o113.html\" class=\"parse-link\" title=\"Krzysztof Wyszkowski\" rel=\"nofollow noopener\" target=\"_blank\">Krzysztofowi Wyszkowskiemu<\/a>, dzia\u0142aczowi opozycji antykomunistycznej.<\/p>\n<p>&#8211; &#8222;Solidarno\u015b\u0107&#8221;, protesty i\u00a0strajki by\u0142y g\u0142osem narodu polskiego o\u00a0godno\u015b\u0107 i\u00a0niepodleg\u0142o\u015b\u0107. G\u0142osem, kt\u00f3ry pokaza\u0142, jak naga jest komunistyczna propaganda, pogarda, ca\u0142y komunistyczny ustr\u00f3j po 1945 roku &#8211; m\u00f3wi\u0142 Karol Nawrocki.<\/p>\n<p>31 sierpnia 1980 r. podpisano Porozumienia Sierpniowe<\/p>\n<p>31 sierpnia 1980 r., po podpisaniu Porozumienia Gda\u0144skiego, robotnicy mogli opu\u015bci\u0107 zak\u0142ad, a\u00a0zamkni\u0119ta wcze\u015bniej brama otworzy\u0142a si\u0119, \u0142\u0105cz\u0105c ludzi stoj\u0105cych po obu jej stronach.<\/p>\n<p>Symboliczne otwarcie Bramy nr 2 nawi\u0105za\u0142o do wydarze\u0144 z\u00a031 sierpnia 1980 r. To w\u0142a\u015bnie st\u0105d <a href=\"https:\/\/www.trojmiasto.pl\/wiadomosci\/Lech-Walesa-o8.html\" class=\"parse-link\" title=\"Lech Wa\u0142\u0119sa\" rel=\"nofollow noopener\" target=\"_blank\">Lech Wa\u0142\u0119sa<\/a> og\u0142osi\u0142 w\u00f3wczas zako\u0144czenie strajku i\u00a0podpisanie Porozumie\u0144 Sierpniowych.<\/p>\n<p>Przez osiemna\u015bcie dni sierpniowego protestu przed zamkni\u0119t\u0105 bram\u0105 gromadzi\u0142y si\u0119 tysi\u0105ce mieszka\u0144c\u00f3w Gda\u0144ska, wspieraj\u0105cych strajkuj\u0105cych robotnik\u00f3w. By\u0142a ona miejscem spotkania ludzi znajduj\u0105cych si\u0119 po obu stronach stoczniowego muru.<\/p>\n<p>                <img decoding=\"async\" class=\"darkHidden\" loading=\"lazy\" src=\"https:\/\/s-trojmiasto.pl\/build\/assets\/svg\/reactions\/default.svg\" alt=\"Dodaj reakcj\u0119\"\/><br \/>\n                <img decoding=\"async\" class=\"lightHidden\" loading=\"lazy\" src=\"https:\/\/s-trojmiasto.pl\/build\/assets\/svg\/reactions\/default_inverted.svg\" alt=\"Dodaj reakcj\u0119\"\/><\/p>\n<p>Brama nr 2 zn\u00f3w zosta\u0142a otwarta<\/p>\n<p>O godz. 12 przed historyczn\u0105 bram\u0105 rozpocz\u0105\u0142 si\u0119 rytua\u0142 wsp\u00f3lnotowego ukwiecenia. W\u00a0wydarzeniu wzi\u0119li udzia\u0142 m.in. uczestnicy strajku, dzia\u0142acze opozycji oraz sygnatariusze Porozumienia Gda\u0144skiego.<\/p>\n<p>                <a href=\"https:\/\/ogloszenia.trojmiasto.pl\/ksiazki-i-podreczniki\/k1i,1.html\" data-tklik=\"238776\" rel=\"nofollow noopener\" target=\"_blank\"><br \/>\n                    Wi\u0119cej w serwisie Og\u0142oszenia<br \/>\n                    (192)<\/p>\n<p>                <\/a><\/p>\n<p>     Po uroczystym od\u015bpiewaniu hymnu Polski przemawiali m.in. <a href=\"https:\/\/www.trojmiasto.pl\/wiadomosci\/Bogdan-Borusewicz-o48.html\" class=\"parse-link\" title=\"Bogdan  Borusewicz\" rel=\"nofollow noopener\" target=\"_blank\">Bogdan Borusewicz<\/a> oraz Henryka Krzywonos-Strycharska, a\u00a0tak\u017ce wojewoda pomorska Beata Rutkiewicz i\u00a0prezydent Gda\u0144ska Aleksandra Dulkiewicz.<\/p>\n<p>&#8222;Otworzyli\u015bmy t\u0119 bram\u0119 dla ca\u0142ej Europy i\u00a0\u015bwiata&#8221;<\/p>\n<p>Bogdan Borusewicz zwr\u00f3ci\u0142 uwag\u0119, \u017ce mimo up\u0142ywu lat pami\u0119\u0107 o\u00a0wydarzeniach Sierpnia &#8217;80 wci\u0105\u017c jest \u017cywa.<\/p>\n<p>&#8211; Zawsze mam obawy, \u017ce co roku b\u0119dzie przychodzi\u0142o mniej ludzi. Okazuje si\u0119, \u017ce nie. Jest odwrotnie. Jest coraz wi\u0119cej. T\u0119 bram\u0119 symbolicznie b\u0119dziemy otwiera\u0107, bo t\u0119 bram\u0119 w\u0142a\u015bnie otworzyli\u015bmy 31 sierpnia 1980 r. dla ca\u0142ej Europy i\u00a0ca\u0142ego \u015bwiata. A\u00a0potem nie pozwolili\u015bmy jej zamkn\u0105\u0107 &#8211; m\u00f3wi\u0142 Bogdan Borusewicz, jeden z\u00a0organizator\u00f3w strajku w\u00a0Stoczni Gda\u0144skiej w\u00a0sierpniu 1980 r. i\u00a0dzia\u0142acz opozycji demokratycznej.<br \/>Jak podkre\u015bla\u0142, otwarcie bramy by\u0142o symbolem odzyskiwania wolno\u015bci.<\/p>\n<p>&#8211; To otwarcie jest symboliczne. Na wolno\u015b\u0107. Bo przecie\u017c wolno\u015b\u0107 jest najwa\u017cniejsza. Wtedy odzyskali\u015bmy kawa\u0142ek tej wolno\u015bci, a\u00a0potem walczyli\u015bmy o\u00a0wi\u0119cej &#8211; m\u00f3wi\u0142 Borusewicz.<br \/>Henryka Krzywonos-Strycharska, jedna z\u00a0sygnatariuszek Porozumienia Gda\u0144skiego i\u00a0uczestniczka sierpniowego strajku, poprosi\u0142a o\u00a0uczczenie minut\u0105 ciszy nie\u017cyj\u0105cych ju\u017c kobiet zwi\u0105zanych z\u00a0Solidarno\u015bci\u0105.<\/p>\n<p>                <a href=\"https:\/\/ogloszenia.trojmiasto.pl\/nieruchomosci-mam-do-wynajecia\/bi,1,d1i,1,stn,941.html\" data-tklik=\"235612\" rel=\"nofollow noopener\" target=\"_blank\"><br \/>\n                    Wi\u0119cej w serwisie Og\u0142oszenia<br \/>\n                    (934)<\/p>\n<p>                <\/a><\/p>\n<p>Wspomnia\u0142a m.in. <a href=\"https:\/\/www.trojmiasto.pl\/wiadomosci\/Anna-Walentynowicz-o111.html\" class=\"parse-link\" title=\"Anna Walentynowicz\" rel=\"nofollow noopener\" target=\"_blank\">Ann\u0119 Walentynowicz<\/a> i\u00a0Alin\u0119 Pienkowsk\u0105, a\u00a0tak\u017ce inne uczestniczki wydarze\u0144 z\u00a0sierpnia 1980 roku.<\/p>\n<p>&#8211; Chcia\u0142am dzisiaj serdecznie podzi\u0119kowa\u0107 wszystkim, kt\u00f3rzy byli pod t\u0105 bram\u0105. Wszystkim, kt\u00f3rzy byli za bram\u0105, razem z\u00a0nami. Dzi\u0119kuj\u0119 r\u00f3wnie\u017c Lechowi Wa\u0142\u0119sie, kt\u00f3ry nie m\u00f3g\u0142 dzisiaj tutaj z\u00a0nami by\u0107 &#8211; m\u00f3wi\u0142a.<br \/>Tegoroczne obchody by\u0142y r\u00f3wnie\u017c okazj\u0105 do przypomnienia 50. rocznicy powstania Komitetu Obrony Robotnik\u00f3w. KOR by\u0142 jedn\u0105 z\u00a0najwa\u017cniejszych organizacji opozycyjnych w\u00a0PRL i\u00a0odegra\u0142 istotn\u0105 rol\u0119 w\u00a0tworzeniu \u015brodowisk, z\u00a0kt\u00f3rych kilka lat p\u00f3\u017aniej wyros\u0142a Solidarno\u015b\u0107.<\/p>\n<p><a href=\"https:\/\/www.trojmiasto.pl\/wiadomosci\/Rocznica-Sierpnia-80-w-Gdansku-Spacery-debaty-wystawy-i-spotkania-n224757.html\" data-tklik=\"193791\" class=\"marker-news component newsMarker\" rel=\"nofollow noopener\" target=\"_blank\"><br \/>\n            <img decoding=\"async\" src=\"https:\/\/www.europesays.com\/pl\/wp-content\/uploads\/2026\/08\/4405804__c_113_97_703_492__kr.webp\" alt=\"Rocznica Sierpnia '80 w Gda\u0144sku. Spacery, debaty, wystawy i spotkania\" class=\"lazy newsMarker__img\"\/><br \/>\n        Rocznica Sierpnia &#8217;80 w Gda\u0144sku. Spacery, debaty, wystawy i spotkania<br \/>\n<\/a><\/p>\n<p><\/p>\n<p>Obchody na Anio\u0142kach i\u00a0w ECS<\/p>\n<p>Jeszcze przed uroczysto\u015bci\u0105 przy Bramie nr 2 odby\u0142o si\u0119 nadanie imienia Olgi Krzy\u017canowskiej parkowi w\u00a0dzielnicy <a href=\"https:\/\/www.trojmiasto.pl\/dom\/Aniolki-i1686.html\" class=\"parse-link\" title=\"Anio\u0142ki\" rel=\"nofollow noopener\" target=\"_blank\">Anio\u0142ki<\/a>.<\/p>\n<p>Olga Krzy\u017canowska by\u0142a powstank\u0105 warszawsk\u0105, lekark\u0105, dzia\u0142aczk\u0105 Solidarno\u015bci, pos\u0142ank\u0105, wicemarsza\u0142kini\u0105 Sejmu i\u00a0senatork\u0105. W\u00a0latach 50. i\u00a060. mieszka\u0142a na Anio\u0142kach i\u00a0by\u0142a absolwentk\u0105 gda\u0144skiej <a href=\"https:\/\/www.trojmiasto.pl\/Gdanski-Uniwersytet-Medyczny-o687.html\" class=\"parse-link\" title=\"Akademia Medyczna w Gda\u0144sku\" rel=\"nofollow noopener\" target=\"_blank\">Akademii Medycznej<\/a>.<\/p>\n<p>Po po\u0142udniu obchody przenios\u0142y si\u0119 do <a href=\"https:\/\/www.trojmiasto.pl\/Europejskie-Centrum-Solidarnosci-o24138.html\" data-tklik=\"184470\" rel=\"nofollow noopener\" target=\"_blank\">Europejskiego Centrum Solidarno\u015bci<\/a>. Zaplanowano tam m.in. wr\u0119czenie Odznak Solidarno\u015bci i\u00a0Praw Cz\u0142owieka ECS oraz rozmow\u0119 po\u015bwi\u0119con\u0105 50. rocznicy powstania Komitetu Obrony Robotnik\u00f3w.<\/p>\n<p>                                    <a data-tklik=\"95003\" href=\"https:\/\/katalog.trojmiasto.pl\/turystyka_i_noclegi\/muzea\/\" rel=\"nofollow noopener\" target=\"_blank\"><br \/>\n                                                    Katalog.trojmiasto.pl \u2013<br \/>\n                                                                    Muzea i obiekty historyczne w Tr\u00f3jmie\u015bcie<br \/>\n                                                                    <\/a><\/p>\n<p>                <a data-tklik=\"95003\" href=\"https:\/\/katalog.trojmiasto.pl\/turystyka_i_noclegi\/muzea\/\" rel=\"nofollow noopener\" target=\"_blank\"><br \/>\n                    wi\u0119cej<\/p>\n<p>                <\/a><\/p>\n<p>Udzia\u0142 prezydenta w\u00a0obchodach sierpniowych<\/p>\n<p>Do Gda\u0144ska przyjedzie tak\u017ce prezydent RP Karol Nawrocki, kt\u00f3ry we\u017amie udzia\u0142 w\u00a0uroczystym posiedzeniu <a href=\"https:\/\/www.trojmiasto.pl\/NSZZ-Solidarnosc-o34629.html\" data-tklik=\"141793\" rel=\"nofollow noopener\" target=\"_blank\">Zarz\u0105du Regionu Gda\u0144skiego NSZZ &#8222;Solidarno\u015b\u0107&#8221;<\/a> w\u00a0<a data-tklik=\"7965\" href=\"https:\/\/mapa.trojmiasto.pl\/#\/location\/-25.99,179.09\/map\/-26.03,178.89,5,b\" onclick=\"openMap(this.href); return false;\" target=\"_blank\" title=\"zobacz na mapie Gda\u0144ska\" rel=\"nofollow noopener\">Sali BHP Stoczni Gda\u0144skiej<img decoding=\"async\" class=\"icon-map\" src=\"https:\/\/www.trojmiasto.pl\/_img\/svg\/ico-map-flat.svg\" alt=\"Mapka\"\/><\/a>.<\/p>\n<p>Nast\u0119pnie o\u00a0godz. 16 Karol Nawrocki z\u0142o\u017cy kwiaty pod Bram\u0105 nr 2 Stoczni Gda\u0144skiej. Obchody zako\u0144czy msza \u015bwi\u0119ta, kt\u00f3ra o\u00a0godz. 18 rozpocznie si\u0119 w\u00a0<a href=\"https:\/\/www.trojmiasto.pl\/Bazylika-Sw-Brygidy-o3028.html\" data-tklik=\"967611\" rel=\"nofollow noopener\" target=\"_blank\">Bazylice \u015bw. Brygidy<\/a>.\n                <\/p>\n","protected":false},"excerpt":{"rendered":"31 sierpnia 1980 r. przy Bramie nr 2 zako\u0144czy\u0142 si\u0119 strajk w\u00a0Stoczni Gda\u0144skiej. W\u00a0poniedzia\u0142ek, dok\u0142adnie 46 lat p\u00f3\u017aniej,&hellip;\n","protected":false},"author":2,"featured_media":658801,"comment_status":"","ping_status":"","sticky":false,"template":"","format":"standard","meta":{"footnotes":"","_share_on_mastodon":"0"},"categories":[51610],"tags":[34793,74513,1048,1064,3803,13347,42,54232,38,40,39,41,128280,45617,6008,7870,1063,42963,9070,31117,6607,2436],"class_list":["post-658800","post","type-post","status-publish","format-standard","has-post-thumbnail","category-gdansk","tag-brama","tag-dzialacz","tag-gdansk","tag-gdynia","tag-mieszkaniec","tag-opozycja","tag-pl","tag-plac-solidarnosci","tag-poland","tag-polish","tag-polska","tag-polski","tag-porozumienie-gdanskie","tag-przedstawiciel","tag-rocznica","tag-solidarnosc","tag-sopot","tag-stocznia-gdanska","tag-strajk","tag-uczestnik","tag-uroczystosc","tag-wladza"],"share_on_mastodon":{"url":"https:\/\/pubeurope.com\/@pl\/117192706290898950","error":""},"_links":{"self":[{"href":"https:\/\/www.europesays.com\/pl\/wp-json\/wp\/v2\/posts\/658800","targetHints":{"allow":["GET"]}}],"collection":[{"href":"https:\/\/www.europesays.com\/pl\/wp-json\/wp\/v2\/posts"}],"about":[{"href":"https:\/\/www.europesays.com\/pl\/wp-json\/wp\/v2\/types\/post"}],"author":[{"embeddable":true,"href":"https:\/\/www.europesays.com\/pl\/wp-json\/wp\/v2\/users\/2"}],"replies":[{"embeddable":true,"href":"https:\/\/www.europesays.com\/pl\/wp-json\/wp\/v2\/comments?post=658800"}],"version-history":[{"count":0,"href":"https:\/\/www.europesays.com\/pl\/wp-json\/wp\/v2\/posts\/658800\/revisions"}],"wp:featuredmedia":[{"embeddable":true,"href":"https:\/\/www.europesays.com\/pl\/wp-json\/wp\/v2\/media\/658801"}],"wp:attachment":[{"href":"https:\/\/www.europesays.com\/pl\/wp-json\/wp\/v2\/media?parent=658800"}],"wp:term":[{"taxonomy":"category","embeddable":true,"href":"https:\/\/www.europesays.com\/pl\/wp-json\/wp\/v2\/categories?post=658800"},{"taxonomy":"post_tag","embeddable":true,"href":"https:\/\/www.europesays.com\/pl\/wp-json\/wp\/v2\/tags?post=658800"}],"curies":[{"name":"wp","href":"https:\/\/api.w.org\/{rel}","templated":true}]}}