{"id":658808,"date":"2026-08-31T23:29:24","date_gmt":"2026-08-31T23:29:24","guid":{"rendered":"https:\/\/www.europesays.com\/pl\/658808\/"},"modified":"2026-08-31T23:29:24","modified_gmt":"2026-08-31T23:29:24","slug":"nowe-przepisy-namieszaja-w-zuzlu-polska-i-szwecja-juz-sie-dogadaly","status":"publish","type":"post","link":"https:\/\/www.europesays.com\/pl\/658808\/","title":{"rendered":"Nowe przepisy namieszaj\u0105 w \u017cu\u017clu? Polska i Szwecja ju\u017c si\u0119 dogada\u0142y"},"content":{"rendered":"\n<p class=\"contentpart contentpart--default contentpart--text\" data-position=\"0\">Polski \u017cu\u017cel od lat jest najwa\u017cniejszym punktem odniesienia dla zawodnik\u00f3w z ca\u0142ego \u015bwiata. <a href=\"https:\/\/sportowefakty.wp.pl\/zuzel\/pge-ekstraliga\" rel=\"nofollow noopener\" target=\"_blank\">PGE Ekstraliga<\/a>\u00a0oraz <a href=\"https:\/\/sportowefakty.wp.pl\/zuzel\/i-liga\" rel=\"nofollow noopener\" target=\"_blank\">Metalkas 2. Ekstraliga<\/a>\u00a0przyci\u0105gaj\u0105 najwi\u0119ksze nazwiska, a mo\u017cliwo\u015b\u0107 start\u00f3w w Polsce jest dla wielu \u017cu\u017clowc\u00f3w jednym z kluczowych element\u00f3w ich sezonowego kalendarza.<\/p>\n<p class=\"contentpart contentpart--default contentpart--text\" data-position=\"1\">Jednocze\u015bnie w europejskim \u017cu\u017clu coraz mocniej widoczny jest trend ochrony krajowych rozgrywek. Dwie najwy\u017csze ligi w Polsce planuj\u0105 ograniczy\u0107 mo\u017cliwo\u015b\u0107 start\u00f3w swoich zawodnik\u00f3w poza krajem do jednej dodatkowej zagranicznej ligi.<\/p>\n<p>  <img decoding=\"async\" src=\"https:\/\/v.wpimg.pl\/X3dwLnN2d1IFFTpdYUl6R0ZNbgcnEHQREVV2TGEGbUtRT2MdOlZ2RBQUKABgQjQcDRotCStBd1IAAWMeIlM7VgwYIAorQAdEFFk_GCkQJQ\" alt=\"\" width=\"45\" height=\"58\" loading=\"lazy\"\/>  <\/p>\n<p class=\"contentpart contentpart--default contentpart--text\" data-position=\"2\">ZOBACZ WIDEO: Magazyn PGE Ekstraligi. Go\u015bcie: St\u0119pniewski, Chomski<\/p>\n<p class=\"contentpart contentpart--default contentpart--text\" data-position=\"4\">Dla Szwecji mog\u0142o to oznacza\u0107 powa\u017cny problem. Gdyby wielu zawodnik\u00f3w musia\u0142o wybiera\u0107 pomi\u0119dzy poszczeg\u00f3lnymi ligami, dost\u0119pno\u015b\u0107 \u017cu\u017clowc\u00f3w dla <a href=\"https:\/\/sportowefakty.wp.pl\/zuzel\/elitserien\" rel=\"nofollow noopener\" target=\"_blank\">Bauhaus-Ligan<\/a>\u00a0mog\u0142aby znacz\u0105co si\u0119 zmniejszy\u0107.<\/p>\n<p>Polska i Szwecja podpisa\u0142y trzyletnie porozumienie<\/p>\n<p class=\"contentpart contentpart--default contentpart--text\" data-position=\"6\">W sprawie rozpocz\u0119to rozmowy pomi\u0119dzy przedstawicielami lig i federacji ze Szwecji, Polski, Wielkiej Brytanii oraz Danii. Ostatecznie porozumienie uda\u0142o si\u0119 osi\u0105gn\u0105\u0107 pomi\u0119dzy Polsk\u0105 a Szwecj\u0105.<\/p>\n<p>  <img decoding=\"async\" src=\"https:\/\/v.wpimg.pl\/X3dwLnN2d1IFFTpdYUl6R0ZNbgcnEHQREVV2TGEGbUtRT2MdOlZ2RBQUKABgQjQcDRotCStBd1IAAWMeIlM7VgwYIAorQAdEFFk_GCkQJQ\" alt=\"\" width=\"45\" height=\"58\" loading=\"lazy\"\/>  <\/p>\n<p class=\"contentpart contentpart--default contentpart--text\" data-position=\"7\">Umowa b\u0119dzie obowi\u0105zywa\u0107 przez trzy lata i ma zabezpieczy\u0107 mo\u017cliwo\u015b\u0107 start\u00f3w zawodnik\u00f3w w obu krajach. &#8211;\u00a0Dzi\u0119ki porozumieniu zawodnicy w polskich ligach b\u0119d\u0105 mogli startowa\u0107 w Szwecji, nawet je\u015bli jednocze\u015bnie zdecyduj\u0105 si\u0119 na rywalizacj\u0119 w jeszcze jednej zagranicznej lidze &#8211; t\u0142umaczy Krister Gardell, dyrektor ds. sportowych Track Racing w <a href=\"https:\/\/sportowefakty.wp.pl\/zuzel\/svemo\" rel=\"nofollow noopener\" target=\"_blank\">SVEMO<\/a>.<\/p>\n<p class=\"contentpart contentpart--default contentpart--text\" data-position=\"8\">To oznacza, \u017ce zawodnik b\u0119dzie m\u00f3g\u0142 w praktyce po\u0142\u0105czy\u0107 wyst\u0119py w Polsce, Szwecji i Wielkiej Brytanii. Mo\u017cliwy b\u0119dzie r\u00f3wnie\u017c wariant Polska-Szwecja-Dania. Nie b\u0119dzie natomiast mo\u017cliwo\u015bci jednoczesnego \u0142\u0105czenia start\u00f3w w Wielkiej Brytanii i Danii. Oba kraje zdecydowa\u0142y si\u0119 bowiem pozosta\u0107 poza zawartym porozumieniem.<\/p>\n<p>Wa\u017cny warunek dla Bauhaus-Ligan<\/p>\n<p class=\"contentpart contentpart--default contentpart--text\" data-position=\"10\">Szwedzi r\u00f3wnie\u017c zobowi\u0105zali si\u0119 do konkretnego rozwi\u0105zania. W najwy\u017cszej klasie rozgrywkowej ka\u017cdy zesp\u00f3\u0142 b\u0119dzie musia\u0142 mie\u0107 w sk\u0142adzie co najmniej dw\u00f3ch zawodnik\u00f3w do lat 21. Przynajmniej jeden z nich musi posiada\u0107 szwedzk\u0105 licencj\u0119.<\/p>\n<p>  <img decoding=\"async\" src=\"https:\/\/v.wpimg.pl\/X3dwLnN2d1IFFTpdYUl6R0ZNbgcnEHQREVV2TGEGbUtRT2MdOlZ2RBQUKABgQjQcDRotCStBd1IAAWMeIlM7VgwYIAorQAdEFFk_GCkQJQ\" alt=\"\" width=\"45\" height=\"58\" loading=\"lazy\"\/>  <\/p>\n<p class=\"contentpart contentpart--default contentpart--text\" data-position=\"11\">To istotny element ca\u0142ej umowy, poniewa\u017c Szwedzi nie chc\u0105 jedynie zagwarantowa\u0107 sobie dost\u0119pu do zagranicznych zawodnik\u00f3w. Jednocze\u015bnie zamierzaj\u0105 zwi\u0119ksza\u0107 liczb\u0119 m\u0142odych krajowych \u017cu\u017clowc\u00f3w pojawiaj\u0105cych si\u0119 na najwy\u017cszym poziomie.<\/p>\n<p class=\"contentpart contentpart--default contentpart--text\" data-position=\"12\">Dla Szwecji jest to szczeg\u00f3lnie istotne w kontek\u015bcie problem\u00f3w z liczb\u0105 zawodnik\u00f3w prezentuj\u0105cych poziom pozwalaj\u0105cy na regularn\u0105 rywalizacj\u0119 w najwy\u017cszej klasie rozgrywkowej. Z jednej strony tamtejszy \u017cu\u017cel potrzebuje zagranicznych \u017cu\u017clowc\u00f3w, z drugiej chce stworzy\u0107 lepsze warunki do rozwoju w\u0142asnych talent\u00f3w.<\/p>\n<p>Nowe porozumienie ma pozwoli\u0107 pogodzi\u0107 oba cele<\/p>\n<p class=\"contentpart contentpart--default contentpart--text\" data-position=\"14\">Osi\u0105gni\u0119te porozumienie jest elementem wi\u0119kszych zmian, kt\u00f3re czekaj\u0105 europejski \u017cu\u017cel. Poszczeg\u00f3lne federacje coraz mocniej zwracaj\u0105 uwag\u0119 na rozw\u00f3j w\u0142asnych zawodnik\u00f3w i atrakcyjno\u015b\u0107 krajowych lig.<\/p>\n<p>  <img decoding=\"async\" src=\"https:\/\/v.wpimg.pl\/X3dwLnN2d1IFFTpdYUl6R0ZNbgcnEHQREVV2TGEGbUtRT2MdOlZ2RBQUKABgQjQcDRotCStBd1IAAWMeIlM7VgwYIAorQAdEFFk_GCkQJQ\" alt=\"\" width=\"45\" height=\"58\" loading=\"lazy\"\/>  <\/p>\n<p class=\"contentpart contentpart--default contentpart--text\" data-position=\"15\">Polska pozostaje jednak kluczowym rynkiem dla \u015bwiatowej czo\u0142\u00f3wki. Dlatego regulacje dotycz\u0105ce mo\u017cliwo\u015bci \u0142\u0105czenia start\u00f3w w poszczeg\u00f3lnych pa\u0144stwach mog\u0105 mie\u0107 bardzo du\u017ce znaczenie dla budowania sk\u0142ad\u00f3w na kolejne sezony.<\/p>\n<p class=\"contentpart contentpart--default contentpart--text\" data-position=\"16\">Trzyletnia umowa Polski i Szwecji ma w tej sytuacji zapewni\u0107 obu stronom wi\u0119ksz\u0105 stabilno\u015b\u0107. Dla Szwed\u00f3w szczeg\u00f3lnie wa\u017cne jest to, \u017ce nie zostan\u0105 odci\u0119ci od zawodnik\u00f3w zwi\u0105zanych z polskimi ligami.<\/p>\n","protected":false},"excerpt":{"rendered":"Polski \u017cu\u017cel od lat jest najwa\u017cniejszym punktem odniesienia dla zawodnik\u00f3w z ca\u0142ego \u015bwiata. PGE Ekstraliga\u00a0oraz Metalkas 2. Ekstraliga\u00a0przyci\u0105gaj\u0105&hellip;\n","protected":false},"author":2,"featured_media":658809,"comment_status":"","ping_status":"","sticky":false,"template":"","format":"standard","meta":{"footnotes":"","_share_on_mastodon":"0"},"categories":[12],"tags":[13248,979,1334,42,38,40,39,41,128282,547,174,10524,23757],"class_list":["post-658808","post","type-post","status-publish","format-standard","has-post-thumbnail","category-polska","tag-bauhaus-ligan","tag-metalkas-2-ekstraliga","tag-pge-ekstraliga","tag-pl","tag-poland","tag-polish","tag-polska","tag-polski","tag-svemo","tag-szwecja","tag-zuzel","tag-zuzel-w-europie","tag-zuzel-w-szwecji"],"share_on_mastodon":{"url":"https:\/\/pubeurope.com\/@pl\/117192726055044683","error":""},"_links":{"self":[{"href":"https:\/\/www.europesays.com\/pl\/wp-json\/wp\/v2\/posts\/658808","targetHints":{"allow":["GET"]}}],"collection":[{"href":"https:\/\/www.europesays.com\/pl\/wp-json\/wp\/v2\/posts"}],"about":[{"href":"https:\/\/www.europesays.com\/pl\/wp-json\/wp\/v2\/types\/post"}],"author":[{"embeddable":true,"href":"https:\/\/www.europesays.com\/pl\/wp-json\/wp\/v2\/users\/2"}],"replies":[{"embeddable":true,"href":"https:\/\/www.europesays.com\/pl\/wp-json\/wp\/v2\/comments?post=658808"}],"version-history":[{"count":0,"href":"https:\/\/www.europesays.com\/pl\/wp-json\/wp\/v2\/posts\/658808\/revisions"}],"wp:featuredmedia":[{"embeddable":true,"href":"https:\/\/www.europesays.com\/pl\/wp-json\/wp\/v2\/media\/658809"}],"wp:attachment":[{"href":"https:\/\/www.europesays.com\/pl\/wp-json\/wp\/v2\/media?parent=658808"}],"wp:term":[{"taxonomy":"category","embeddable":true,"href":"https:\/\/www.europesays.com\/pl\/wp-json\/wp\/v2\/categories?post=658808"},{"taxonomy":"post_tag","embeddable":true,"href":"https:\/\/www.europesays.com\/pl\/wp-json\/wp\/v2\/tags?post=658808"}],"curies":[{"name":"wp","href":"https:\/\/api.w.org\/{rel}","templated":true}]}}