{"id":658872,"date":"2026-09-01T00:19:51","date_gmt":"2026-09-01T00:19:51","guid":{"rendered":"https:\/\/www.europesays.com\/pl\/658872\/"},"modified":"2026-09-01T00:19:51","modified_gmt":"2026-09-01T00:19:51","slug":"bialostockie-placowki-po-remontach-miasto-wydalo-miliony-aktualnosci-wiadomosci-bialystok-online-portal-miejski-bialystok-bialystok","status":"publish","type":"post","link":"https:\/\/www.europesays.com\/pl\/658872\/","title":{"rendered":"Bia\u0142ostockie plac\u00f3wki po remontach. Miasto wyda\u0142o miliony, Aktualno\u015bci, Wiadomo\u015bci Bia\u0142ystok Online Portal Miejski Bia\u0142ystok (Bialystok)"},"content":{"rendered":"\n<p>            <img decoding=\"async\" class=\"art-figimg\" src=\"https:\/\/www.europesays.com\/pl\/wp-content\/uploads\/2026\/09\/150583-e.jpg\" width=\"375\" height=\"250\" alt=\"Bia\u0142ostockie plac\u00f3wki po remontach. Miasto wyda\u0142o miliony\" loading=\"lazy\" fetchpriority=\"high\"\/><br \/>\n            Fot: UM Bia\u0142ystok \/ Marcin Jakowiak<\/p>\n<p class=\"art-lid\">Prawie 15 mln z\u0142 wyda\u0142 Bia\u0142ystok na wakacyjne remonty szk\u00f3\u0142 i przedszkoli. Prace prowadzono w 95 proc. miejskich plac\u00f3wek. Odnowiono m.in. sale, korytarze, \u0142azienki i place zabaw, a w kilku szko\u0142ach zakres rob\u00f3t by\u0142 znacznie wi\u0119kszy.<\/p>\n<p class=\"art-cont\">Wakacje to nie tylko czas odpoczynku dla uczni\u00f3w, ale tak\u017ce intensywnych prac w bia\u0142ostockich plac\u00f3wkach o\u015bwiatowych. W tym roku remonty i modernizacje przeprowadzono w zdecydowanej wi\u0119kszo\u015bci miejskich szk\u00f3\u0142 i przedszkoli. Na ten cel z bud\u017cetu Bia\u0142egostoku przeznaczono prawie 15 mln z\u0142.<\/p>\n<p>Remonty obj\u0119\u0142y zar\u00f3wno niewielkie prace od\u015bwie\u017caj\u0105ce, jak malowanie \u015bcian czy cyklinowanie parkiet\u00f3w, jak i wi\u0119ksze inwestycje zwi\u0105zane z modernizacj\u0105 budynk\u00f3w oraz ich otoczenia.<\/p>\n<p>Remonty w 95 proc. miejskich plac\u00f3wek<\/p>\n<p>W tym roku \u015brodki na remonty otrzyma\u0142o 95 proc. miejskich plac\u00f3wek edukacyjnych. Pieni\u0105dze trafi\u0142y do 47 przedszkoli, 38 szk\u00f3\u0142 podstawowych, 26 szk\u00f3\u0142 ponadpodstawowych oraz 7 innych jednostek o\u015bwiatowych.<\/p>\n<p>Zakres prac by\u0142 r\u00f3\u017cny w zale\u017cno\u015bci od potrzeb poszczeg\u00f3lnych plac\u00f3wek. W ramach wakacyjnych remont\u00f3w od\u015bwie\u017cano pomieszczenia, cyklinowano parkiety, wymieniano armatur\u0119 sanitarn\u0105 i uk\u0142adano nowe p\u0142ytki. Prowadzono r\u00f3wnie\u017c wi\u0119ksze prace na zewn\u0105trz budynk\u00f3w, m.in. modernizowano place zabaw i zagospodarowywano tereny wok\u00f3\u0142 szk\u00f3\u0142.<\/p>\n<p>\u2013 Wi\u0119kszo\u015b\u0107 remont\u00f3w w o\u015bwiatowych plac\u00f3wkach samorz\u0105dowych przeprowadzamy podczas wakacji, poniewa\u017c wtedy nie przeszkadza to w normalnym funkcjonowaniu szko\u0142y czy przedszkola \u2013 powiedzia\u0142 zast\u0119pca prezydenta Tomasz Klim. \u2013 Uwa\u017cam te\u017c, \u017ce przyjemniej jest rozpocz\u0105\u0107 nowy rok szkolny w czystym, odnowionym pomieszczeniu.<\/p>\n<p>Wyremontowane sale, \u0142azienki i kuchnia<\/p>\n<p>W\u015br\u00f3d plac\u00f3wek, kt\u00f3re przesz\u0142y remont w czasie wakacji, znalaz\u0142o si\u0119 m.in. Przedszkole Samorz\u0105dowe nr 26. Dzieci b\u0119d\u0105 korzysta\u0107 z dw\u00f3ch odnowionych sal, korytarza, szatni oraz \u0142azienki. Koszt prac wyni\u00f3s\u0142 oko\u0142o 200 tys. z\u0142.<\/p>\n<p>Remonty przeprowadzono r\u00f3wnie\u017c w Zespole Przedszkoli nr 3. W Przedszkolu nr 28 wyremontowano kuchni\u0119, natomiast w przedszkolach nr 29 i 44 odnowiono sale dydaktyczne. W jednej z plac\u00f3wek wyremontowana zosta\u0142a r\u00f3wnie\u017c dzieci\u0119ca \u0142azienka. \u0141\u0105czny koszt tych prac wyni\u00f3s\u0142 oko\u0142o 190 tys. z\u0142.<\/p>\n<p>Du\u017ce zmiany w bia\u0142ostockich podstaw\u00f3wkach<\/p>\n<p>Najwi\u0119ksze zakresy prac realizowano w kilku szko\u0142ach podstawowych. Zesp\u00f3\u0142 Szkolno-Przedszkolny nr 2 otrzyma\u0142 550 tys. z\u0142. Pieni\u0105dze przeznaczono na remont korytarza na parterze budynku, zagospodarowanie terenu oraz przebudow\u0119 placu manewrowego.<\/p>\n<p>Z kolei Szko\u0142a Podstawowa nr 7 zyska\u0142a nowoczesny plac zabaw. Inwestycja kosztowa\u0142a 300 tys. z\u0142.<\/p>\n<p>Spore zmiany zasz\u0142y r\u00f3wnie\u017c w Szkole Podstawowej nr 49. Wyremontowano nawierzchni\u0119 placu zabaw, a tak\u017ce przeprowadzono prace wewn\u0105trz budynku \u2013 w salach i \u0142azienkach. \u0141\u0105czny koszt remont\u00f3w wyni\u00f3s\u0142 510 tys. z\u0142.<\/p>\n<p>Prace prowadzono tak\u017ce w Szkole Podstawowej nr 2, gdzie wyremontowano korytarze i \u0142azienki na drugim pi\u0119trze.<\/p>\n<p>Remonty tak\u017ce w liceach<\/p>\n<p>Wakacyjne prace obj\u0119\u0142y r\u00f3wnie\u017c szko\u0142y ponadpodstawowe. W\u015br\u00f3d wi\u0119kszych inwestycji znalaz\u0142 si\u0119 remont V Liceum Og\u00f3lnokszta\u0142c\u0105cego. Za 430 tys. z\u0142 odnowiono tam klatki schodowe i korytarze.<\/p>\n<p>Z kolei w VIII Liceum Og\u00f3lnokszta\u0142c\u0105cym za 320 tys. z\u0142 remontowany jest korytarz oraz \u0142azienki na drugim pi\u0119trze.<\/p>\n<p>Prace remontowe przeprowadzono tak\u017ce w innych miejskich instytucjach o\u015bwiatowych. Obj\u0119\u0142y one m.in. Zesp\u00f3\u0142 Plac\u00f3wek Szkolno-Wychowawczych, Poradni\u0119 Psychologiczno-Pedagogiczn\u0105 nr 1 oraz Specjalny O\u015brodek Szkolno-Wychowawczy.<\/p>\n<p>Prawie 15 mln z\u0142 na remonty<\/p>\n<p>\u0141\u0105cznie na remonty w bia\u0142ostockich plac\u00f3wkach o\u015bwiatowych z bud\u017cetu miasta przeznaczono w tym roku prawie 15 mln z\u0142. Cz\u0119\u015b\u0107 jednostek pozyska\u0142a r\u00f3wnie\u017c pieni\u0105dze z innych \u017ar\u00f3de\u0142, m.in. na dzia\u0142ania zwi\u0105zane z termomodernizacj\u0105.<\/p>\n<p>Wi\u0119kszo\u015b\u0107 prac zaplanowano na okres wakacyjny, tak aby uczniowie i przedszkolaki mogli rozpocz\u0105\u0107 nowy rok szkolny w odnowionych i zmodernizowanych przestrzeniach.<\/p>\n<p class=\"art-autimg\">\n<p>                            <img decoding=\"async\" class=\"art-autimgi\" src=\"https:\/\/www.europesays.com\/pl\/wp-content\/uploads\/2026\/09\/avatar_1x.jpg\" alt=\"MZ\" width=\"64\" height=\"64\" loading=\"lazy\"\/><\/p>\n<p>Przeczytaj tak\u017ce<\/p>\n<p>&#13;<br \/>\n&#13;<br \/>\n&#13;<br \/>\n<img loading=\"lazy\" decoding=\"async\" src=\"https:\/\/www.europesays.com\/pl\/wp-content\/uploads\/2026\/09\/adlog.gif\" width=\"0\" height=\"0\" alt=\"\" style=\"width: 0px; height: 0px;\"\/><\/p>\n<p>Popularne dzisiaj<\/p>\n","protected":false},"excerpt":{"rendered":"Fot: UM Bia\u0142ystok \/ Marcin Jakowiak Prawie 15 mln z\u0142 wyda\u0142 Bia\u0142ystok na wakacyjne remonty szk\u00f3\u0142 i przedszkoli.&hellip;\n","protected":false},"author":2,"featured_media":658873,"comment_status":"","ping_status":"","sticky":false,"template":"","format":"standard","meta":{"footnotes":"","_share_on_mastodon":"0"},"categories":[51614],"tags":[2151,128287,51731,113,51730,3754,51738,51735,4041,1096,1089,399,17334,51736,2921,3840,51734,8736,1232,120,7116,17265,19285,42,5083,38,40,39,41,6309,1756,9043,128288,8815,38950,123,800,4278,1323,51737,2879,253],"class_list":["post-658872","post","type-post","status-publish","format-standard","has-post-thumbnail","category-bialystok","tag-bialystok","tag-bialostockie-placowki-po-remontach-miasto-wydalo-miliony","tag-bialystokonline","tag-biznes","tag-bstok","tag-dom","tag-drobne","tag-firm","tag-firmy","tag-hotele","tag-imprezy","tag-informacje","tag-katalog","tag-kina","tag-koncert","tag-lokale","tag-miejski","tag-mieszkanie","tag-motoryzacja","tag-nauka","tag-ogloszenia","tag-on-line","tag-online","tag-pl","tag-podlasie","tag-poland","tag-polish","tag-polska","tag-polski","tag-portal","tag-praca","tag-remonty","tag-remonty-w-szkolachaktualnosci","tag-repertuar","tag-rozklad","tag-rozrywka","tag-teatr","tag-turystyka","tag-uroda","tag-urzedy","tag-zakupy","tag-zdrowie"],"share_on_mastodon":{"url":"","error":"Validation failed: Text character limit of 500 exceeded"},"_links":{"self":[{"href":"https:\/\/www.europesays.com\/pl\/wp-json\/wp\/v2\/posts\/658872","targetHints":{"allow":["GET"]}}],"collection":[{"href":"https:\/\/www.europesays.com\/pl\/wp-json\/wp\/v2\/posts"}],"about":[{"href":"https:\/\/www.europesays.com\/pl\/wp-json\/wp\/v2\/types\/post"}],"author":[{"embeddable":true,"href":"https:\/\/www.europesays.com\/pl\/wp-json\/wp\/v2\/users\/2"}],"replies":[{"embeddable":true,"href":"https:\/\/www.europesays.com\/pl\/wp-json\/wp\/v2\/comments?post=658872"}],"version-history":[{"count":0,"href":"https:\/\/www.europesays.com\/pl\/wp-json\/wp\/v2\/posts\/658872\/revisions"}],"wp:featuredmedia":[{"embeddable":true,"href":"https:\/\/www.europesays.com\/pl\/wp-json\/wp\/v2\/media\/658873"}],"wp:attachment":[{"href":"https:\/\/www.europesays.com\/pl\/wp-json\/wp\/v2\/media?parent=658872"}],"wp:term":[{"taxonomy":"category","embeddable":true,"href":"https:\/\/www.europesays.com\/pl\/wp-json\/wp\/v2\/categories?post=658872"},{"taxonomy":"post_tag","embeddable":true,"href":"https:\/\/www.europesays.com\/pl\/wp-json\/wp\/v2\/tags?post=658872"}],"curies":[{"name":"wp","href":"https:\/\/api.w.org\/{rel}","templated":true}]}}