{"id":658896,"date":"2026-09-01T00:33:10","date_gmt":"2026-09-01T00:33:10","guid":{"rendered":"https:\/\/www.europesays.com\/pl\/658896\/"},"modified":"2026-09-01T00:33:10","modified_gmt":"2026-09-01T00:33:10","slug":"kamil-majchrzak-poznal-rywala-w-us-open-poprzeczka-idzie-w-gore-przeglad-sportowy","status":"publish","type":"post","link":"https:\/\/www.europesays.com\/pl\/658896\/","title":{"rendered":"Kamil Majchrzak pozna\u0142 rywala w US Open. Poprzeczka idzie w g\u00f3r\u0119 &#8211; Przegl\u0105d Sportowy"},"content":{"rendered":"<ol>\n<li><a href=\"https:\/\/news.google.com\/rss\/articles\/CBMiugFBVV95cUxPYi1yejA3Ui1OdkhHMmdJeVNnaXNEYnpIaVBLc1JrRmRaYm42NWxBc3MwNExScXA5MDlIdmExMTR6QVlfME5TQVJfUHJlMlg2NzNFLXBKemdQNmFQX2VZV0wzSGRJY3R2cXlPOVU2U2gwc0xZOEh4X0RCYW0tdlBLT3RnU1BqYTN1Mnp5ZVBQUUh5SDQ0T0JMU0lndzdKZlowOWFqczgwR1dRRm5UWllCZ21SekxGSl9ySVE?oc=5\" target=\"_blank\" rel=\"nofollow noopener\">Kamil Majchrzak pozna\u0142 rywala w US Open. Poprzeczka idzie w g\u00f3r\u0119<\/a>&nbsp;&nbsp;Przegl\u0105d Sportowy<\/li>\n<li><a href=\"https:\/\/news.google.com\/rss\/articles\/CBMitAFBVV95cUxQV1NzRk5RVTZqMmtqTm1pTWJncTJ5SkVOWUxDVjN4TmZ5UDBjOWd1RDJQMkpGSUVCUUFSLS00SlJ1MUJXdVJmTEY1dGZNQ1h2S05fcUVwQUZEMEdHbnNrYS0tc28yNkM4WmdSelp2ZnpqS3Q0SGlzYnRTeGlrZUNOdFR4elJDS2hvRkc0Nm9qYkU0bG9MQ3JFb0gyZUY5dzZISWU4b3Z4WHUwbGVPYkJBS3pnckM?oc=5\" target=\"_blank\" rel=\"nofollow noopener\">Koncert Majchrzaka na inauguracj\u0119 US Open. Rywal doprowadzony do rozpaczy<\/a>&nbsp;&nbsp;SportoweFakty<\/li>\n<li><a href=\"https:\/\/news.google.com\/rss\/articles\/CBMi_wFBVV95cUxNRENPV2xKclBkWkpVZjJ5ZWpBMWdUVFhraDkzeFFOZ2o3Ukl6NmJWMVEzS2lUelhCaEQwUHg2V0hRYUhZa2VRSUtnYUZRUDZuX21wVVJHTnlCdXF3Q1hlYXU4Mi0tUnc0LXdEbDIwVkM3eVo0eDJJWERsLTZ0WGhqeWxGekFwSTR0c0FQMDdDUC1hbERYbUZSMEJ2eG4yV0FQQjQwNkRZXzUxaEpYLTJFeU8wOFN0NS1FeWJTRUFwdmc4TkJMUER1ZWppZ3ZoR2pQR2kyaDNuRWUzOGRMcnVwbEUtYUVBTGZCVW96bHVYZ2xINlFka2lNOGVuYncyeWM?oc=5\" target=\"_blank\" rel=\"nofollow noopener\">Oto kolejny rywal Majchrzaka w Nowym Jorku<\/a>&nbsp;&nbsp;Eurosport Polska<\/li>\n<li><a href=\"https:\/\/news.google.com\/rss\/articles\/CBMitwFBVV95cUxNV0NnQWFzQnlZanJDRTBmY1F4dl96bjBheEdyRjYxMXl6ZDZSeV9SR09wc0RnNF9KbThXaUw2TUYtR054WTZiaWExZHFYbmpwNFN5S3ZJZENKUkFuT09aN19GWElPTG5XNDBvNFdmaG1FNDhlVG1nTjk1Ny1MWDVmV0x3OHRZNEkwT09pWlB5RVgxRlliNGMtSFFxZWgwWThnM2NXcGEzYUFYZlhGaG40UW8wbXlaOFU?oc=5\" target=\"_blank\" rel=\"nofollow noopener\">Kamil Majchrzak &#8211; Valentin Vacherot. Kiedy jest mecz? O kt\u00f3rej godzinie?<\/a>&nbsp;&nbsp;www.polsatsport.pl<\/li>\n<li><a href=\"https:\/\/news.google.com\/rss\/articles\/CBMixAFBVV95cUxPdGQ4SV9ISlQ2cm43UVZnS01IZnpPMWVSbE82LUo5ZnlZcF9qWHNJdlpNakNxQjdiYmRrMENPaEdud3ZGR1dWWktja0RqSThsT2h3cFNpYXdxWTJmNXBJSGJhdnlFV3cxcGw1WVhuaVFKeE84dnY2bmg0NVA3SVg2bXVlZGV6TkFDRHR6bndEUWM5Rkk1TDQyN3NRX0VTb3hYMTBUWkJBaWZGbERPS3NLenoxY2pJdmNXWHNQRl92YmFMZVJn?oc=5\" target=\"_blank\" rel=\"nofollow noopener\">Majchrzak \u2013 Medjedovi\u0107 [NA \u017bYWO]. \u015aled\u017a mecz Polaka w US Open!<\/a>&nbsp;&nbsp;sport.tvp.pl<\/li>\n<\/ol>\n","protected":false},"excerpt":{"rendered":"Kamil Majchrzak pozna\u0142 rywala w US Open. Poprzeczka idzie w g\u00f3r\u0119&nbsp;&nbsp;Przegl\u0105d Sportowy Koncert Majchrzaka na inauguracj\u0119 US Open.&hellip;\n","protected":false},"author":2,"featured_media":658897,"comment_status":"","ping_status":"","sticky":false,"template":"","format":"standard","meta":{"footnotes":"","_share_on_mastodon":"0"},"categories":[24],"tags":[128289,61195,8272,48,46,42,38,40,39,41,47,127,126,156,22568,130],"class_list":["post-658896","post","type-post","status-publish","format-standard","has-post-thumbnail","category-sport","tag-adshield_tst0","tag-bottomfeed_styl","tag-kamil_majchrzak","tag-nat_styl","tag-omp","tag-pl","tag-poland","tag-polish","tag-polska","tag-polski","tag-screening_general","tag-sport","tag-sports","tag-tenis","tag-us_open","tag-wiadomosci_sportowe"],"share_on_mastodon":{"url":"https:\/\/pubeurope.com\/@pl\/117192976210907596","error":""},"_links":{"self":[{"href":"https:\/\/www.europesays.com\/pl\/wp-json\/wp\/v2\/posts\/658896","targetHints":{"allow":["GET"]}}],"collection":[{"href":"https:\/\/www.europesays.com\/pl\/wp-json\/wp\/v2\/posts"}],"about":[{"href":"https:\/\/www.europesays.com\/pl\/wp-json\/wp\/v2\/types\/post"}],"author":[{"embeddable":true,"href":"https:\/\/www.europesays.com\/pl\/wp-json\/wp\/v2\/users\/2"}],"replies":[{"embeddable":true,"href":"https:\/\/www.europesays.com\/pl\/wp-json\/wp\/v2\/comments?post=658896"}],"version-history":[{"count":0,"href":"https:\/\/www.europesays.com\/pl\/wp-json\/wp\/v2\/posts\/658896\/revisions"}],"wp:featuredmedia":[{"embeddable":true,"href":"https:\/\/www.europesays.com\/pl\/wp-json\/wp\/v2\/media\/658897"}],"wp:attachment":[{"href":"https:\/\/www.europesays.com\/pl\/wp-json\/wp\/v2\/media?parent=658896"}],"wp:term":[{"taxonomy":"category","embeddable":true,"href":"https:\/\/www.europesays.com\/pl\/wp-json\/wp\/v2\/categories?post=658896"},{"taxonomy":"post_tag","embeddable":true,"href":"https:\/\/www.europesays.com\/pl\/wp-json\/wp\/v2\/tags?post=658896"}],"curies":[{"name":"wp","href":"https:\/\/api.w.org\/{rel}","templated":true}]}}