{"id":658942,"date":"2026-09-01T01:09:23","date_gmt":"2026-09-01T01:09:23","guid":{"rendered":"https:\/\/www.europesays.com\/pl\/658942\/"},"modified":"2026-09-01T01:09:23","modified_gmt":"2026-09-01T01:09:23","slug":"zabralem-apple-watcha-na-wyjazd-za-granice-meczarnia-i-udreka","status":"publish","type":"post","link":"https:\/\/www.europesays.com\/pl\/658942\/","title":{"rendered":"Zabra\u0142em Apple Watcha na wyjazd za granic\u0119. M\u0119czarnia i udr\u0119ka"},"content":{"rendered":"<p class=\"BlockCoreParagraph_BlockCoreParagraph__tg_l2 text-lg leading-[158.34%] py-2\">Apple Watch to m\u00f3j codzienny kompan od dw\u00f3ch lat. Korzystam z <a class=\"underline text-black dark:text-white\" target=\"_blank\" rel=\"noreferrer noopener nofollow\" href=\"https:\/\/spidersweb.pl\/2025\/12\/apple-watch-2025-spedzony-rok-opinia-funkcje.html\">Watcha 10 w wersji 42 mm<\/a> wydanego we wrze\u015bniu 2024 r. Na co dzie\u0144, gdy mam sta\u0142y dost\u0119p do pr\u0105du i \u0142adowarki, sprz\u0119t mi w zupe\u0142no\u015bci wystarcza. Problem rodzi si\u0119 wtedy, gdy nie mam sta\u0142ego dost\u0119pu do pr\u0105du. Na aktywnych wakacjach okaza\u0142o si\u0119, \u017ce doprowadza mnie to do sza\u0142u.<\/p>\n<p>\nApple Watch 10 na co dzie\u0144 nie jest tytanem baterii\n<\/p>\n<p class=\"BlockCoreParagraph_BlockCoreParagraph__tg_l2 text-lg leading-[158.34%] py-2\">Apple deklaruje, \u017ce poprzednia generacja zegarka powinna wystarcza\u0107 na 18 godz. pracy z ekranem zawsze w\u0142\u0105czonym. Czas ten mo\u017cna wyd\u0142u\u017cy\u0107 nawet do 36 godz., je\u015bli w\u0142\u0105czy si\u0119 tryb niskiego zu\u017cycia energii. Podane warto\u015bci s\u0105 jednak mo\u017cliwe do uzyskania przy nowym urz\u0105dzeniu. Problem zaczyna si\u0119 po ok. 2 latach, gdy kondycja baterii spadnie poni\u017cej 90 proc.<\/p>\n<p class=\"BlockCoreParagraph_BlockCoreParagraph__tg_l2 text-lg leading-[158.34%] py-2\">Od d\u0142u\u017cszego czasu zauwa\u017cam znacz\u0105ce pogorszenie dzia\u0142ania urz\u0105dzenia na jednym \u0142adowaniu. Najcz\u0119\u015bciej korzystam z pe\u0142ni mo\u017cliwo\u015bci sprz\u0119tu (powiadomie\u0144, pomiaru t\u0119tna) z trybem zawsze na ekranie oraz aktywnymi czujnikami. Sprz\u0119t \u0142aduj\u0119 codziennie, najcz\u0119\u015bciej w godzinach wieczornych (ok. 21-23). \u015api\u0119 z nim, aby monitorowa\u0107 fazy snu. Aktywuj\u0119 wtedy jednak tryb Sen, aby ekran urz\u0105dzenia si\u0119 nie \u015bwieci\u0142 i mi nie przeszkadza\u0142.<\/p>\n<p><img alt=\" \" loading=\"lazy\" width=\"700\" height=\"350\" decoding=\"async\" data-nimg=\"1\" style=\"color:transparent;max-width:100%;height:auto\" src=\"https:\/\/www.europesays.com\/pl\/wp-content\/uploads\/2026\/09\/IMG_0750.webp\"\/><\/p>\n<p class=\"BlockCoreParagraph_BlockCoreParagraph__tg_l2 text-lg leading-[158.34%] py-2\">Po roku bateria nawet podczas mniej aktywnych dni w pracy przed komputerem nie zachwyca. Nast\u0119pnego dnia o godz. 14:00 mam nieca\u0142e 50 proc. na\u0142adowania, mimo \u017ce od p\u00f3\u0142nocy do ok. 9:00 sprz\u0119t pozostaje w trybie Sen. Wieczorem po godz. 20:00 pozostaje kilka procent baterii i przychodzi czas na kolejne \u0142adowanie. Realnie sprz\u0119t dzia\u0142a zatem ok. 12-14 godz. na pe\u0142nej baterii.<\/p>\n<p>\nNa wakacjach Apple Watch jest bardziej obci\u0105\u017cony\n<\/p>\n<p class=\"BlockCoreParagraph_BlockCoreParagraph__tg_l2 text-lg leading-[158.34%] py-2\">Na wakacjach Apple Watch mia\u0142 znacznie wi\u0119cej pracy. Przede wszystkim musia\u0142 mierzy\u0107 nawet 30-40 tys. krok\u00f3w dziennie. Za ka\u017cdym razem automatycznie uruchamia\u0142a si\u0119 te\u017c funkcja spaceru w plenerze z w\u0142\u0105czonym mierzeniem dok\u0142adnej trasy za pomoc\u0105 GPS-u. To dodatkowo obci\u0105\u017ca\u0142o akumulator mojego Apple Watcha.<\/p>\n<p class=\"BlockCoreParagraph_BlockCoreParagraph__tg_l2 text-lg leading-[158.34%] py-2\">Efekt? Taki, \u017ce zamiast jednego \u0142adowania wieczorem czasami po \u0142adowark\u0119 musia\u0142em si\u0119ga\u0107 nawet dwa razy dziennie &#8211; po po\u0142udniu w godz. 16-17, poniewa\u017c pozosta\u0142a energia nie wystarczy\u0142aby nawet do wieczora, oraz noc\u0105, aby sprz\u0119t by\u0142 gotowy na nast\u0119pny dzie\u0144. Oczywi\u015bcie to nie tak, \u017ce ka\u017cdego dnia na urlopie za granic\u0105 potrzebowa\u0142em \u0142adowa\u0107 sprz\u0119t dwa razy, ale zdarzy\u0142o si\u0119 co najmniej kilka takich przypadk\u00f3w.<\/p>\n<p><img alt=\" \" loading=\"lazy\" width=\"700\" height=\"350\" decoding=\"async\" data-nimg=\"1\" style=\"color:transparent;max-width:100%;height:auto\" src=\"https:\/\/www.europesays.com\/pl\/wp-content\/uploads\/2026\/09\/IMG_0756.webp\"\/><\/p>\n<p class=\"BlockCoreParagraph_BlockCoreParagraph__tg_l2 text-lg leading-[158.34%] py-2\">S\u0119k w tym, \u017ce b\u0119d\u0105c na wyje\u017adzie, niekoniecznie zawsze ma si\u0119 dost\u0119p do pr\u0105du. Noszenie ze sob\u0105 powerbanka wsz\u0119dzie tam, gdzie id\u0119, aby tylko utrzyma\u0107 Apple Watcha przy \u017cyciu, niezbyt mi si\u0119 podoba\u0142o. Specjalnie wraca\u0107 do hotelu, \u017ceby do\u0142adowa\u0107 akumulator w zegarku &#8211; to r\u00f3wnie\u017c co najmniej \u015brednia opcja. O ile na co dzie\u0144 nie zdarzaj\u0105 mi si\u0119 sytuacje, \u017ce sprz\u0119t si\u0119 zupe\u0142nie roz\u0142adowuje w \u015brodku dnia, tak na wyje\u017adzie taki scenariusz si\u0119 zi\u015bci\u0142. Du\u017cy wp\u0142yw na drenowanie baterii z pewno\u015bci\u0105 mia\u0142y te\u017c wysokie temperatury pokroju 35\u00b0C.<\/p>\n<p class=\"BlockCoreParagraph_BlockCoreParagraph__tg_l2 text-lg leading-[158.34%] py-2\">Jako \u017ce nosz\u0119 telefon ze sob\u0105 dos\u0142ownie wsz\u0119dzie, sytuacja nie stanowi\u0142a wi\u0119kszego problemu. Jednak nie ukrywam, \u017ce nieco rozczarowa\u0142em si\u0119 urz\u0105dzeniem, kt\u00f3re na premier\u0119 kosztowa\u0142o 2000 z\u0142.<\/p>\n<p>\nWytrzyma\u0142o\u015b\u0107 szk\u0142a Apple Watcha r\u00f3wnie\u017c pozostawia wiele do \u017cyczenia\n<\/p>\n<p class=\"BlockCoreParagraph_BlockCoreParagraph__tg_l2 text-lg leading-[158.34%] py-2\">Pomijaj\u0105c kwesti\u0119 baterii, drugim problemem na wyje\u017adzie, mo\u017ce by\u0107 wytrzyma\u0142o\u015b\u0107 Apple Watcha. Szk\u0142o podstawowej wersji zegarka firmy z Cupertino jest wyj\u0105tkowo mi\u0119kkie, rysuje si\u0119 wi\u0119c od samego patrzenia. Pla\u017ca, a raczej piasek, r\u00f3wnie\u017c mo\u017ce tworzy\u0107 mniejsze lub wi\u0119ksze ryski na ekranie.<\/p>\n<p class=\"BlockCoreParagraph_BlockCoreParagraph__tg_l2 text-lg leading-[158.34%] py-2\">W efekcie z wyjazdu wr\u00f3ci\u0142em z jeszcze bardziej porysowanym zegarkiem ni\u017c dotychczas. Odnosz\u0119 wra\u017cenie, \u017ce Apple Watch na wakacjach po prostu nie jest najlepszym sprz\u0119tem. W takich warunkach znacznie lepiej sprawdzaj\u0105 si\u0119 zegarki pokroju Garmina czy Huawei Watcha, kt\u00f3re dzia\u0142aj\u0105 tygodniami na baterii oraz s\u0105 co do zasady bardziej odporne na przeciwno\u015bci losu.<\/p>\n<p class=\"BlockCoreParagraph_BlockCoreParagraph__tg_l2 text-lg leading-[158.34%] py-2\">Czytaj te\u017c:<\/p>\n<p><a aria-label=\"post\" href=\"https:\/\/spidersweb.pl\/author\/albert-zurek\" rel=\"nofollow noopener\" target=\"_blank\"><\/p>\n<p class=\"m-0 line-clamp-3 text-[14px] font-[400] leading-[23px] text-[#101729] dark:text-[#ecf0ff]\">Redaktor dzia\u0142u nowe technologie w Spider&#8217;s Web. Specjalizuje si\u0119 w tematyce sprz\u0119tu i oprogramowania, a tak\u017ce telekomunikacji.&#13;<br \/>\n&#13;<br \/>\nOd najm\u0142odszych lat fan elektroniki &#8211; komputer\u00f3w, laptop\u00f3w i smartfon\u00f3w, z kt\u00f3r\u0105 odk\u0105d tylko m\u00f3g\u0142, sp\u0119dza\u0142 mas\u0119 czasu. Z czasem swoj\u0105 pasj\u0119 zamieni\u0142 w prac\u0119, pocz\u0105tkowo pisz\u0105c o technologiach mobilnych, a nast\u0119pnie o (prawie) wszystkim zwi\u0105zanym z technologi\u0105. Poprzednio pisa\u0142 na \u0142amach Tabletowo.pl oraz oiot.pl, gdzie porusza\u0142 tematyk\u0119 sprz\u0119tu komputerowego, system\u00f3w operacyjnych, aplikacji, smart home, sztucznej inteligencji, a tak\u017ce nauki. Opr\u00f3cz technologii jest wielkim fanem mody, a po godzinach pracy sp\u0119dza czas ze s\u0142uchawkami na uszach, w kt\u00f3rych przede wszystkim gra rodzimy hip-hop.<\/p>\n<p><\/a><\/p>\n","protected":false},"excerpt":{"rendered":"Apple Watch to m\u00f3j codzienny kompan od dw\u00f3ch lat. Korzystam z Watcha 10 w wersji 42 mm wydanego&hellip;\n","protected":false},"author":2,"featured_media":658943,"comment_status":"","ping_status":"","sticky":false,"template":"","format":"standard","meta":{"footnotes":"","_share_on_mastodon":"0"},"categories":[20],"tags":[120,118,119,42,38,40,39,41,116,114,115,121,117],"class_list":["post-658942","post","type-post","status-publish","format-standard","has-post-thumbnail","category-nauka-i-technika","tag-nauka","tag-nauka-i-technika","tag-naukatechnika","tag-pl","tag-poland","tag-polish","tag-polska","tag-polski","tag-science","tag-science-and-technology","tag-sciencetechnology","tag-technika","tag-technology"],"share_on_mastodon":{"url":"https:\/\/pubeurope.com\/@pl\/117193118980744615","error":""},"_links":{"self":[{"href":"https:\/\/www.europesays.com\/pl\/wp-json\/wp\/v2\/posts\/658942","targetHints":{"allow":["GET"]}}],"collection":[{"href":"https:\/\/www.europesays.com\/pl\/wp-json\/wp\/v2\/posts"}],"about":[{"href":"https:\/\/www.europesays.com\/pl\/wp-json\/wp\/v2\/types\/post"}],"author":[{"embeddable":true,"href":"https:\/\/www.europesays.com\/pl\/wp-json\/wp\/v2\/users\/2"}],"replies":[{"embeddable":true,"href":"https:\/\/www.europesays.com\/pl\/wp-json\/wp\/v2\/comments?post=658942"}],"version-history":[{"count":0,"href":"https:\/\/www.europesays.com\/pl\/wp-json\/wp\/v2\/posts\/658942\/revisions"}],"wp:featuredmedia":[{"embeddable":true,"href":"https:\/\/www.europesays.com\/pl\/wp-json\/wp\/v2\/media\/658943"}],"wp:attachment":[{"href":"https:\/\/www.europesays.com\/pl\/wp-json\/wp\/v2\/media?parent=658942"}],"wp:term":[{"taxonomy":"category","embeddable":true,"href":"https:\/\/www.europesays.com\/pl\/wp-json\/wp\/v2\/categories?post=658942"},{"taxonomy":"post_tag","embeddable":true,"href":"https:\/\/www.europesays.com\/pl\/wp-json\/wp\/v2\/tags?post=658942"}],"curies":[{"name":"wp","href":"https:\/\/api.w.org\/{rel}","templated":true}]}}