{"id":658954,"date":"2026-09-01T01:21:51","date_gmt":"2026-09-01T01:21:51","guid":{"rendered":"https:\/\/www.europesays.com\/pl\/658954\/"},"modified":"2026-09-01T01:21:51","modified_gmt":"2026-09-01T01:21:51","slug":"adrian-siemieniec-po-meczu-z-rakowem-dostalismy-fajny-sygnal-od-rezerwowych","status":"publish","type":"post","link":"https:\/\/www.europesays.com\/pl\/658954\/","title":{"rendered":"Adrian Siemieniec po meczu z Rakowem: Dostali\u015bmy fajny sygna\u0142 od rezerwowych"},"content":{"rendered":"\n<p>            <img decoding=\"async\" class=\"art-figimg\" src=\"https:\/\/www.europesays.com\/pl\/wp-content\/uploads\/2026\/09\/150584-e.jpg\" width=\"375\" height=\"250\" alt=\"Adrian Siemieniec po meczu z Rakowem: Dostali\u015bmy fajny sygna\u0142 od rezerwowych\" loading=\"lazy\" fetchpriority=\"high\"\/><br \/>\n            Fot: Jagiellonia Bia\u0142ystok<\/p>\n<p class=\"art-lid\">W 6. kolejce PKO BP Ekstraklasy Jagiellonia rozbi\u0142a na wyje\u017adzie Rak\u00f3w Cz\u0119stochowa 5:2, a du\u017cy wk\u0142ad w zwyci\u0119stwo mieli zmiennicy. Ostatnie dwa gole zdobyli Ousmane Sow i Youssuf Sylla.<\/p>\n<p class=\"art-cont\">Zadanie zosta\u0142o wykonane<\/p>\n<p>W starciu polskich pucharowicz\u00f3w lepsza &#8211; i to wyra\u017anie &#8211; okaza\u0142a si\u0119 Jagiellonia. \u017b\u00f3\u0142to-Czerwoni w Cz\u0119stochowie grali w ofensywie tak, \u017ce r\u0119ce same sk\u0142ada\u0142y si\u0119 do oklask\u00f3w.<\/p>\n<p>&#8211; Gratuluj\u0119 mojej dru\u017cynie zwyci\u0119stwa. Dzi\u0119kuj\u0119 r\u00f3wnie\u017c kibicom, kt\u00f3rzy nie wiem czy zd\u0105\u017cyli pojecha\u0107 do dom\u00f3w, czy te\u017c jechali prosto na kolejny mecz. Bardzo im dzi\u0119kuj\u0119 za doping i obecno\u015b\u0107. Cieszymy si\u0119 z tego zwyci\u0119stwa. Rozmawiali\u015bmy z dru\u017cyn\u0105, \u017ce przyst\u0119pujemy do tego meczu jak po przegramy spotkaniu. Ostatni nasz ligowy pojedynek by\u0142 dosy\u0107 dawno, to by\u0142o przegrane spotkanie z Widzewem. Przez dwie kolejki pauzowali\u015bmy, nie zdobywali\u015bmy punkt\u00f3w, wi\u0119c bardzo zale\u017ca\u0142o nam na tym, aby rozpocz\u0105\u0107 ten powr\u00f3t od zwyci\u0119stwa. Wiedzieli\u015bmy, \u017ce to b\u0119dzie trudne spotkanie i takie te\u017c by\u0142o. W pierwszej po\u0142owie, zw\u0142aszcza pod jej koniec, mieli\u015bmy sytuacje, kiedy powinni\u015bmy zachowa\u0107 si\u0119 lepiej. Stworzyli\u015bmy sobie tyle okazji w pierwszej po\u0142owie, \u017ceby mie\u0107 jeszcze lepszy wynik do przerwy. Grali\u015bmy z jako\u015bciow\u0105 dru\u017cyn\u0105, kt\u00f3ra r\u00f3wnie\u017c wyst\u0119powa\u0142a w europejskich pucharach i regularnie gra o czo\u0142owe lokaty w Ekstraklasie. Je\u017celi w takim meczu nie wykorzystasz swoich sytuacji, to przeciwnik dojdzie do swoich moment\u00f3w. Wiedzieli\u015bmy, \u017ce w drugiej po\u0142owie tak to mo\u017ce wygl\u0105da\u0107, no i stan meczu si\u0119 wyr\u00f3wna\u0142 &#8211; w ten spos\u00f3b konferencj\u0119 prasow\u0105 po starciu z Rakowem rozpocz\u0105\u0142 Adrian Siemieniec, trener Jagiellonii.<\/p>\n<p>Kroczek na wylocie?<\/p>\n<p>Szkoleniowiec Dumy Podlasia zauwa\u017cy\u0142 te\u017c, \u017ce ogromny wp\u0142yw na boiskowe wydarzenia mieli rezerwowi. To oni sprawili, \u017ce tempo gry Jagiellonii jeszcze wzros\u0142o, dzi\u0119ki czemu Bia\u0142ostoczanie strzelili w ko\u0144c\u00f3wce spotkania kolejne gole.<\/p>\n<p>&#8211; Bardzo cieszy mnie, \u017ce dostali\u015bmy fajny sygna\u0142 od zawodnik\u00f3w wchodz\u0105cych z \u0142awki. To jest bardzo istotne, kiedy mamy du\u017co spotka\u0144 i gramy co chwil\u0119. Czas na regeneracj\u0119 jest skr\u00f3cony. Bardzo wa\u017cna jest szeroko\u015b\u0107 sk\u0142adu, \u017ceby zawodnicy wchodz\u0105cy na boisko podnosili jako\u015b\u0107. Dla mnie to jest wyzwanie, je\u017celi chodzi o zarz\u0105dzanie szersz\u0105 kadr\u0105, a tak\u0105 musimy zbudowa\u0107 w kontek\u015bcie rywalizacji w Europie. Odpowiedzi\u0105 jak to finalnie wysz\u0142o, b\u0119dzie to, jak b\u0119dziemy wygl\u0105da\u0107 w okolicach grudnia. Na jakiej intensywno\u015bci b\u0119dziemy wtedy gra\u0107, jak b\u0119dzie wygl\u0105da\u0142a rywalizacja. Licz\u0119 na to, \u017ce ta dynamika grupy oka\u017ce si\u0119 na tyle du\u017ca, \u017ce zesp\u00f3\u0142 b\u0119dzie ca\u0142y czas g\u0142odny, aktywny, a w ka\u017cdym meczu b\u0119dzie pokazywa\u0142 du\u017c\u0105 intensywno\u015b\u0107 i wol\u0119 walki o zwyci\u0119stwo. Bardzo cieszymy si\u0119 z tego triumfu. Teraz chwil\u0119 odpoczniemy, wr\u00f3cimy do domu po d\u0142ugiej wyprawie i przygotowujemy si\u0119 do bardzo presti\u017cowego starcia z Lechem w Poznaniu &#8211; oznajmi\u0142 34-latek.<\/p>\n<p>G\u0142os po niedzielnym meczu zabra\u0142 r\u00f3wnie\u017c szkoleniowiec &#8222;Medalik\u00f3w&#8221;, kt\u00f3rego posada po kl\u0119sce z Jag\u0105 wisi na w\u0142osku.<\/p>\n<p>&#8211;  Komentarz jest zb\u0119dny, ka\u017cdy widzia\u0142 jak to wygl\u0105da\u0142o i jak si\u0119 sko\u0144czy\u0142 ten mecz. Do momentu bramki na 2:3 pojedynek by\u0142 otwarty i m\u00f3g\u0142 si\u0119 potoczy\u0107 w obie strony. Je\u017celi jednak pope\u0142niamy tyle b\u0142\u0119d\u00f3w, r\u0119ka w polu karnym czy brak bloku do\u015brodkowania, to nie jeste\u015bmy w stanie tego meczu wygra\u0107. Wszyscy czujemy bezradno\u015b\u0107. To najlepsze s\u0142owo, kt\u00f3re opisuje dany moment &#8211; powiedzia\u0142 po spotkaniu Dawid Kroczek, trener Rakowa.<\/p>\n<p class=\"art-autimg\">\n<p>                            <img decoding=\"async\" class=\"art-autimgi\" src=\"https:\/\/www.europesays.com\/pl\/wp-content\/uploads\/2026\/09\/1788225711_883_avatar_1x.jpg\" alt=\"Rafa\u0142 \u017buk\" width=\"64\" height=\"64\" loading=\"lazy\"\/><\/p>\n<p class=\"art-autname\">Rafa\u0142 \u017buk<\/p>\n<p>rafal.zuk@bialystokonline.pl<\/p>\n<p>Przeczytaj tak\u017ce<\/p>\n<p>&#13;<br \/>\n&#13;<br \/>\n&#13;<br \/>\n<img loading=\"lazy\" decoding=\"async\" src=\"https:\/\/www.europesays.com\/pl\/wp-content\/uploads\/2026\/09\/1788225711_729_adlog.gif\" width=\"0\" height=\"0\" alt=\"\" style=\"width: 0px; height: 0px;\"\/><\/p>\n<p>Popularne dzisiaj<\/p>\n","protected":false},"excerpt":{"rendered":"Fot: Jagiellonia Bia\u0142ystok W 6. kolejce PKO BP Ekstraklasy Jagiellonia rozbi\u0142a na wyje\u017adzie Rak\u00f3w Cz\u0119stochowa 5:2, a du\u017cy&hellip;\n","protected":false},"author":2,"featured_media":658955,"comment_status":"","ping_status":"","sticky":false,"template":"","format":"standard","meta":{"footnotes":"","_share_on_mastodon":"0"},"categories":[51614],"tags":[2617,128297,2151,51731,113,51730,80503,3754,51738,274,51735,4041,1096,1089,399,5809,17334,51736,2921,3840,51734,8736,1232,120,7116,17265,19285,42,5083,38,40,39,41,6309,1756,2369,8815,38950,123,800,4278,1323,51737,2879,253],"class_list":["post-658954","post","type-post","status-publish","format-standard","has-post-thumbnail","category-bialystok","tag-adrian-siemieniec","tag-adrian-siemieniec-po-meczu-z-rakowem-dostalismy-fajny-sygnal-od-rezerwowych","tag-bialystok","tag-bialystokonline","tag-biznes","tag-bstok","tag-dawid-kroczeksport","tag-dom","tag-drobne","tag-ekstraklasa","tag-firm","tag-firmy","tag-hotele","tag-imprezy","tag-informacje","tag-jagiellonia","tag-katalog","tag-kina","tag-koncert","tag-lokale","tag-miejski","tag-mieszkanie","tag-motoryzacja","tag-nauka","tag-ogloszenia","tag-on-line","tag-online","tag-pl","tag-podlasie","tag-poland","tag-polish","tag-polska","tag-polski","tag-portal","tag-praca","tag-rakow-czestochowa","tag-repertuar","tag-rozklad","tag-rozrywka","tag-teatr","tag-turystyka","tag-uroda","tag-urzedy","tag-zakupy","tag-zdrowie"],"share_on_mastodon":{"url":"","error":"Validation failed: Text character limit of 500 exceeded"},"_links":{"self":[{"href":"https:\/\/www.europesays.com\/pl\/wp-json\/wp\/v2\/posts\/658954","targetHints":{"allow":["GET"]}}],"collection":[{"href":"https:\/\/www.europesays.com\/pl\/wp-json\/wp\/v2\/posts"}],"about":[{"href":"https:\/\/www.europesays.com\/pl\/wp-json\/wp\/v2\/types\/post"}],"author":[{"embeddable":true,"href":"https:\/\/www.europesays.com\/pl\/wp-json\/wp\/v2\/users\/2"}],"replies":[{"embeddable":true,"href":"https:\/\/www.europesays.com\/pl\/wp-json\/wp\/v2\/comments?post=658954"}],"version-history":[{"count":0,"href":"https:\/\/www.europesays.com\/pl\/wp-json\/wp\/v2\/posts\/658954\/revisions"}],"wp:featuredmedia":[{"embeddable":true,"href":"https:\/\/www.europesays.com\/pl\/wp-json\/wp\/v2\/media\/658955"}],"wp:attachment":[{"href":"https:\/\/www.europesays.com\/pl\/wp-json\/wp\/v2\/media?parent=658954"}],"wp:term":[{"taxonomy":"category","embeddable":true,"href":"https:\/\/www.europesays.com\/pl\/wp-json\/wp\/v2\/categories?post=658954"},{"taxonomy":"post_tag","embeddable":true,"href":"https:\/\/www.europesays.com\/pl\/wp-json\/wp\/v2\/tags?post=658954"}],"curies":[{"name":"wp","href":"https:\/\/api.w.org\/{rel}","templated":true}]}}