{"id":658956,"date":"2026-09-01T01:22:52","date_gmt":"2026-09-01T01:22:52","guid":{"rendered":"https:\/\/www.europesays.com\/pl\/658956\/"},"modified":"2026-09-01T01:22:52","modified_gmt":"2026-09-01T01:22:52","slug":"sluga-dobry-i-wierny-bydgoszcz-zegna-ks-infulata-stanislawa-kotowskiego","status":"publish","type":"post","link":"https:\/\/www.europesays.com\/pl\/658956\/","title":{"rendered":"\u201eS\u0142uga dobry i wierny\u201d \u2013 Bydgoszcz \u017cegna ks. infu\u0142ata Stanis\u0142awa Kotowskiego"},"content":{"rendered":"<p>W niedziel\u0119, 30 sierpnia, w Katedrze \u015bwi\u0119tego Marcina i \u015bwi\u0119tego Miko\u0142aja w Bydgoszczy rozpocz\u0119\u0142y si\u0119 uroczysto\u015bci po\u017cegnalne \u015bp. ks. infu\u0142ata Stanis\u0142awa Kotowskiego \u2013 wieloletniego proboszcza, kap\u0142ana oddanego Ko\u015bcio\u0142owi, ludziom i miejscu, kt\u00f3re przez szesna\u015bcie lat by\u0142o jego domem.<\/p>\n<p style=\"font-weight: 400;\">Wieczornej Mszy \u015bw. przewodniczy\u0142 ks. kanonik Tomasz Cyl, wikariusz generalny diecezji bydgoskiej. W katedrze zgromadzili si\u0119 kap\u0142ani, rodzina zmar\u0142ego \u2013 na czele z jego bratem, ks. pra\u0142atem Piotrem \u2013 Kotowskim, przyjaciele, bliscy, parafianie, bydgoszczanie oraz liczni znajomi. Przyszli, by modli\u0107 si\u0119, dzi\u0119kowa\u0107 i po\u017cegna\u0107 cz\u0142owieka, kt\u00f3rego obecno\u015b\u0107 na trwa\u0142e wpisa\u0142a si\u0119 w \u017cycie miasta i diecezji.<\/p>\n<p style=\"font-weight: 400;\">Homili\u0119 wyg\u0142osi\u0142 ks. S\u0142awomir Bar CM, dziekan ze Zgromadzenia Ksi\u0119\u017cy Misjonarzy. Ju\u017c na pocz\u0105tku m\u00f3wi\u0142 o b\u00f3lu i zaskoczeniu, jakie przynios\u0142a \u015bmier\u0107 kap\u0142ana. \u2013 Nikt z nas nie spodziewa\u0142 si\u0119 dzisiejszego spotkania w tej \u015bwi\u0105tyni. Jeste\u015bmy w tym miejscu, bo zaprosi\u0142a nas, o dziwo, nasza siostra \u015bmier\u0107, tak jak m\u00f3wi\u0142 \u015bwi\u0119ty Franciszek \u2013 powiedzia\u0142.<\/p>\n<p style=\"font-weight: 400;\">Przypomnia\u0142, \u017ce ks. Stanis\u0142aw odszed\u0142 w niedzielny poranek, tydzie\u0144 wcze\u015bniej, w bydgoskim Szpitalu Uniwersyteckim nr 1 im. dr. Antoniego Jurasza. Podkre\u015bla\u0142 jednak, \u017ce liturgia \u017ca\u0142obna nie jest jedynie czasem rozstania, lecz tak\u017ce dzi\u0119kczynienia. \u2013 Pan B\u00f3g wezwa\u0142 nas tu dzisiaj, aby podzi\u0119kowa\u0107. Aby dzi\u0119kowa\u0107, bo Eucharystia to dzi\u0119kczynienie. Dzisiaj dzi\u0119kujemy za pi\u0119kne i szlachetne \u017cycie kap\u0142ana \u2013 m\u00f3wi\u0142.<\/p>\n<p style=\"font-weight: 400;\">Kaznodzieja zwr\u00f3ci\u0142 uwag\u0119, \u017ce to w\u0142a\u015bnie ks. infu\u0142at Stanis\u0142aw Kotowski zgromadzi\u0142 dzi\u015b wszystkich przy o\u0142tarzu, przy Eucharystii, kt\u00f3ra jest \u017ar\u00f3d\u0142em \u0142aski i nadziei. \u2013 Za to, Stanis\u0142awie, Ci dzi\u0119kujemy, \u017ce nas tu gromadzisz \u2013 wybrzmia\u0142o w katedrze.<\/p>\n<p style=\"font-weight: 400;\">W homilii wiele miejsca po\u015bwi\u0119cono niezwyk\u0142ej wi\u0119zi zmar\u0142ego proboszcza z bydgosk\u0105 katedr\u0105. Ksi\u0105dz S\u0142awomir Bar CM przypomnia\u0142, \u017ce przez szesna\u015bcie lat ks. Stanis\u0142aw Kotowski troszczy\u0142 si\u0119 o \u015bwi\u0105tyni\u0119 z ogromn\u0105 uwag\u0105, mi\u0142o\u015bci\u0105 i odpowiedzialno\u015bci\u0105. \u2013 Gdy widzimy tutaj na \u015bcianach, w zakrystii, na placu r\u0119k\u0119, oko gospodarza, mo\u017cemy tak\u017ce znale\u017a\u0107 setki odcisk\u00f3w st\u00f3p i r\u0105k ksi\u0119dza Stanis\u0142awa, bo przez 16 lat piel\u0119gnowa\u0142, dba\u0142, chodzi\u0142, patrzy\u0142, obserwowa\u0142, zmienia\u0142 \u2013 podkre\u015bli\u0142.<\/p>\n<p style=\"font-weight: 400;\">S\u0142owa homilii nios\u0142y przede wszystkim chrze\u015bcija\u0144sk\u0105 nadziej\u0119. Kap\u0142an przypomnia\u0142 s\u0142owa <a href=\"https:\/\/ekai.pl\/?s=sw+jan+pawel+ii\" rel=\"nofollow noopener\" target=\"_blank\">\u015bw. Jana Paw\u0142a II<\/a>, kt\u00f3ry wobec \u015bmierci ojca jednego z ksi\u0119\u017cy mia\u0142 powiedzie\u0107 cicho: \u201eTo tylko przej\u015bcie\u201d. T\u0119 my\u015bl uczyni\u0142 osi\u0105 swojego rozwa\u017cania. \u2013 W naszym prze\u017cywaniu \u015bmierci na pierwszy plan wysuwa si\u0119 nie przej\u015bcie, ale odej\u015bcie. A Pan Jezus m\u00f3wi o swoim przyj\u015bciu. (\u2026) My prze\u017cywamy odej\u015bcie, a nasz zmar\u0142y Stanis\u0142aw prze\u017cywa przej\u015bcie. My rozstanie, a on spotkanie \u2013 m\u00f3wi\u0142.<\/p>\n<p style=\"font-weight: 400;\">Ksi\u0105dz Bar doda\u0142, \u017ce Chrystus wprowadza cz\u0142owieka z ziemskiej \u015bwi\u0105tyni do \u201ekatedry niebieskiej\u201d. \u2013 \u015amier\u0107 to nie koniec. To dla nas, os\u00f3b wierz\u0105cych, zmiana adresu zamieszkania \u2013 powiedzia\u0142, prosz\u0105c, by nowym adresem ks. Stanis\u0142awa by\u0142a \u201ekatedra w niebie\u201d. Przywo\u0142a\u0142 r\u00f3wnie\u017c s\u0142owa poety ks. Jana Twardowskiego: \u201eOn nie umar\u0142. On tylko wymkn\u0105\u0142 si\u0119 naszym oczom\u201d.<\/p>\n<p style=\"font-weight: 400;\">W dalszej cz\u0119\u015bci homilii m\u00f3wi\u0142 o krzy\u017cu codziennego \u017cycia i na\u015bladowaniu Chrystusa. Zwracaj\u0105c si\u0119 do zmar\u0142ego, powiedzia\u0142: \u2013 Ty ju\u017c wiesz, jak bra\u0107 krzy\u017c codziennego \u017cycia na swoje barki i i\u015b\u0107. Dzi\u015b wiesz, jak na\u015bladowa\u0107 Jezusa Chrystusa.<\/p>\n<p style=\"font-weight: 400;\">Wspomnienie o ks. infu\u0142acie Stanis\u0142awie Kotowskim by\u0142o r\u00f3wnie\u017c wspomnieniem o jego serdeczno\u015bci i wra\u017cliwo\u015bci na potrzebuj\u0105cych. \u2013 U\u015bmiechni\u0119ty, dobry, serdeczny, wra\u017cliwy i zatroskany o \u015bwi\u0105tyni\u0119, o to szczeg\u00f3lne miejsce obecno\u015bci Boga, ale te\u017c i o ludzi \u2013 m\u00f3wi\u0142 ks. S\u0142awomir Bar CM. Przywo\u0142a\u0142 konkretne sytuacje, kiedy zmar\u0142y kap\u0142an troszczy\u0142 si\u0119 o cz\u0142owieka, kt\u00f3ry nie mia\u0142 but\u00f3w, o pogorzelc\u00f3w, o osoby szukaj\u0105ce wsparcia, lekarza, pomocy i \u017cyczliwego prowadzenia.<\/p>\n<p style=\"font-weight: 400;\">Najbardziej poruszaj\u0105ce s\u0142owa pad\u0142y pod koniec homilii. \u2013 Poszed\u0142 do szpitala, a trafi\u0142 do nieba. W to wierzymy i ufamy. Tak po prostu, po naszemu \u2013 doda\u0142 ks. Bar. Modli\u0142 si\u0119, by mi\u0142osierny B\u00f3g przyj\u0105\u0142 dusz\u0119 zmar\u0142ego kap\u0142ana do domu Ojca, a s\u0142owa po\u017cegnania zamkn\u0105\u0142 wezwaniem: drogi ksi\u0119\u017ce Stanis\u0142awie, s\u0142ugo dobry i wierny, wejd\u017a do rado\u015bci swojego Pana.<\/p>\n<p style=\"font-weight: 400;\">Przed b\u0142ogos\u0142awie\u0144stwem s\u0142owo po\u017cegnania wyg\u0142osi\u0142 ks. kanonik Tomasz Cyl, wikariusz generalny diecezji bydgoskiej. Podzi\u0119kowa\u0142 wszystkim za modlitw\u0119, obecno\u015b\u0107 i zjednoczenie z Chrystusem w Komunii \u015awi\u0119tej w intencji \u015bp. ks. infu\u0142ata Stanis\u0142awa Kotowskiego. Rodzinie zmar\u0142ego przekaza\u0142 wyrazy duchowej blisko\u015bci oraz zapewnienie o modlitwie, prosz\u0105c dla niej o \u0142ask\u0119 wiary, nadziei i mi\u0142o\u015bci, kt\u00f3ra pozwoli kiedy\u015b spotka\u0107 si\u0119 w domu Ojca.<\/p>\n<p style=\"font-weight: 400;\">Wikariusz generalny podkre\u015bli\u0142, \u017ce rozpocz\u0119cie uroczysto\u015bci pogrzebowych w niedziel\u0119 \u2013 w dzie\u0144 Zmartwychwstania Pa\u0144skiego \u2013 ma szczeg\u00f3ln\u0105 wymow\u0119. \u2013 To znak zwyci\u0119stwa Tego, kt\u00f3ry \u015bmier\u0107 ju\u017c pokona\u0142 \u2013 powiedzia\u0142. Przypomnia\u0142, \u017ce krzy\u017c wpisany w ludzkie \u017cycie ma sens, poniewa\u017c umar\u0142 na nim Chrystus.<\/p>\n<p style=\"font-weight: 400;\">W imieniu kap\u0142an\u00f3w diecezji bydgoskiej i wsp\u00f3\u0142braci z Kapitu\u0142y Katedralnej ks. Tomasz Cyl skierowa\u0142 do zmar\u0142ego s\u0142owa wdzi\u0119czno\u015bci. \u2013 Wielkie B\u00f3g zap\u0142a\u0107 ksi\u0119dzu Stanis\u0142awowi za \u015bwiadectwo jego \u017cycia, za to, \u017ce by\u0142 naszym prepozytem, za to, \u017ce dba\u0142 o Matk\u0119 Ko\u015bcio\u0142\u00f3w w diecezji bydgoskiej i za to, \u017ce z tej katedry pokazuje nam drog\u0119, jak m\u00f3wi\u0142 dzisiejszy homilista, do katedry niebieskiej.<\/p>\n<p style=\"font-weight: 400;\">W osobistym wspomnieniu m\u00f3wi\u0142 o drogach kap\u0142a\u0144skiego \u017cycia, kt\u00f3re przedziwnie splot\u0142y si\u0119 z drog\u0105 ks. Stanis\u0142awa. Przypomnia\u0142 jego zaanga\u017cowanie w organizowanie Katolickiej Szko\u0142y im. \u015bw. Wojciecha, pomoc przy budowie szko\u0142y-pomnika, \u017cyczliwo\u015b\u0107 okazywan\u0105 w czasie pracy w kurii oraz szczeg\u00f3lne nabo\u017ce\u0144stwo do Matki Bo\u017cej Pi\u0119knej Mi\u0142o\u015bci. Wspomina\u0142 tak\u017ce ostatnie spotkanie w domu ks. infu\u0142ata. \u2013 Jak zawsze by\u0142e\u015b z jednej strony pe\u0142en humoru, rado\u015bci, dowcipu, ale z drugiej strony pokaza\u0142e\u015b, jak niesiesz sw\u00f3j krzy\u017c, jak odpowiedzialnie patrzysz na to, co ci\u0119 czeka \u2013 powiedzia\u0142.<\/p>\n<p style=\"font-weight: 400;\">Ksi\u0105dz kanonik Tomasz Cyl, przywo\u0142uj\u0105c s\u0142owa \u015bw. Paw\u0142a, dzi\u0119kowa\u0142 zmar\u0142emu za \u017cycie z\u0142o\u017cone Bogu w ofierze. \u2013 Dzi\u0119kuj\u0119 Ci za to, \u017ce odda\u0142e\u015b swoje cia\u0142o, swoje \u017cycie na ofiar\u0119 \u017cyw\u0105, \u015bwi\u0119t\u0105, Bogu przyjemn\u0105 jako wyraz Twojej rozumnej s\u0142u\u017cby Panu Bogu \u2013 m\u00f3wi\u0142. Wskaza\u0142 na mi\u0142o\u015b\u0107 ks. Stanis\u0142awa do Chrystusa i Ko\u015bcio\u0142a, do spotykanego cz\u0142owieka, do bydgoskiej katedry, ale tak\u017ce do wcze\u015bniejszych wsp\u00f3lnot, kt\u00f3rym s\u0142u\u017cy\u0142. \u2013 Dzisiaj, chocia\u017c widzimy tu trumn\u0119 z cia\u0142em ksi\u0119dza infu\u0142ata, to wierzymy, \u017ce Chrystus zwyci\u0119\u017cy\u0142 r\u00f3wnie\u017c w jego \u017cyciu i daje mu szcz\u0119\u015bcie na wieki \u2013 zako\u0144czy\u0142 wikariusz generalny diecezji bydgoskiej.<\/p>\n<p style=\"font-weight: 400;\">Ksi\u0105dz infu\u0142at Stanis\u0142aw Kotowski urodzi\u0142 si\u0119 8 listopada 1953 roku w Bydgoszczy. Po uko\u0144czeniu II Liceum Og\u00f3lnokszta\u0142c\u0105cego w Bydgoszczy w 1973 roku wst\u0105pi\u0142 do Prymasowskiego Wy\u017cszego Seminarium Duchownego w Gnie\u017anie.<\/p>\n<p style=\"font-weight: 400;\">W pro\u015bbie skierowanej do Prymasa Polski kard. Stefana Wyszy\u0144skiego o przyj\u0119cie do seminarium napisa\u0142: \u201eCzuj\u0105c bowiem w sobie g\u0142os Chrystusa: \u00abP\u00f3jd\u017a za Mn\u0105\u00bb, szczerze pragn\u0119 to wezwanie w pe\u0142nej po\u015bwi\u0119cenia i ofiary pos\u0142udze kap\u0142a\u0144skiej, dla wi\u0119kszej chwa\u0142y Bo\u017cej i dla dobra bli\u017anich zrealizowa\u0107\u201d.<\/p>\n<p style=\"font-weight: 400;\">\u015awi\u0119cenia diakonatu przyj\u0105\u0142 15 kwietnia 1978 roku z r\u0105k bp. Jana Czerniaka. \u015awi\u0119cenia kap\u0142a\u0144skie otrzyma\u0142 24 maja 1979 roku z r\u0105k bp. Jana Michalskiego w katedrze gnie\u017anie\u0144skiej.<\/p>\n<p style=\"font-weight: 400;\">Jako wikariusz pos\u0142ugiwa\u0142 w parafiach: \u015bw. Jakuba Aposto\u0142a w W\u0105growcu w latach 1979\u20131982, \u015bw. Marcina Biskupa w Szubinie w latach 1982\u20131983, \u015awi\u0119tego Ducha w Inowroc\u0142awiu w latach 1983\u20131986 oraz Naj\u015bwi\u0119tszej Maryi Panny Nieustaj\u0105cej Pomocy w Bydgoszczy w latach 1986\u20131992.<\/p>\n<p style=\"font-weight: 400;\">By\u0142 proboszczem parafii \u015bw. Wojciecha w Stodo\u0142ach w latach 1992\u20131993, parafii Naj\u015bwi\u0119tszej Maryi Panny Cz\u0119stochowskiej w Bydgoszczy w latach 1993\u20132010, a nast\u0119pnie parafii katedralnej \u015bw. Marcina i \u015bw. Miko\u0142aja w Bydgoszczy, kt\u00f3r\u0105 prowadzi\u0142 od 2010 do 2026 roku.<\/p>\n<p style=\"font-weight: 400;\">W przesz\u0142o\u015bci pe\u0142ni\u0142 urz\u0105d dziekana. By\u0142 prepozytem Kapitu\u0142y Katedralnej Diecezji Bydgoskiej oraz jej kanonikiem gremialnym, pra\u0142atem i infu\u0142atem. Od 1 wrze\u015bnia 1998 roku by\u0142 kapelanem Policji. S\u0142u\u017cy\u0142 r\u00f3wnie\u017c jako opiekun duchowy Towarzystwa Mi\u0142o\u015bnik\u00f3w Miasta Bydgoszczy oraz duszpasterz Zwi\u0105zku Sybirak\u00f3w czy prawnik\u00f3w i adwokat\u00f3w.<\/p>\n<p style=\"font-weight: 400;\">W jednej ze swoich homilii w katedrze m\u00f3wi\u0142: \u201eWe wszystkich \u017cyciowych wskaz\u00f3wkach, jakich udziela nam Jezus, wzywani jeste\u015bmy do czujno\u015bci w modlitwie, gotowo\u015bci stani\u0119cia przed Nim\u201d. Dzi\u015b te s\u0142owa brzmi\u0105 szczeg\u00f3lnie mocno.<\/p>\n<p style=\"font-weight: 400;\">Dalsze uroczysto\u015bci pogrzebowe odb\u0119d\u0105 si\u0119 w poniedzia\u0142ek, 31 sierpnia. Mszy \u015awi\u0119tej o godz. 11.00 w katedrze b\u0119dzie przewodniczy\u0142 ordynariusz diecezji bydgoskiej, bp Krzysztof W\u0142odarczyk. Po Eucharystii nast\u0105pi przejazd na Cmentarz Nowofarny przy ul. Artyleryjskiej w Bydgoszczy.<\/p>\n<p style=\"font-weight: 400;\">Uroczysto\u015bci zar\u00f3wno z katedry, jak i z cmentarza b\u0119d\u0105 transmitowane przez media diecezji bydgoskiej na kanale YouTube oraz na Facebooku.<\/p>\n<p>Drogi Czytelniku,<br \/>cieszymy si\u0119, \u017ce odwiedzasz nasz portal. Jeste\u015bmy tu dla Ciebie! <br \/>Ka\u017cdego dnia publikujemy najwa\u017cniejsze informacje z \u017cycia Ko\u015bcio\u0142a w Polsce i na \u015bwiecie. Jednak bez Twojej pomocy sprostanie temu zadaniu b\u0119dzie coraz trudniejsze.<br \/>Dlatego prosimy Ci\u0119 o <a href=\"https:\/\/patronite.pl\/kai\" rel=\"nofollow noopener\" target=\"_blank\">wsparcie portalu eKAI.pl za po\u015brednictwem serwisu Patronite.<\/a> <br \/>Dzi\u0119ki Tobie b\u0119dziemy mogli realizowa\u0107 nasz\u0105 misj\u0119. Wi\u0119cej informacji znajdziesz <a href=\"http:\/\/www.ekai.pl\/w-czasie-pandemii-katolickie-media-potrzebuja-wsparcia\/\" rel=\"nofollow noopener\" target=\"_blank\">tutaj<\/a>.  <\/p>\n","protected":false},"excerpt":{"rendered":"W niedziel\u0119, 30 sierpnia, w Katedrze \u015bwi\u0119tego Marcina i \u015bwi\u0119tego Miko\u0142aja w Bydgoszczy rozpocz\u0119\u0142y si\u0119 uroczysto\u015bci po\u017cegnalne \u015bp.&hellip;\n","protected":false},"author":2,"featured_media":658957,"comment_status":"","ping_status":"","sticky":false,"template":"","format":"standard","meta":{"footnotes":"","_share_on_mastodon":"0"},"categories":[51613],"tags":[2664,23684,7132,54011,54012,13925,22314,2707,4929,42,38,40,39,41],"class_list":["post-658956","post","type-post","status-publish","format-standard","has-post-thumbnail","category-bydgoszcz","tag-bog","tag-boze-narodzenie","tag-bydgoszcz","tag-diecezja","tag-ewangelia","tag-jan-pawel-ii","tag-jezus","tag-kosciol","tag-modlitwa","tag-pl","tag-poland","tag-polish","tag-polska","tag-polski"],"share_on_mastodon":{"url":"https:\/\/pubeurope.com\/@pl\/117193173339530650","error":""},"_links":{"self":[{"href":"https:\/\/www.europesays.com\/pl\/wp-json\/wp\/v2\/posts\/658956","targetHints":{"allow":["GET"]}}],"collection":[{"href":"https:\/\/www.europesays.com\/pl\/wp-json\/wp\/v2\/posts"}],"about":[{"href":"https:\/\/www.europesays.com\/pl\/wp-json\/wp\/v2\/types\/post"}],"author":[{"embeddable":true,"href":"https:\/\/www.europesays.com\/pl\/wp-json\/wp\/v2\/users\/2"}],"replies":[{"embeddable":true,"href":"https:\/\/www.europesays.com\/pl\/wp-json\/wp\/v2\/comments?post=658956"}],"version-history":[{"count":0,"href":"https:\/\/www.europesays.com\/pl\/wp-json\/wp\/v2\/posts\/658956\/revisions"}],"wp:featuredmedia":[{"embeddable":true,"href":"https:\/\/www.europesays.com\/pl\/wp-json\/wp\/v2\/media\/658957"}],"wp:attachment":[{"href":"https:\/\/www.europesays.com\/pl\/wp-json\/wp\/v2\/media?parent=658956"}],"wp:term":[{"taxonomy":"category","embeddable":true,"href":"https:\/\/www.europesays.com\/pl\/wp-json\/wp\/v2\/categories?post=658956"},{"taxonomy":"post_tag","embeddable":true,"href":"https:\/\/www.europesays.com\/pl\/wp-json\/wp\/v2\/tags?post=658956"}],"curies":[{"name":"wp","href":"https:\/\/api.w.org\/{rel}","templated":true}]}}