{"id":658980,"date":"2026-09-01T01:39:19","date_gmt":"2026-09-01T01:39:19","guid":{"rendered":"https:\/\/www.europesays.com\/pl\/658980\/"},"modified":"2026-09-01T01:39:19","modified_gmt":"2026-09-01T01:39:19","slug":"apple-watch-12-i-ultra-4-przyniosa-wazna-funkcje-ktora-znacie-ze-smartzegarkow-garmina","status":"publish","type":"post","link":"https:\/\/www.europesays.com\/pl\/658980\/","title":{"rendered":"Apple Watch 12 i Ultra 4 przynios\u0105 wa\u017cn\u0105 funkcj\u0119, kt\u00f3r\u0105 znacie ze smartzegark\u00f3w Garmina"},"content":{"rendered":"<p class=\"long\">Dla wielu mo\u017ce to by\u0107 niespodziank\u0105, ale Apple Watch nie mierzy stale naszego t\u0119tna. Jak m\u00f3wi <a href=\"https:\/\/images.apple.com\/my\/health\/pdf\/Heart_Rate_Calorimetry_Activity_on_Apple_Watch_November_2024.pdf?utm_source=chatgpt.com\" target=\"_blank\" rel=\"noopener nofollow\">oficjalna strona Apple<\/a>, smart zegarki firmy mierz\u0105 t\u0119tno i prac\u0119 serca w czasie rzeczywistym tylko w trakcie aktywno\u015bci sportowych. Gdy u\u017cytkownik jest w \u201estanie spoczynku\u201d pomiar odbywa si\u0119 w interwa\u0142ach do 5 minut. Nie jest to jednak sta\u0142a warto\u015b\u0107, bo zmienia si\u0119 w zale\u017cno\u015bci od naszej aktywno\u015bci i zaj\u0119\u0107. Dla wielu os\u00f3b mo\u017ce to by\u0107 pewnego rodzaju problemem \u2014 zw\u0142aszcza je\u015bli chc\u0105 dok\u0142adnych danych pracy serca podczas spoczynku lub w trakcie snu. Teraz wszystko wskazuje, \u017ce Apple pozwoli na ci\u0105g\u0142e monitorowanie pracy serca i t\u0119tna.<\/p>\n<p>Apple Watch 12 i Ultra 2 z wi\u0119kszymi mo\u017cliwo\u015bciami<\/p>\n<p><img loading=\"lazy\" decoding=\"async\" class=\"aligncenter size-full wp-image-307660\" src=\"https:\/\/www.europesays.com\/pl\/wp-content\/uploads\/2026\/09\/Obrazek-7-3-scaled.jpeg\" alt=\"Nomad Tempo Apple Watch Band\" width=\"2560\" height=\"1267\" title=\"Apple Watch 12 i Ultra 4 przynios\u0105 wa\u017cn\u0105 funkcj\u0119, kt\u00f3r\u0105 znacie ze smartzegark\u00f3w Garmina 4\"  \/><\/p>\n<p>Do premiery nowego Apple Watch 12 oraz Apple Watch Ultra 4 zosta\u0142o naprawd\u0119 ma\u0142o czasu. Ju\u017c 9 wrze\u015bnia oba urz\u0105dzenia zostan\u0105 zaprezentowane oficjalnie podczas premiery nowej serii iPhone\u2019a 18 Pro, 18 Pro Max oraz sk\u0142adanego iPhone\u2019a Ultra.<\/p>\n<p>Co ciekawe w tym roku naprawd\u0119 ma\u0142o dowiedzieli\u015bmy si\u0119 o nadchodz\u0105cych urz\u0105dzeniach z plotek i przeciek\u00f3w. Wiemy, \u017ce Apple Watch 12 i Ultra 4 nie przynios\u0119 rewolucji. Obie dostan\u0105 solidny upgrade za dwa lata i przejd\u0105 rewolucj\u0119 dopiero za cztery.<\/p>\n<p>Jaki\u015b czas temu dotar\u0142y do nas wiadomo\u015bci, \u017ce Apple planuje zaimplementowa\u0107 nowe, lepsze czujniki w swoich smart zegarkach. Dodatkowo Apple Watch Ultra 4 ma dysponowa\u0107 now\u0105 obudow\u0105, ale nie dostrze\u017cemy zmian, bo odnosz\u0105 si\u0119 reorganizacja wn\u0119trza. Tu pojawi\u0142y si\u0119 plotki o pojemniejszej baterii \u2014 niestety nie otrzymali\u015bmy potwierdzenia tych wie\u015bci.<\/p>\n<p>Wczoraj na premier\u0119 nowych Apple Watch 12 i Ultra 4 \u015bwiat\u0142o rzuci\u0142 Mark Gurman z redakcji serwisu Bloomberg. W swoim cotygodniowym biuletynie Power On przekaza\u0142, \u017ce Apple testuje nowe, bardziej precyzyjne czujniki PPG (fotopletyzmograficzny).<\/p>\n<p>G\u0142\u00f3wn\u0105 jego zalet\u0105 opr\u00f3cz jeszcze wi\u0119kszej dok\u0142adno\u015bci b\u0119dzie mo\u017cliwo\u015b\u0107 wykonywania ci\u0105g\u0142ych pomiar\u00f3w w czasie rzeczywistym. Mo\u017cliwe jest to te\u017c ze wzgl\u0119du na ca\u0142kiem nowy procesor S11, kt\u00f3ry znajdzie si\u0119 w urz\u0105dzeniach. Nie maj jednak ca\u0142kowitej pewno\u015bci, czy rozwi\u0105zanie zadebiutuje w produkcyjnej wersji smart zegark\u00f3w Apple. Funkcja ci\u0105g\u0142ego pomiaru mo\u017ce zosta\u0107 ograniczona ze wzgl\u0119du na wi\u0119ksze zu\u017cycie energii.<\/p>\n","protected":false},"excerpt":{"rendered":"Dla wielu mo\u017ce to by\u0107 niespodziank\u0105, ale Apple Watch nie mierzy stale naszego t\u0119tna. Jak m\u00f3wi oficjalna strona&hellip;\n","protected":false},"author":2,"featured_media":658981,"comment_status":"","ping_status":"","sticky":false,"template":"","format":"standard","meta":{"footnotes":"","_share_on_mastodon":"0"},"categories":[20],"tags":[120,118,119,42,38,40,39,41,116,114,115,121,117],"class_list":["post-658980","post","type-post","status-publish","format-standard","has-post-thumbnail","category-nauka-i-technika","tag-nauka","tag-nauka-i-technika","tag-naukatechnika","tag-pl","tag-poland","tag-polish","tag-polska","tag-polski","tag-science","tag-science-and-technology","tag-sciencetechnology","tag-technika","tag-technology"],"share_on_mastodon":{"url":"https:\/\/pubeurope.com\/@pl\/117193236823830586","error":""},"_links":{"self":[{"href":"https:\/\/www.europesays.com\/pl\/wp-json\/wp\/v2\/posts\/658980","targetHints":{"allow":["GET"]}}],"collection":[{"href":"https:\/\/www.europesays.com\/pl\/wp-json\/wp\/v2\/posts"}],"about":[{"href":"https:\/\/www.europesays.com\/pl\/wp-json\/wp\/v2\/types\/post"}],"author":[{"embeddable":true,"href":"https:\/\/www.europesays.com\/pl\/wp-json\/wp\/v2\/users\/2"}],"replies":[{"embeddable":true,"href":"https:\/\/www.europesays.com\/pl\/wp-json\/wp\/v2\/comments?post=658980"}],"version-history":[{"count":0,"href":"https:\/\/www.europesays.com\/pl\/wp-json\/wp\/v2\/posts\/658980\/revisions"}],"wp:featuredmedia":[{"embeddable":true,"href":"https:\/\/www.europesays.com\/pl\/wp-json\/wp\/v2\/media\/658981"}],"wp:attachment":[{"href":"https:\/\/www.europesays.com\/pl\/wp-json\/wp\/v2\/media?parent=658980"}],"wp:term":[{"taxonomy":"category","embeddable":true,"href":"https:\/\/www.europesays.com\/pl\/wp-json\/wp\/v2\/categories?post=658980"},{"taxonomy":"post_tag","embeddable":true,"href":"https:\/\/www.europesays.com\/pl\/wp-json\/wp\/v2\/tags?post=658980"}],"curies":[{"name":"wp","href":"https:\/\/api.w.org\/{rel}","templated":true}]}}