{"id":659014,"date":"2026-09-01T02:05:25","date_gmt":"2026-09-01T02:05:25","guid":{"rendered":"https:\/\/www.europesays.com\/pl\/659014\/"},"modified":"2026-09-01T02:05:25","modified_gmt":"2026-09-01T02:05:25","slug":"legia-warszawa-ma-dosc-tego-pilkarza-nie-bedzie-latwo-sie-go-pozbyc-2","status":"publish","type":"post","link":"https:\/\/www.europesays.com\/pl\/659014\/","title":{"rendered":"Legia Warszawa ma do\u015b\u0107 tego pi\u0142karza. Nie b\u0119dzie \u0142atwo si\u0119 go pozby\u0107"},"content":{"rendered":"<p>Legia latem mocno odchudzi\u0142a sk\u0142ad. Odesz\u0142o 12 pi\u0142karzy, kt\u00f3rzy byli w kadrze wiosn\u0105, a przysz\u0142o tylko sze\u015bciu.<\/p>\n<p>A to nie koniec zmian. Z Legii niebawem odejdzie jeden niechciany pi\u0142karz Petar Stojanovi\u0107. Informacj\u0119 o tym, \u017ce ma przej\u015b\u0107 do Mariboru poda\u0142y s\u0142owe\u0144skie media, a nam uda\u0142o si\u0119 potwierdzi\u0107, \u017ce jest ju\u017c to przes\u0105dzone.<\/p>\n<p>Stojanovi\u0107 trafi\u0142 do Legii latem 2025 r., ale rozczarowa\u0142. Wyst\u0105pi\u0142 w 26 meczach, w tym 14 w pierwszym sk\u0142adzie, strzeli\u0142 jednego gola i mia\u0142 jedn\u0105 asyst\u0119. Gra\u0142 g\u0142\u00f3wnie jesieni\u0105, wiosn\u0105 ju\u017c prawie wcale. Latem mia\u0142 odej\u015b\u0107 z klubu, interesowa\u0142 si\u0119 nim Maribor z jego ojczyzny. Dozna\u0142 jednak powa\u017cnej kontuzji, kt\u00f3ra wyklucza go z gry do ko\u0144ca roku, wi\u0119c zdawa\u0142o si\u0119, \u017ce transfer upad\u0142. W ko\u0144cu jednak Maribor pozyska go nawet mimo kontuzji. W reprezentacji S\u0142owenii zagra\u0142 w 73 meczach i w ojczy\u017anie ma mark\u0119 lepsz\u0105 ni\u017c w Polsce.<\/p>\n<p>Du\u017co wi\u0119ksze emocje budzi jednak sprawa Milety Rajovicia. Z naszych informacji wynika, \u017ce Legia te\u017c ch\u0119tnie po\u017cegna\u0142aby si\u0119 z tym napastnikiem. To jednak nie takie proste, bo jak s\u0142yszeli\u015bmy, nie ma na niego ch\u0119tnych. W Legii zdoby\u0142 10 bramek w 49 meczach. Ostatniego gola strzeli\u0142 6 kwietnia w meczu z Pogoni\u0105. Jego strzelecka niemoc trwa ju\u017c przez 660 minut, czyli 11 godzin.<\/p>\n<p>A Legia nie b\u0119dzie na si\u0142\u0119 wypycha\u0107 go z klubu. Po dw\u00f3ch pierwszych meczach straci\u0142 miejsce w pierwszej jedenastce, ale nie poszed\u0142 zupe\u0142nie w odstawk\u0119. W ka\u017cdym kolejnym meczu gra jednak mniej ni\u017c w poprzednim. Ostatnio w starciu ze \u015al\u0105skiem wszed\u0142 z \u0142awki w 85. minucie i zn\u00f3w zosta\u0142 wygwizdany przez kibic\u00f3w, kt\u00f3rzy maj\u0105 do\u015b\u0107 jego nieskuteczno\u015bci i boiskowej nieporadno\u015bci. W starciu z Radomiakiem otrzyma\u0142 jeszcze wi\u0119ksz\u0105 porcj\u0119 gwizd\u00f3w.<\/p>\n<p>Dorobek Rajovicia nie zach\u0119ca jednak innych klub\u00f3w. A do tego ma do\u015b\u0107 wysok\u0105 pensj\u0119 (ok. 40 tys. euro miesi\u0119cznie).<\/p>\n<p>Odej\u015b\u0107 ma te\u017c inny napastnik Antonio Colak. <a href=\"https:\/\/przegladsportowy.onet.pl\/pilka-nozna\/ekstraklasa\/legia-ukradla-pilkarza-innemu-klubowi-wielka-klapa-juz-wyjechal-z-polski\/npj9c8m\" id=\"c28c4e7b-9aca-49f2-ab12-817b6ef6c67c\" rel=\"nofollow noopener\" target=\"_blank\">Indonezyjski portal Warta Banjar informowa\u0142 o zainteresowaniu ze strony Persiji D\u017cakarta.<\/a><\/p>\n<p>We wtorek zamyka si\u0119 okno w najmocniejszych ligach, w wielu innych b\u0119dzie jeszcze otwarte.<\/p>\n<p>Japo\u0144czyk wkr\u00f3tce trafi do Legii<\/p>\n<p>Z drugiej strony Legia ma pozyska\u0107 na zasadzie wypo\u017cyczenia z opcj\u0105 wykupu Japo\u0144czyka Shinnosuke Fukud\u0119, o czym informowa\u0142y japo\u0144skie media i Tomasz W\u0142odarczyk z portalu Meczyki. Z naszych informacji wynika, \u017ce stanie si\u0119 to pod koniec tygodnia.<\/p>\n<p>Bardziej skomplikowana jest sprawa Bohdana Wjunnyka, kt\u00f3rego w sk\u0142adzie widzi Marek Papszun maj\u0105cy bardzo du\u017co do powiedzenia w sprawie transfer\u00f3w. Wysoki (189 cm), lubi\u0105cy du\u017co biega\u0107 ofensywny pomocnik pasuje do jego koncepcji.<\/p>\n<p>Sam Ukrainiec ostatnio na antenie Meczyk\u00f3w powiedzia\u0142, \u017ce chce przej\u015b\u0107 tylko do Legii. Ta musi jednak porozumie\u0107 si\u0119 z Lechi\u0105, co nie jest \u0142atwe. Legia latem nie ma pieni\u0119dzy na transfery got\u00f3wkowe, wi\u0119c albo pozyskuje zawodnik\u00f3w z kart\u0105 na r\u0119ku (Ivan Brki\u0107, Zoran Arseni\u0107, \u0141ukasz Zjawi\u0144ski, Robert Deziel), albo ich wypo\u017cycza (Jan Kuchta, Michal Sevicik). W ramach wymiany z Lechi\u0105 mog\u0142aby przekaza\u0107 dw\u00f3ch m\u0142odych zawodnik\u00f3w, ale na razie nie ma porozumienia mi\u0119dzy klubami.<\/p>\n<p>Okno w Polsce zamyka si\u0119 9 wrze\u015bnia, kluby b\u0119d\u0105 mia\u0142y jeszcze ponad tydzie\u0144 na sprowadzenie zawodnik\u00f3w, kt\u00f3rzy nie znale\u017ali sobie dru\u017cyny w najmocniejszych ligach.<\/p>\n","protected":false},"excerpt":{"rendered":"Legia latem mocno odchudzi\u0142a sk\u0142ad. Odesz\u0142o 12 pi\u0142karzy, kt\u00f3rzy byli w kadrze wiosn\u0105, a przysz\u0142o tylko sze\u015bciu. A&hellip;\n","protected":false},"author":2,"featured_media":659015,"comment_status":"","ping_status":"","sticky":false,"template":"","format":"standard","meta":{"footnotes":"","_share_on_mastodon":"0"},"categories":[51605],"tags":[56,61195,274,48,46,55,948,42,38,40,39,41,47,435],"class_list":["post-659014","post","type-post","status-publish","format-standard","has-post-thumbnail","category-warszawa","tag-article_premium","tag-bottomfeed_styl","tag-ekstraklasa","tag-nat_styl","tag-omp","tag-phx","tag-pilka_nozna","tag-pl","tag-poland","tag-polish","tag-polska","tag-polski","tag-screening_general","tag-warszawa"],"share_on_mastodon":{"url":"https:\/\/pubeurope.com\/@pl\/117193338134848648","error":""},"_links":{"self":[{"href":"https:\/\/www.europesays.com\/pl\/wp-json\/wp\/v2\/posts\/659014","targetHints":{"allow":["GET"]}}],"collection":[{"href":"https:\/\/www.europesays.com\/pl\/wp-json\/wp\/v2\/posts"}],"about":[{"href":"https:\/\/www.europesays.com\/pl\/wp-json\/wp\/v2\/types\/post"}],"author":[{"embeddable":true,"href":"https:\/\/www.europesays.com\/pl\/wp-json\/wp\/v2\/users\/2"}],"replies":[{"embeddable":true,"href":"https:\/\/www.europesays.com\/pl\/wp-json\/wp\/v2\/comments?post=659014"}],"version-history":[{"count":0,"href":"https:\/\/www.europesays.com\/pl\/wp-json\/wp\/v2\/posts\/659014\/revisions"}],"wp:featuredmedia":[{"embeddable":true,"href":"https:\/\/www.europesays.com\/pl\/wp-json\/wp\/v2\/media\/659015"}],"wp:attachment":[{"href":"https:\/\/www.europesays.com\/pl\/wp-json\/wp\/v2\/media?parent=659014"}],"wp:term":[{"taxonomy":"category","embeddable":true,"href":"https:\/\/www.europesays.com\/pl\/wp-json\/wp\/v2\/categories?post=659014"},{"taxonomy":"post_tag","embeddable":true,"href":"https:\/\/www.europesays.com\/pl\/wp-json\/wp\/v2\/tags?post=659014"}],"curies":[{"name":"wp","href":"https:\/\/api.w.org\/{rel}","templated":true}]}}