{"id":659058,"date":"2026-09-01T02:41:21","date_gmt":"2026-09-01T02:41:21","guid":{"rendered":"https:\/\/www.europesays.com\/pl\/659058\/"},"modified":"2026-09-01T02:41:21","modified_gmt":"2026-09-01T02:41:21","slug":"kosmiczny-spektakl-na-koniec-wakacji-roj-aurygidow-rozswietli-nocne-niebo","status":"publish","type":"post","link":"https:\/\/www.europesays.com\/pl\/659058\/","title":{"rendered":"Kosmiczny spektakl na koniec wakacji. R\u00f3j Aurygid\u00f3w roz\u015bwietli nocne niebo"},"content":{"rendered":"<p>&#13;<br \/>\n                    &#13;<br \/>\n                    &#13;<br \/>\n&#13;<\/p>\n<p>                                                            &#13;<br \/>\n                                    Opracowanie:&#13;<br \/>\n                                                                            &#13;<br \/>\n                                                                                    <a itemprop=\"url\" href=\"https:\/\/www.rmf24.pl\/autor\/85,jakub-sarna\" rel=\"nofollow noopener\" target=\"_blank\">Jakub Sarna<\/a>&#13;<br \/>\n                                                                                &#13;<\/p>\n<p>                                                            Publikacja: Wczoraj, 31 sierpnia (13:47)<\/p>\n<p>                    &#13;<br \/>\n&#13;<\/p>\n<p>0:00<\/p>\n<p>2:06<\/p>\n<p>                    Pos\u0142uchaj artyku\u0142u<br \/>\n                    &#13;<br \/>\n                        Czytane g\u0142osem AI&#13;<br \/>\n                        &#13;<\/p>\n<p>&#13;<br \/>\n&#13;<br \/>\n&#13;<\/p>\n<p class=\"article-page__lead\">Ju\u017c wkr\u00f3tce czeka nas wyj\u0105tkowe widowisko na nocnym niebie. 1 wrze\u015bnia swoje maksimum osi\u0105gnie r\u00f3j meteor\u00f3w zwanych Aurygidami. Sprawd\u017a, gdzie i kiedy najlepiej wypatrywa\u0107 \u201espadaj\u0105cych gwiazd\u201d oraz sk\u0105d wzi\u0119\u0142a si\u0119 nazwa tego niezwyk\u0142ego roju.<\/p>\n<p>&#13;<br \/>\n                                    &#13;<br \/>\n                        &#13;<br \/>\n                        &#13;<br \/>\n                        <img decoding=\"async\" src=\"https:\/\/www.europesays.com\/pl\/wp-content\/uploads\/2026\/09\/zdjecie-ilustracyjne-966x643-b5603ed6.jpg\" alt=\"Kosmiczny spektakl na koniec wakacji. R\u00f3j Aurygid\u00f3w roz\u015bwietli nocne niebo\" class=\"article-page__image\" loading=\"lazy\"\/>&#13;<\/p>\n<p>&#13;<br \/>\n                                                                    Zdj\u0119cie ilustracyjne&#13;<br \/>\n                                                                                                    \/Shutterstock&#13;\n                                                            <\/p>\n<p>&#13;<\/p>\n<p>Mi\u0142o\u015bnicy astronomii i wszyscy ci, kt\u00f3rzy lubi\u0105 patrze\u0107 w gwiazdy, maj\u0105 pow\u00f3d do rado\u015bci. Od 28 sierpnia na niebie mo\u017cna obserwowa\u0107 r\u00f3j meteor\u00f3w Aurygid\u00f3w. Najwi\u0119cej \u201espadaj\u0105cych gwiazd\u201d pojawi si\u0119 w nocy z 31 sierpnia na 1 wrze\u015bnia \u2013 wtedy w\u0142a\u015bnie przypada maksimum aktywno\u015bci tego roju. Kosmiczny spektakl potrwa do 5 wrze\u015bnia.<\/p>\n<p>Sk\u0105d pochodz\u0105 Aurygidy?<\/p>\n<p>Aurygidy to meteory, kt\u00f3re wydaj\u0105 si\u0119 wybiega\u0107 z tzw. radiantu, jednego punktu na niebie, znajduj\u0105cego si\u0119 w gwiazdozbiorze Wo\u017anicy (Auriga). St\u0105d w\u0142a\u015bnie pochodzi nazwa tego roju. \u0179r\u00f3d\u0142em Aurygid\u00f3w jest kometa C\/1911 N1 (Kiess).<\/p>\n<p><a href=\"https:\/\/www.rmf24.pl\/fakty\/nauka\/news-teleskop-kosmiczny-nancy-grace-roman-wystartowal-nowa-era-ba,nIdn,1015627\" rel=\"nofollow noopener\" target=\"_blank\"><img decoding=\"async\" src=\"https:\/\/www.europesays.com\/pl\/wp-content\/uploads\/2026\/09\/teleskop-kosmiczny-nancy-grace-roman-zdj-966x643-e985eb9b.jpg\" width=\"290\" alt=\"\"\/><\/a><a href=\"https:\/\/www.rmf24.pl\/fakty\/nauka\/news-teleskop-kosmiczny-nancy-grace-roman-wystartowal-nowa-era-ba,nIdn,1015627\" rel=\"nofollow noopener\" target=\"_blank\">Teleskop Kosmiczny Nancy Grace Roman wystartowa\u0142. Nowa era bada\u0144 Wszech\u015bwiata<\/a><\/p>\n<p>Ju\u017c tylko doba pozosta\u0142a do startu jednej z najbardziej oczekiwanych misji kosmicznych ostatnich lat. Teleskop Kosmiczny Nancy Grace Roman, najnowszy flagowy projekt NASA, przeszed\u0142 pomy\u015blnie ostatni etap przygotowa\u0144. Start z pomoc\u0105 rakiety no\u015bnej\u2026<\/p>\n<p>Ile meteor\u00f3w zobaczymy?<\/p>\n<p>Wed\u0142ug \u201eAlmanachu astronomicznego na rok 2026\u201d wydanego przez Polskie Towarzystwo Astronomiczne, podczas maksimum mo\u017cna spodziewa\u0107 si\u0119 do 10 meteor\u00f3w na godzin\u0119. Najlepsze warunki do obserwacji b\u0119d\u0105 w drugiej po\u0142owie nocy, kiedy radiant znajdzie si\u0119 wysoko nad horyzontem.\u00a0<\/p>\n<p>Warto jednak pami\u0119ta\u0107, \u017ce Aurygidy to bardzo szybkie meteory \u2013 ich pr\u0119dko\u015b\u0107 dochodzi do 66 km\/s. Po przelocie zostawiaj\u0105 na niebie \u015bwietliste \u015blady, kt\u00f3re przez chwil\u0119 mo\u017cna podziwia\u0107 go\u0142ym okiem.<\/p>\n<p>Jasny Ksi\u0119\u017cyc utrudni obserwacje<\/p>\n<p>Niestety, w tym roku warunki do obserwacji nie b\u0119d\u0105 idealne. Ksi\u0119\u017cyc jest kr\u00f3tko po pe\u0142ni i odbite przez niego \u015bwiat\u0142o mo\u017ce utrudnia\u0107 dostrze\u017cenie s\u0142abszych meteor\u00f3w. Mimo to warto spr\u00f3bowa\u0107 \u2013 szczeg\u00f3lnie poza miastem, gdzie niebo jest mniej zanieczyszczone \u015bwiat\u0142em.<\/p>\n<p>Zwi\u0119kszon\u0105 aktywno\u015b\u0107 tego roju notowano w latach 1935, 1986, 1994 i 2019.\u00a0<\/p>\n<p><a href=\"https:\/\/www.rmf24.pl\/fakty\/nauka\/news-nawet-400-stopni-cieplej-na-poludniu-marsa-zaskakujace-odkry,nIdn,1015619\" rel=\"nofollow noopener\" target=\"_blank\"><img decoding=\"async\" src=\"https:\/\/www.europesays.com\/pl\/wp-content\/uploads\/2026\/09\/mars-966x643-d3070252.jpg\" width=\"290\" alt=\"\"\/><\/a><a href=\"https:\/\/www.rmf24.pl\/fakty\/nauka\/news-nawet-400-stopni-cieplej-na-poludniu-marsa-zaskakujace-odkry,nIdn,1015619\" rel=\"nofollow noopener\" target=\"_blank\">Nawet 400 stopni cieplej na po\u0142udniu Marsa. Zaskakuj\u0105ce odkrycie<\/a><\/p>\n<p>Najnowsze badania naukowc\u00f3w z ameryka\u0144skiej uczelni Caltech rzucaj\u0105 zupe\u0142nie nowe \u015bwiat\u0142o na to, co dzieje si\u0119 pod powierzchni\u0105 Marsa. Okazuje si\u0119, \u017ce wn\u0119trze tej planety wcale nie jest jednorodne termicznie. P\u00f3\u0142kula po\u0142udniowa Marsa jest nawet o\u2026<\/p>\n","protected":false},"excerpt":{"rendered":"&#13; &#13; &#13; &#13; &#13; Opracowanie:&#13; &#13; Jakub Sarna&#13; &#13; Publikacja: Wczoraj, 31 sierpnia (13:47) &#13; &#13; 0:00&hellip;\n","protected":false},"author":2,"featured_media":659059,"comment_status":"","ping_status":"","sticky":false,"template":"","format":"standard","meta":{"footnotes":"","_share_on_mastodon":"0"},"categories":[20],"tags":[120,118,119,42,38,40,39,41,116,114,115,121,117],"class_list":["post-659058","post","type-post","status-publish","format-standard","has-post-thumbnail","category-nauka-i-technika","tag-nauka","tag-nauka-i-technika","tag-naukatechnika","tag-pl","tag-poland","tag-polish","tag-polska","tag-polski","tag-science","tag-science-and-technology","tag-sciencetechnology","tag-technika","tag-technology"],"share_on_mastodon":{"url":"https:\/\/pubeurope.com\/@pl\/117193480783701864","error":""},"_links":{"self":[{"href":"https:\/\/www.europesays.com\/pl\/wp-json\/wp\/v2\/posts\/659058","targetHints":{"allow":["GET"]}}],"collection":[{"href":"https:\/\/www.europesays.com\/pl\/wp-json\/wp\/v2\/posts"}],"about":[{"href":"https:\/\/www.europesays.com\/pl\/wp-json\/wp\/v2\/types\/post"}],"author":[{"embeddable":true,"href":"https:\/\/www.europesays.com\/pl\/wp-json\/wp\/v2\/users\/2"}],"replies":[{"embeddable":true,"href":"https:\/\/www.europesays.com\/pl\/wp-json\/wp\/v2\/comments?post=659058"}],"version-history":[{"count":0,"href":"https:\/\/www.europesays.com\/pl\/wp-json\/wp\/v2\/posts\/659058\/revisions"}],"wp:featuredmedia":[{"embeddable":true,"href":"https:\/\/www.europesays.com\/pl\/wp-json\/wp\/v2\/media\/659059"}],"wp:attachment":[{"href":"https:\/\/www.europesays.com\/pl\/wp-json\/wp\/v2\/media?parent=659058"}],"wp:term":[{"taxonomy":"category","embeddable":true,"href":"https:\/\/www.europesays.com\/pl\/wp-json\/wp\/v2\/categories?post=659058"},{"taxonomy":"post_tag","embeddable":true,"href":"https:\/\/www.europesays.com\/pl\/wp-json\/wp\/v2\/tags?post=659058"}],"curies":[{"name":"wp","href":"https:\/\/api.w.org\/{rel}","templated":true}]}}