{"id":659064,"date":"2026-09-01T02:44:17","date_gmt":"2026-09-01T02:44:17","guid":{"rendered":"https:\/\/www.europesays.com\/pl\/659064\/"},"modified":"2026-09-01T02:44:17","modified_gmt":"2026-09-01T02:44:17","slug":"ostre-slowa-posla-pis-pod-adresem-mateusza-morawieckiego-cynizm-do-kwadratu-wiadomosci-onet","status":"publish","type":"post","link":"https:\/\/www.europesays.com\/pl\/659064\/","title":{"rendered":"Ostre s\u0142owa pos\u0142a PiS pod adresem Mateusza Morawieckiego. &quot;Cynizm do kwadratu&quot; &#8211; Wiadomo\u015bci Onet"},"content":{"rendered":"<ol>\n<li><a href=\"https:\/\/news.google.com\/rss\/articles\/CBMiswFBVV95cUxPcGdMSlFVbWVtWDlYa0t1blc3Ym9QOExNaUF5RVp5cmFCNEVyXzFVMkhSRHlkdXUtN19oYjJ5dVpNR2xKaUlkeVVGWGNXdkpHNmdTT3o3cDBtSngtcjBvaC1nVS0zOWhnUm9fejVSeHlQMGVXMEFKdG9wZjVYd1R2dUFhUDdmdl85NHlTb3B6M0dPWDJ2TUJBMEQtWXF1MnAySWdNYkJxUS1pWkZsc3hSR25ENA?oc=5\" target=\"_blank\" rel=\"nofollow noopener\">Ostre s\u0142owa pos\u0142a PiS pod adresem Mateusza Morawieckiego. &#8222;Cynizm do kwadratu&#8221;<\/a>&nbsp;&nbsp;Wiadomo\u015bci Onet<\/li>\n<li><a href=\"https:\/\/news.google.com\/rss\/articles\/CBMiswFBVV95cUxOMGp3eWFzQWRmeWdiYldnMGlIN0ltQ2tPV3NwVmRuWURzUHBET3ltYl91TzBFS09IclVoaFVydmRWWnJrVUk5QTFrT1FVV3FjanBHRzRBcVdaekE0TXpEMEhmMDdoV1lVaVRqQ09GSUFGb2t6RFdzLUFoWXpXcE1PVDdKcFZtb1RpTjBWUnRVWmRFV3pYQlVCcjdRS3lhaXhJSWJrTkVMV1B2T19BOFBuYWNKaw?oc=5\" target=\"_blank\" rel=\"nofollow noopener\">Morawiecki wskaza\u0142 przyczyn\u0119 &#8222;kl\u0119ski Zjednoczonej Prawicy&#8221;. Pose\u0142 PiS: Czy ty si\u0119 dobrze czujesz?<\/a>&nbsp;&nbsp;Interia Wydarzenia<\/li>\n<li><a href=\"https:\/\/news.google.com\/rss\/articles\/CBMitgFBVV95cUxQeHNldWxuMTFUMjd0VFVCSjgyaUNMVE9qamFsNVF5YXZLTUxiNEF4NjNQUFcyb0s0ZS1tV1gwbktCMVNwN0Mzc05vRUxRVXZodXVjbDcxWmNyWW94RFE5YWE5RXNCY3MydVRSY0Fwb29VeVpiWlU4ekJUN0xkSkJuM0NTRVJPUWwwOW9xNTZtam0zb01XWE4zWlR1REliWUFVS0Z4QjN5VG1xVDNHZVJqSDFwVUpSdw?oc=5\" target=\"_blank\" rel=\"nofollow noopener\">&#8222;Czy ty si\u0119 dobrze czujesz?&#8221;. Pose\u0142 PiS w\u015bciek\u0142y po tym, co powiedzia\u0142 Morawiecki<\/a>&nbsp;&nbsp;wiadomosci.gazeta.pl<\/li>\n<li><a href=\"https:\/\/news.google.com\/rss\/articles\/CBMiowFBVV95cUxPNnJIZE4yZ0NVQ0txbndtY0FRc2pPNUxDdm9ieFNNX051S3dfUVRlLUxlblhzOHo3OEhPZkRjc1hBWkNjU1Jmd083VTZOMm9EZWo2ZkFfam9tX3puQk1rZW1FVlVtN3lQMGwzdkxUdTFZemdTaUtoMDJ6dFRCWHNIRml4MUxYZ09jWk5ZVk1nZkF4bXZGTWRpVFdEMjhWM0s1NFN3?oc=5\" target=\"_blank\" rel=\"nofollow noopener\">Mateusz Morawiecki o pora\u017cce PiS. Micha\u0142 W\u00f3jcik nie wytrzyma\u0142<\/a>&nbsp;&nbsp;Wprost<\/li>\n<li><a href=\"https:\/\/news.google.com\/rss\/articles\/CBMirwFBVV95cUxOVFFJT3VORGtubndhOEtJYkNobWE3QlN5V0t1a3M2cjl0a2FSRERBTjRpSjVBb2JhcFVLdEtITkRUZ2dZX2VXUE1Zd3hmY2s1UUV4S3ZFZ29SdFNsLXdnVFpDQW15YU1FUjhXbjduU0NHV21UdXV0RmY4dGp0Tk9Tc1NxT1VYM2ZJRWRMQ29YdkhaOElLeHFBc1llNjEyV1FlWkxrb0pTTzZkNFZGMmlZ?oc=5\" target=\"_blank\" rel=\"nofollow noopener\">&#8222;Polityka tego zdrajcy&#8221;. Jaki kpi z Morawieckiego i wyci\u0105ga nagranie o KPO<\/a>&nbsp;&nbsp;dorzeczy.pl<\/li>\n<\/ol>\n","protected":false},"excerpt":{"rendered":"Ostre s\u0142owa pos\u0142a PiS pod adresem Mateusza Morawieckiego. &#8222;Cynizm do kwadratu&#8221;&nbsp;&nbsp;Wiadomo\u015bci Onet Morawiecki wskaza\u0142 przyczyn\u0119 &#8222;kl\u0119ski Zjednoczonej Prawicy&#8221;.&hellip;\n","protected":false},"author":2,"featured_media":659065,"comment_status":"","ping_status":"","sticky":false,"template":"","format":"standard","meta":{"footnotes":"","_share_on_mastodon":"0"},"categories":[12],"tags":[61195,32,33,36,37,27,3948,49,34,35,3946,28,31,48,25,46,529,42,38,40,39,41,114016,47,11622,29,30,70,26],"class_list":["post-659064","post","type-post","status-publish","format-standard","has-post-thumbnail","category-polska","tag-bottomfeed_styl","tag-breaking-news","tag-breakingnews","tag-featured-news","tag-featurednews","tag-headlines","tag-kpo","tag-kraj","tag-latest-news","tag-latestnews","tag-mateusz_morawiecki","tag-naglowki","tag-najwazniejsze-artykuly","tag-nat_styl","tag-news","tag-omp","tag-pis","tag-pl","tag-poland","tag-polish","tag-polska","tag-polski","tag-rozwoj_plus","tag-screening_general","tag-sebastian_kaleta","tag-top-stories","tag-topstories","tag-w_skrocie","tag-wiadomosci"],"share_on_mastodon":{"url":"https:\/\/pubeurope.com\/@pl\/117193491332836761","error":""},"_links":{"self":[{"href":"https:\/\/www.europesays.com\/pl\/wp-json\/wp\/v2\/posts\/659064","targetHints":{"allow":["GET"]}}],"collection":[{"href":"https:\/\/www.europesays.com\/pl\/wp-json\/wp\/v2\/posts"}],"about":[{"href":"https:\/\/www.europesays.com\/pl\/wp-json\/wp\/v2\/types\/post"}],"author":[{"embeddable":true,"href":"https:\/\/www.europesays.com\/pl\/wp-json\/wp\/v2\/users\/2"}],"replies":[{"embeddable":true,"href":"https:\/\/www.europesays.com\/pl\/wp-json\/wp\/v2\/comments?post=659064"}],"version-history":[{"count":0,"href":"https:\/\/www.europesays.com\/pl\/wp-json\/wp\/v2\/posts\/659064\/revisions"}],"wp:featuredmedia":[{"embeddable":true,"href":"https:\/\/www.europesays.com\/pl\/wp-json\/wp\/v2\/media\/659065"}],"wp:attachment":[{"href":"https:\/\/www.europesays.com\/pl\/wp-json\/wp\/v2\/media?parent=659064"}],"wp:term":[{"taxonomy":"category","embeddable":true,"href":"https:\/\/www.europesays.com\/pl\/wp-json\/wp\/v2\/categories?post=659064"},{"taxonomy":"post_tag","embeddable":true,"href":"https:\/\/www.europesays.com\/pl\/wp-json\/wp\/v2\/tags?post=659064"}],"curies":[{"name":"wp","href":"https:\/\/api.w.org\/{rel}","templated":true}]}}