{"id":659098,"date":"2026-09-01T03:11:20","date_gmt":"2026-09-01T03:11:20","guid":{"rendered":"https:\/\/www.europesays.com\/pl\/659098\/"},"modified":"2026-09-01T03:11:20","modified_gmt":"2026-09-01T03:11:20","slug":"eksperci-oceniaja-wystep-dody-z-garou-zwracaja-uwage-na-jeden-aspekt","status":"publish","type":"post","link":"https:\/\/www.europesays.com\/pl\/659098\/","title":{"rendered":"Eksperci oceniaj\u0105 wyst\u0119p Dody z Garou. Zwracaj\u0105 uwag\u0119 na jeden aspekt"},"content":{"rendered":"<p><a href=\"https:\/\/plejada.pl\/newsy\/magiczne-zakonczenie-wakacji-lawina-komentarzy-po-duecie-dody-z-garou\/jt55nwt\" id=\"a16c189c-1de1-4cd7-972e-b0c12e3f843c\" rel=\"nofollow noopener\" target=\"_blank\">Doda mia\u0142a okazj\u0119 wykona\u0107 z Garou przeb\u00f3j &#8222;Sous le vent&#8221;<\/a>, kt\u00f3ry artysta wiele lat temu nagra\u0142 z Celine Dion. Polska piosenkarka podkre\u015bla\u0142a, \u017ce wyst\u0119p u boku gwiazdora jest dla niej nie lada wyzwaniem, zw\u0142aszcza \u017ce utw\u00f3r zosta\u0142 napisany w j\u0119zyku francuskim. W sieci pojawi\u0142y si\u0119 podzielone opinie na temat ich wyst\u0119pu.<\/p>\n<p>Agnieszka Hekiert w rozmowie z Plejad\u0105 przyznaje, \u017ce by\u0142a zachwycona wyst\u0119pem Dody i Garou, cho\u0107 zauwa\u017cy\u0142a drobne b\u0142\u0119dy. \u2014 Wygl\u0105dali przepi\u0119knie! Dwa mocne g\u0142osy, dwie indywidualno\u015bci muzyczne, kt\u00f3rym czasami zabrak\u0142o wsp\u00f3lnego pulsowania. Do perfekcji tego wyst\u0119pu do\u0142o\u017cy\u0142abym zwr\u00f3cenie uwagi na g\u00f3rne d\u017awi\u0119ki, szczeg\u00f3lnie te d\u0142u\u017csze. Czy te drobiazgi mog\u0105 zabra\u0107 nam przyjemno\u015b\u0107 wys\u0142uchania ikon muzycznych? Jednym tak, jednym na pewno nie. I to jest pi\u0119kne \u2014 m\u00f3wi.<\/p>\n<p><a href=\"https:\/\/www.onet.pl\/\" title=\"Strona G\u0142\u00f3wna\" aria-label=\"Strona G\u0142\u00f3wna\" data-astro-prefetch=\"tap\" class=\"ods-a-logo-main-desktop\" rel=\"nofollow noopener\" target=\"_blank\"><img src=\"https:\/\/cdn.plejada.pl\/img\/Logo_desktop_Onet.svg\" class=\"ods-a-logo-main-desktop__image\" alt=\"Logo\" width=\"107\" height=\"60\" fetchpriority=\"high\" decoding=\"sync\" style=\"height:60px\"\/><\/a><\/p>\n<p class=\"ods-m-google-article__text\">Czytaj nas cz\u0119\u015bciej w Google<\/p>\n<p><a href=\"https:\/\/google.com\/preferences\/source?q=plejada.pl\" target=\"_blank\" rel=\"noopener noreferrer nofollow\" aria-label=\"Dodaj w Google\" title=\"Dodaj w Google\" class=\"ods-a-button ods-a-button__primary ods-a-button__default ods-a-button-l\">Dodaj w Google<\/a>Dalszy ci\u0105g artyku\u0142u pod materia\u0142em wideoEksperci oceniaj\u0105 wyst\u0119p Dody z Garou. Zwracaj\u0105 uwag\u0119 na jeden aspekt<\/p>\n<p>G\u0142os zabra\u0142 tak\u017ce Marcin \u0141azarski, kt\u00f3ry zwr\u00f3ci\u0142 uwag\u0119 na wiele czynnik\u00f3w mog\u0105cych znacz\u0105co wp\u0142yn\u0105\u0107 na ostateczny efekt koncertu. \u2014 W moim odczuciu ten duet wyszed\u0142 poprawnie. Nie upatrywa\u0142bym tu tragedii, jak sugeruj\u0105 niekt\u00f3rzy internauci, ale nie by\u0142o to te\u017c &#8222;wykonanie \u017cycia&#8221;. Zawsze staram si\u0119 rozumie\u0107 artyst\u00f3w, poniewa\u017c wiem, \u017ce czasem takie rzeczy jak na przyk\u0142ad: stres, dyspozycja dnia, problemy ods\u0142uchowe, choroba, mog\u0105 zepsu\u0107 odbi\u00f3r piosenki. Dlatego zawsze trzeba spojrze\u0107 na to szerzej i z wyrozumia\u0142o\u015bci\u0105 \u2014 m\u00f3wi Plejadzie.<\/p>\n<blockquote class=\"ods-o-quote\">\n<p class=\"ods-o-quote__paragraph\">Garou darz\u0119 ogromn\u0105 sympati\u0105 ze wzgl\u0119du na jego charyzm\u0119 i nietuzinkowe brzmienie. Jednak na wczorajszym festiwalu nie zachwyca\u0142 jak kiedy\u015b. M\u00f3wi\u0119 g\u0142\u00f3wnie o aspektach technicznych<\/p>\n<\/blockquote>\n<p>\u2014 Momentami brzmia\u0142 swobodnie, d\u017awi\u0119cznie, czysto, ale niestety sporo g\u00f3rnych d\u017awi\u0119k\u00f3w by\u0142o atakowanych ma\u0142o technicznie, co powodowa\u0142o problemy z intonacj\u0105 i zaciskiem \u2014 kontynuuje.<\/p>\n<p><img class=\"ods-a-photo ods-a-photo--background\" src=\"https:\/\/www.europesays.com\/pl\/wp-content\/uploads\/2026\/09\/QQ2k9lBaHR0cHM6Ly9vY2RuLmV1L3B1bHNjbXMvTURBXy8yZGYzYWFjYmI5NTA5OWE1NjBkOWUxNmFjNWJhNTUxYS5qcGeRlQLNA.jpeg\" height=\"321\" width=\"450\" alt=\"Britney Spears w 2008 r. \" loading=\"lazy\" fetchpriority=\"low\" decoding=\"async\"\/><\/p>\n<p>\u2014 Je\u015bli chodzi o Dod\u0119, to jest ona bardzo dobrze \u015bpiewaj\u0105c\u0105 wokalistk\u0105. Niestety, w tym przypadku mia\u0142a do\u015b\u0107 trudne zadanie. Po pierwsze prze\u0142amanie bariery zwi\u0105zanej ze swobod\u0105 j\u0119zykow\u0105, fonetyk\u0105 \u2014 nie jestem filologiem, aby ocenia\u0107 poprawno\u015b\u0107 wymowy, zwracam jedynie uwag\u0119 na fakt, \u017ce mog\u0142o to ogranicza\u0107 jej swobod\u0119 \u015bpiewu czy skupienie \u2014 dodaje trener wokalny.<\/p>\n<blockquote class=\"ods-o-quote\">\n<p class=\"ods-o-quote__paragraph\">Druga rzecz to tonacja, kt\u00f3ra ewidentnie by\u0142a dostosowana do Garou i ni\u017csza ni\u017c w oryginalnym nagraniu z Celine Dion. Dolne d\u017awi\u0119ki nie by\u0142y na pewno w strefie komfortu Dody, a bardziej dostosowane do ciemnego, altowego g\u0142osu. To troch\u0119 tak, jakby ocenia\u0107 biegacza, kt\u00f3ry dosta\u0142 za ciasne buty<\/p>\n<\/blockquote>\n<p>\u2014 Wi\u0105za\u0142o si\u0119 to z brakiem stabilno\u015bci w g\u0142osie i lekkimi problemami intonacyjnymi. Im d\u0142u\u017cej byli na scenie, tym lepiej i pewniej zaczyna\u0142o to brzmie\u0107 \u2014 m\u00f3wi.<\/p>\n<p>\u2014 Doda ewidentnie &#8222;od\u017cy\u0142a&#8221; w g\u00f3rnych partiach. Niemniej jednak uwa\u017cam, \u017ce aby duet zabrzmia\u0142 wybitnie, potrzeba na pewno wi\u0119cej pr\u00f3b, lepszego zgrania rytmicznego frazy i dopasowania partii wokalnych do g\u0142os\u00f3w artyst\u00f3w. W tym przypadku zapewne nie by\u0142o mo\u017cliwo\u015bci i czasu na elastyczno\u015b\u0107. Podsumowuj\u0105c, uwa\u017cam, \u017ce ten wyst\u0119p by\u0142 jedynie poprawny. Tym samym polecam wszystkim oceniaj\u0105cym, aby cho\u0107 raz mogli zmierzy\u0107 si\u0119 z podobnym stresem na scenie i sprawdzili, czy to proste zadanie \u2014 stwierdza.<\/p>\n<p><img class=\"ods-a-photo ods-a-photo--background\" src=\"https:\/\/www.europesays.com\/pl\/wp-content\/uploads\/2026\/09\/MIvk9lBaHR0cHM6Ly9vY2RuLmV1L3B1bHNjbXMvTURBXy9jMjdiNGZkZmE2NDYxNDVmMTEyMTU0NzM4M2ZkMWMwMy5qcGeRkwXNB.jpeg\" height=\"626\" width=\"940\" alt=\"Doda i Garou\" loading=\"lazy\" fetchpriority=\"auto\" decoding=\"auto\" url=\"https:\/\/ocdn.eu\/pulscms\/MDA_\/c27b4fdfa646145f1121547383fd1c03.jpg\" description=\"Doda i Garou\" author=\"Jacek Kurnikowski \/ AKPA\" source=\"\" link=\"\"\/><\/p>\n<p>Jacek Kurnikowski \/ AKPA<\/p>\n<p>Doda i Garou<\/p>\n<p>Dzi\u0119kujemy, \u017ce przeczyta\u0142a\u015b\/e\u015b nasz artyku\u0142 do ko\u0144ca. W serwisie Plejada.pl ka\u017cdego dnia piszemy o najwa\u017cniejszych wydarzeniach show-biznesowych. B\u0105d\u017a na bie\u017c\u0105co!<a rel=\"nofollow noopener\" href=\"https:\/\/profile.google.com\/cp\/Cg0vZy8xMWJ6X19wdHBx\" id=\"86231d41-6829-4203-a15d-e85cdd526d5f\" target=\"_blank\"> Obserwuj<\/a> Plejad\u0119 w Google. Odwied\u017a nas tak\u017ce na<a rel=\"nofollow noopener\" href=\"https:\/\/www.facebook.com\/plejadapl\" id=\"fdfb0696-ab0c-4cbf-9145-a2790e2d563d\" target=\"_blank\"> Facebooku<\/a>,<a rel=\"nofollow noopener\" href=\"https:\/\/www.instagram.com\/plejadapl\/\" id=\"e98c0e43-3803-4ff8-868c-d889b3f1197f\" target=\"_blank\"> Instagramie<\/a>,<a rel=\"nofollow noopener\" href=\"https:\/\/www.youtube.com\/c\/plejada\" id=\"966ee4cd-8376-4c98-882b-e8e809aca669\" target=\"_blank\"> YouTubie<\/a> oraz<a rel=\"nofollow noopener\" href=\"https:\/\/www.tiktok.com\/@plejada_pl\" id=\"09dc420a-c088-4ab7-a619-0c969d96ff47\" target=\"_blank\"> TikToku<\/a>.Chcesz podzieli\u0107 si\u0119 ciekawym newsem lub zaproponowa\u0107 temat? Skontaktuj si\u0119 z nami, pisz\u0105c maila na adres: <a rel=\"nofollow noopener\" href=\"https:\/\/plejada.pl\/newsy\/eksperci-oceniaja-wystep-dody-z-garou-wskazuje-szczegol\/mailto:plejada@redakcjaonet.pl\" id=\"ce04530c-23bb-48b0-97f7-d6c31e3d3ef3\" target=\"_blank\">plejada@redakcjaonet.pl<\/a>.<script async src=\"\/\/www.instagram.com\/embed.js\"><\/script><script async src=\"\/\/www.tiktok.com\/embed.js\"><\/script><\/p>\n","protected":false},"excerpt":{"rendered":"Doda mia\u0142a okazj\u0119 wykona\u0107 z Garou przeb\u00f3j &#8222;Sous le vent&#8221;, kt\u00f3ry artysta wiele lat temu nagra\u0142 z Celine&hellip;\n","protected":false},"author":2,"featured_media":659099,"comment_status":"","ping_status":"","sticky":false,"template":"","format":"standard","meta":{"footnotes":"","_share_on_mastodon":"0"},"categories":[22],"tags":[30289,61195,15920,122,128302,48,125,46,42,38,40,39,41,123,47,338],"class_list":["post-659098","post","type-post","status-publish","format-standard","has-post-thumbnail","category-rozrywka","tag-agnieszka_hekiert","tag-bottomfeed_styl","tag-doda","tag-entertainment","tag-garou_piosenkarz","tag-nat_styl","tag-newsy","tag-omp","tag-pl","tag-poland","tag-polish","tag-polska","tag-polski","tag-rozrywka","tag-screening_general","tag-tylko_w_plejadzie"],"share_on_mastodon":{"url":"https:\/\/pubeurope.com\/@pl\/117193598708610238","error":""},"_links":{"self":[{"href":"https:\/\/www.europesays.com\/pl\/wp-json\/wp\/v2\/posts\/659098","targetHints":{"allow":["GET"]}}],"collection":[{"href":"https:\/\/www.europesays.com\/pl\/wp-json\/wp\/v2\/posts"}],"about":[{"href":"https:\/\/www.europesays.com\/pl\/wp-json\/wp\/v2\/types\/post"}],"author":[{"embeddable":true,"href":"https:\/\/www.europesays.com\/pl\/wp-json\/wp\/v2\/users\/2"}],"replies":[{"embeddable":true,"href":"https:\/\/www.europesays.com\/pl\/wp-json\/wp\/v2\/comments?post=659098"}],"version-history":[{"count":0,"href":"https:\/\/www.europesays.com\/pl\/wp-json\/wp\/v2\/posts\/659098\/revisions"}],"wp:featuredmedia":[{"embeddable":true,"href":"https:\/\/www.europesays.com\/pl\/wp-json\/wp\/v2\/media\/659099"}],"wp:attachment":[{"href":"https:\/\/www.europesays.com\/pl\/wp-json\/wp\/v2\/media?parent=659098"}],"wp:term":[{"taxonomy":"category","embeddable":true,"href":"https:\/\/www.europesays.com\/pl\/wp-json\/wp\/v2\/categories?post=659098"},{"taxonomy":"post_tag","embeddable":true,"href":"https:\/\/www.europesays.com\/pl\/wp-json\/wp\/v2\/tags?post=659098"}],"curies":[{"name":"wp","href":"https:\/\/api.w.org\/{rel}","templated":true}]}}