{"id":659100,"date":"2026-09-01T03:12:26","date_gmt":"2026-09-01T03:12:26","guid":{"rendered":"https:\/\/www.europesays.com\/pl\/659100\/"},"modified":"2026-09-01T03:12:26","modified_gmt":"2026-09-01T03:12:26","slug":"poco-x8-power-5g-z-bateria-10-000-mah-znamy-premiere","status":"publish","type":"post","link":"https:\/\/www.europesays.com\/pl\/659100\/","title":{"rendered":"POCO X8 Power 5G z bateri\u0105 10 000 mAh. Znamy premier\u0119"},"content":{"rendered":"<p class=\"lead\">\u0141adowarka mo\u017ce przesta\u0107 by\u0107 obowi\u0105zkowym elementem codziennego ekwipunku. POCO X8 Power 5G zaoferuje pot\u0119\u017cn\u0105 bateri\u0119 10 000 mAh i nawet kilka dni dzia\u0142ania. Producent potwierdzi\u0142 termin premiery, a przecieki zdradzaj\u0105 niemal ca\u0142\u0105 specyfikacj\u0119.<\/p>\n<ul>\n<li>Wkr\u00f3tce zadebiutuje POCO X8 Power 5G.<\/li>\n<li>Znamy specyfikacj\u0119 \u015bredniaka.<\/li>\n<li>Nowy Xiaomi postawi na bateri\u0119 10 000 mAh<\/li>\n<\/ul>\n<p>POCO szykuje smartfon dla os\u00f3b, kt\u00f3re ponad wszystko ceni\u0105 d\u0142ugi czas pracy. POCO X8 Power 5G zostanie oficjalnie zaprezentowany 4 wrze\u015bnia 2026 roku, a jego najwi\u0119kszym atutem b\u0119dzie ogromny akumulator. Nie zabraknie przy tym mocnego \u0142adowania, jasnego ekranu oraz podwy\u017cszonej odporno\u015bci na wod\u0119. Dotychczasowe informacje wskazuj\u0105, \u017ce b\u0119dzie to jeden z ciekawszych \u015bredniak\u00f3w Xiaaomi.<\/p>\n<p>POCO X8 Power 5G dostanie bateri\u0119 10 000 mAh<\/p>\n<p>POCO oficjalnie potwierdzi\u0142o zastosowanie akumulatora o pojemno\u015bci a\u017c 10 000 mAh, najwi\u0119kszego w dotychczasowych smartfonach marki. Wed\u0142ug producenta ma on pozwoli\u0107 nawet na 3,5 dnia dzia\u0142ania bez si\u0119gania po \u0142adowark\u0119. Firma deklaruje r\u00f3wnie\u017c zachowanie odpowiedniej kondycji baterii przez sze\u015b\u0107 lat. Przecieki wskazuj\u0105 natomiast na szybkie \u0142adowanie przewodowe o mocy 100 W.<\/p>\n<p><a href=\"https:\/\/www.gsmmaniak.pl\/wp-content\/uploads\/gsmmaniak\/2026\/08\/1-50.png\" rel=\"lightbox-post4 nofollow noopener\" target=\"_blank\"><img loading=\"lazy\" decoding=\"async\" aria-describedby=\"caption-attachment-1684360\" data-attachment-id=\"1684360\" data-permalink=\"https:\/\/www.gsmmaniak.pl\/wp-content\/uploads\/gsmmaniak\/2026\/08\/1-50.png\" rel=\"lightbox-post4\" data-orig-file=\"https:\/\/www.gsmmaniak.pl\/wp-content\/uploads\/gsmmaniak\/2026\/08\/1-50.png\" data-orig-size=\"596,990\" data-comments-opened=\"1\" data-image-meta=\"[]\" data-image-title=\"1\" data-image-description=\"\" data-image-caption=\"&lt;p&gt;POCO X8 Power 5G \/ fot. POCO&lt;\/p&gt;&#10;\" data-medium-file=\"https:\/\/www.europesays.com\/pl\/wp-content\/uploads\/2026\/09\/1-50-medium.png\" data-large-file=\"https:\/\/www.gsmmaniak.pl\/wp-content\/uploads\/gsmmaniak\/2026\/08\/1-50.png\" class=\"size-medium wp-image-1684360\" src=\"https:\/\/www.europesays.com\/pl\/wp-content\/uploads\/2026\/09\/1-50-medium.png\" alt=\"POCO X8 Power 5G\" width=\"500\" height=\"831\"   itemprop=\"image\" \/><\/a><\/p>\n<p id=\"caption-attachment-1684360\" class=\"wp-caption-text\">POCO X8 Power 5G \/ fot. POCO<\/p>\n<p>Telefon b\u0119dzie dodatkowo obs\u0142ugiwa\u0107 \u0142adowanie zwrotne z moc\u0105 do 27 W, dzi\u0119ki czemu w razie potrzeby zast\u0105pi powerbank. Z przodu powinien znale\u017a\u0107 si\u0119 du\u017cy, 6,83-calowy wy\u015bwietlacz AMOLED o szczytowej jasno\u015bci HDR si\u0119gaj\u0105cej 3500 nit\u00f3w. Ekran postawi na wytrzyma\u0142e szk\u0142o Gorilla Glass Victus 2. Konstrukcja powinna ponadto spe\u0142nia\u0107 normy IP68\/IP69K, zapewniaj\u0105ce wysok\u0105 odporno\u015b\u0107 na py\u0142 oraz wod\u0119.<\/p>\n<p>Sercem POCO X8 Power 5G zostanie procesor Qualcomm Snapdragon 6 Gen 5. G\u0142\u00f3wny aparat zaoferuje rozdzielczo\u015b\u0107 50 MP oraz optyczn\u0105 stabilizacj\u0119 obrazu, a obok niego znajdzie si\u0119 jednostka ultraszerokok\u0105tna 8 MP. Z przodu producent zastosuje aparat 32 MP do zdj\u0119\u0107 selfie i rozm\u00f3w wideo. Wszystko wskazuje wi\u0119c na solidn\u0105 specyfikacj\u0119.<\/p>\n<p>Premiera ju\u017c 4 wrze\u015bnia. POCO szykuje te\u017c drugi model<\/p>\n<p>POCO X8 Power 5G zostanie oficjalnie zaprezentowany 4 wrze\u015bnia 2026 roku. Smartfon jest uznawany za bliskiego krewnego <a href=\"https:\/\/www.gsmmaniak.pl\/1676559\/redmi-note-17-pro-max-pelna-specyfikacja-i-cena-przed-premiera\/\" rel=\"nofollow noopener\" target=\"_blank\">Redmi Note 17 Pro Max<\/a>, cho\u0107 producent mo\u017ce wprowadzi\u0107 kilka zmian w jego wyposa\u017ceniu. Urz\u0105dzenie ma otrzyma\u0107 cztery du\u017ce aktualizacje Androida oraz sze\u015b\u0107 lat poprawek bezpiecze\u0144stwa. Cena pozostaje na razie jedn\u0105 z najwi\u0119kszych niewiadomych.<\/p>\n<p>Podczas tego samego wydarzenia zadebiutuje r\u00f3wnie\u017c standardowy <a href=\"https:\/\/www.gsmmaniak.pl\/1682757\/poco-x8-power-bateria-10000-mah-100-w-premiera\/\" rel=\"nofollow noopener\" target=\"_blank\">POCO X8 5G<\/a>. Ten model tak\u017ce postawi na ponadprzeci\u0119tny czas dzia\u0142ania, oferuj\u0105c bateri\u0119 o pojemno\u015bci 9000 mAh. Pe\u0142ne specyfikacje obu smartfon\u00f3w poznamy ju\u017c niebawem podczas prezentacji.<\/p>\n<blockquote class=\"wp-embedded-content\" data-secret=\"CLyaWvYYSk\">\n<p><a href=\"https:\/\/www.gsmmaniak.pl\/1682757\/poco-x8-power-bateria-10000-mah-100-w-premiera\/\" rel=\"nofollow noopener\" target=\"_blank\">POCO przekracza kolejn\u0105 granic\u0119. Bateria 10 000 mAh i 100 W w nowym \u015bredniaku zaraz w Polsce<\/a><\/p>\n<\/blockquote>\n<p>\u0179r\u00f3d\u0142o: <a href=\"https:\/\/www.gizmochina.com\/2026\/08\/29\/poco-x8-power-5g-teaser-confirms-september-4-launch-with-10000mah-battery-claims-3-5-day-backup\/\" rel=\"nofollow noopener\" target=\"_blank\">gizmochina<\/a><\/p>\n<p>Na stronie mog\u0105 wyst\u0119powa\u0107 linki afiliacyjne lub reklamowe.<\/p>\n","protected":false},"excerpt":{"rendered":"\u0141adowarka mo\u017ce przesta\u0107 by\u0107 obowi\u0105zkowym elementem codziennego ekwipunku. POCO X8 Power 5G zaoferuje pot\u0119\u017cn\u0105 bateri\u0119 10 000 mAh&hellip;\n","protected":false},"author":2,"featured_media":659101,"comment_status":"","ping_status":"","sticky":false,"template":"","format":"standard","meta":{"footnotes":"","_share_on_mastodon":"0"},"categories":[20],"tags":[120,118,119,42,128303,128304,128305,38,40,39,41,116,114,115,32713,121,117],"class_list":["post-659100","post","type-post","status-publish","format-standard","has-post-thumbnail","category-nauka-i-technika","tag-nauka","tag-nauka-i-technika","tag-naukatechnika","tag-pl","tag-poco-x8-power-5g","tag-poco-x8-power-5g-premiera","tag-poco-x8-power-5g-specyfikacja","tag-poland","tag-polish","tag-polska","tag-polski","tag-science","tag-science-and-technology","tag-sciencetechnology","tag-smartfon-xiaomi","tag-technika","tag-technology"],"share_on_mastodon":{"url":"https:\/\/pubeurope.com\/@pl\/117193601650004079","error":""},"_links":{"self":[{"href":"https:\/\/www.europesays.com\/pl\/wp-json\/wp\/v2\/posts\/659100","targetHints":{"allow":["GET"]}}],"collection":[{"href":"https:\/\/www.europesays.com\/pl\/wp-json\/wp\/v2\/posts"}],"about":[{"href":"https:\/\/www.europesays.com\/pl\/wp-json\/wp\/v2\/types\/post"}],"author":[{"embeddable":true,"href":"https:\/\/www.europesays.com\/pl\/wp-json\/wp\/v2\/users\/2"}],"replies":[{"embeddable":true,"href":"https:\/\/www.europesays.com\/pl\/wp-json\/wp\/v2\/comments?post=659100"}],"version-history":[{"count":0,"href":"https:\/\/www.europesays.com\/pl\/wp-json\/wp\/v2\/posts\/659100\/revisions"}],"wp:featuredmedia":[{"embeddable":true,"href":"https:\/\/www.europesays.com\/pl\/wp-json\/wp\/v2\/media\/659101"}],"wp:attachment":[{"href":"https:\/\/www.europesays.com\/pl\/wp-json\/wp\/v2\/media?parent=659100"}],"wp:term":[{"taxonomy":"category","embeddable":true,"href":"https:\/\/www.europesays.com\/pl\/wp-json\/wp\/v2\/categories?post=659100"},{"taxonomy":"post_tag","embeddable":true,"href":"https:\/\/www.europesays.com\/pl\/wp-json\/wp\/v2\/tags?post=659100"}],"curies":[{"name":"wp","href":"https:\/\/api.w.org\/{rel}","templated":true}]}}