{"id":659104,"date":"2026-09-01T03:14:20","date_gmt":"2026-09-01T03:14:20","guid":{"rendered":"https:\/\/www.europesays.com\/pl\/659104\/"},"modified":"2026-09-01T03:14:20","modified_gmt":"2026-09-01T03:14:20","slug":"afd-idzie-po-zwyciestwo-w-niemczech-juz-zapowiada-czystki-w-sluzbach","status":"publish","type":"post","link":"https:\/\/www.europesays.com\/pl\/659104\/","title":{"rendered":"AfD idzie po zwyci\u0119stwo w Niemczech. Ju\u017c zapowiada czystki w s\u0142u\u017cbach"},"content":{"rendered":"<p>Saksonia-Anhalt \u2014 to w\u0142a\u015bnie tutaj, w tym ma\u0142ym, w wi\u0119kszo\u015bci wiejskim wschodnim landzie w Niemczech (Republik\u0119 Federaln\u0105 Niemiec tworzy 16 kraj\u00f3w zwi\u0105zkowych nazywanych landami, kt\u00f3re maj\u0105 w\u0142asne rz\u0105dy, konstytucj\u0119 i szerok\u0105 autonomi\u0119) licz\u0105cym zaledwie 2 mln mieszka\u0144c\u00f3w, niemiecka skrajna prawica k\u0142adzie podwaliny pod ewentualn\u0105 walk\u0119 o w\u0142adz\u0119 w Berlinie (czyli o w\u0142adz\u0119 w rz\u0105dzie federalnym, na czele kt\u00f3rego stoi kanclerz).<\/p>\n<p>B\u0119d\u0105c o krok od historycznego zwyci\u0119stwa swojej partii w Saksonii-Anhalt \u2014 kt\u00f3re po raz pierwszy od II wojny \u015bwiatowej zapewni\u0142oby skrajnie prawicowej partii w\u0142adz\u0119 w kraju zwi\u0105zkowym \u2014 przyw\u00f3dcy partii Alternatywa dla Niemiec (AfD) dostrzegaj\u0105 szans\u0119 zbyt rzadk\u0105 i cenn\u0105, by j\u0105 zmarnowa\u0107.<\/p>\n<p>W zwi\u0105zku z tym opracowali oni szczeg\u00f3\u0142ow\u0105, cho\u0107 trudn\u0105 do realizacji strategi\u0119 wykorzystania pierwszego prawdziwego do\u015bwiadczenia swojej partii z w\u0142adz\u0105 do zburzenia kordonu (politycznego muru), kt\u00f3ry partie g\u0142\u00f3wnego nurtu wznios\u0142y, by utrzyma\u0107 AfD z dala od rz\u0105du w Berlinie.<\/p>\n<p>\u2014 Ka\u017cdy z was w\u0142a\u015bnie teraz tworzy histori\u0119! \u2014 powiedzia\u0142 Ulrich Siegmund do wiwatuj\u0105cego t\u0142umu tysi\u0119cy zwolennik\u00f3w podczas wiecu wyborczego AfD w dawnym przemys\u0142owym mie\u015bcie Merseburg. Siegmund to charyzmatyczna twarz AfD w Saksonii-Anhalt i to on ma zosta\u0107 premierem tego kraju zwi\u0105zkowego, je\u015bli partia odniesie zdecydowane zwyci\u0119stwo w wyborach 6 wrze\u015bnia. \u2014 Pewnego dnia, za 20 lub 30 lat, zajrzycie do podr\u0119cznik\u00f3w historii i powiecie: &#8222;To si\u0119 zacz\u0119\u0142o tutaj. Zacz\u0119\u0142o si\u0119 w 2026 r. w Saksonii-Anhalt!&#8221; \u2014 doda\u0142.<\/p>\n<p>Je\u015bli AfD zdob\u0119dzie bezwzgl\u0119dn\u0105 wi\u0119kszo\u015b\u0107 parlamentarn\u0105 w tym landzie \u2014 aktualne sonda\u017ce wskazuj\u0105, \u017ce dzieli j\u0105 od tego celu zaledwie kilka mandat\u00f3w \u2014 strategia jej rz\u0105dzenia b\u0119dzie si\u0119 opiera\u0107 na delikatnej r\u00f3wnowadze. Ma ona polega\u0107 na d\u0105\u017ceniu do radykalnych zmian, kt\u00f3re odr\u00f3\u017cniaj\u0105 parti\u0119 od establishmentu i maj\u0105 realizowa\u0107 obiecan\u0105 od dawna rewolucj\u0119 polityczn\u0105, ale bez posuwania si\u0119 tak daleko, by zrazi\u0107 do siebie zwyk\u0142ych &#8222;Kowalskich&#8221;, umiarkowanych obywateli, kt\u00f3rzy nie chc\u0105 zbytnich wstrz\u0105s\u00f3w.<\/p>\n<p>Uosobieniem tej strategii jest Siegmund, u\u015bmiechni\u0119ty by\u0142y sprzedawca perfum, kt\u00f3ry w wielu rejonach wschodnich Niemiec spotyka si\u0119 z uwielbiaj\u0105cymi go t\u0142umami. Jego gwiazdorski urok przes\u0142ania ekstremalne oblicze partii. Landowe s\u0142u\u017cby wywiadowcze uzna\u0142y oddzia\u0142 AfD w Saksonii-Anhalt za organizacj\u0119 ekstremistyczn\u0105, w sk\u0142ad kt\u00f3rej wchodz\u0105 byli cz\u0142onkowie zakazanej grupy wzorowanej na Hitlerjugend.<\/p>\n<p><img class=\"ods-a-photo ods-a-photo--background\" src=\"https:\/\/www.europesays.com\/pl\/wp-content\/uploads\/2026\/09\/kdzk9lBaHR0cHM6Ly9vY2RuLmV1L3B1bHNjbXMvTURBXy8wOTA5NTlkMTRhMzAxY2RhOGJhNDBhZTU3NmRhODY1Zi5qcGeRkwXNB.jpeg\" height=\"705\" width=\"940\" alt=\"Wyborcy Ulricha Siegmunda w koszulkach z jego podobizn\u0105 podczas wiecu w Querfurcie, Niemcy 21 sierpnia 2026 r.\" loading=\"lazy\" fetchpriority=\"auto\" decoding=\"auto\" url=\"https:\/\/ocdn.eu\/pulscms\/MDA_\/090959d14a301cda8ba40ae576da865f.jpg\" description=\"Wyborcy Ulricha Siegmunda w koszulkach z jego podobizn\u0105 podczas wiecu w Querfurcie, Niemcy 21 sierpnia 2026 r.\" author=\"Nette Noestlinger\" source=\"Politico\" link=\"\"\/><\/p>\n<p>Politico \/ Nette Noestlinger<\/p>\n<p>Wyborcy Ulricha Siegmunda w koszulkach z jego podobizn\u0105 podczas wiecu w Querfurcie, Niemcy 21 sierpnia 2026 r.<\/p>\n<p>Aby osi\u0105gn\u0105\u0107 r\u00f3wnowag\u0119, do kt\u00f3rej d\u0105\u017cy partia, AfD zamierza w Saksonii-Anhalt na przyk\u0142ad powo\u0142a\u0107 &#8222;grup\u0119 zadaniow\u0105 ds. deportacji&#8221;, z\u0142o\u017con\u0105 z kluczowych ministr\u00f3w krajowych i przedstawicieli policji, staraj\u0105c si\u0119 jednocze\u015bnie unikn\u0105\u0107 scen chaosu i przemocy, jakie mia\u0142y miejsce w Stanach Zjednoczonych, gdy administracja Trumpa wprowadzi\u0142a podobne \u015brodki.<\/p>\n<p>Partia chce po\u0142\u0105czy\u0107 radykalne propozycje \u2014 takie jak zmiana programu nauczania historii w szko\u0142ach, by mniej uwagi po\u015bwi\u0119ca\u0107 zbrodniom nazistowskim, oraz drastyczne ci\u0119cia funduszy na sztuk\u0119 uznan\u0105 za &#8222;antyniemieck\u0105&#8221; \u2014 z prozaicznymi rozwi\u0105zaniami, przeciwko kt\u00f3rym ma\u0142o kto by protestowa\u0142: na przyk\u0142ad zwi\u0119kszenie finansowania stra\u017cy po\u017carnej obs\u0142uguj\u0105cej obszary, w kt\u00f3rych znajduj\u0105 si\u0119 autostrady.<\/p>\n<p>\u2014 Musimy uwiarygodni\u0107 polityk\u0119 AfD poprzez praktyczny przyk\u0142ad. To jest nasze zadanie \u2014 powiedzia\u0142 Hans-Thomas Tillschneider, pomys\u0142odawca programu AfD dotycz\u0105cego sprawowania rz\u0105d\u00f3w w Saksonii-Anhalt, podczas regionalnej konferencji partyjnej w Magdeburgu w lipcu.<\/p>\n<p>Aby to osi\u0105gn\u0105\u0107, partia zidentyfikowa\u0142a a\u017c 200 stanowisk w s\u0142u\u017cbie cywilnej tego kraju zwi\u0105zkowego, kt\u00f3re maj\u0105 zosta\u0107 obsadzone kadr\u0105 lojalnych wobec partii os\u00f3b, z kt\u00f3rych cz\u0119\u015b\u0107 zosta\u0142a wst\u0119pnie wybrana w ca\u0142ych Niemczech lub specjalnie przeszkolona przez parti\u0119 w Berlinie \u2014 co stanowi bezprecedensowe posuni\u0119cie w powojennych Niemczech, gdzie s\u0142u\u017cba cywilna ma by\u0107 apolityczna \u2014 w celu przyspieszenia realizacji programu AfD przy jednoczesnym zapewnieniu sprawnego funkcjonowania instytucji. Przygotowali r\u00f3wnie\u017c konkretne plany, aby udaremni\u0107 spodziewane pr\u00f3by g\u0142\u00f3wnych partii opozycyjnych, maj\u0105ce na celu zablokowanie ich programu na drodze s\u0105dowej.<\/p>\n<p>Liderzy AfD maj\u0105 nadziej\u0119, \u017ce takie podej\u015bcie \u2014 stabilna, ale szybka zmiana \u2014 zlikwiduje pi\u0119tno zwi\u0105zane z parti\u0105 i utoruje drog\u0119 do jej dalszego rozwoju w skali ca\u0142ych Niemiec, a ostatecznie uniemo\u017cliwi konserwatywnej Unii Chrze\u015bcija\u0144sko-Demokratycznej (CDU) kanclerza Friedricha Merza dalsze odmawianie udzia\u0142u w koalicji rz\u0105dowej ze skrajn\u0105 prawic\u0105.<\/p>\n<p>\u2014 Je\u015bli uda nam si\u0119 to osi\u0105gn\u0105\u0107 w Saksonii-Anhalt i sprawi\u0107, by to zadzia\u0142a\u0142o w tym kraju zwi\u0105zkowym, obywatele naturalnie przekonaj\u0105 si\u0119, \u017ce \u015bwiat si\u0119 nie zawali, a sytuacja mo\u017ce si\u0119 nawet poprawi\u0107 \u2014 m\u00f3wi Goetz Froemming, jeden z lider\u00f3w dzia\u0142u programowego AfD w Berlinie. \u2014 A to prawdopodobnie przekona wielu obywateli, kt\u00f3rzy obecnie wci\u0105\u017c maj\u0105 zastrze\u017cenia lub kt\u00f3rzy by\u0107 mo\u017ce nie maj\u0105 jeszcze odwagi zag\u0142osowa\u0107 na AfD, by dali nam szans\u0119 \u2014 dodaje.<\/p>\n<p>&#8222;Restrukturyzacja&#8221; kraju zwi\u0105zkowego<\/p>\n<p>Je\u015bli AfD zdo\u0142a przej\u0105\u0107 w\u0142adz\u0119 w Saksonii-Anhalt, zamierza pokaza\u0107, \u017ce potrafi realizowa\u0107 sw\u00f3j program bez wi\u0119kszych wpadek.<\/p>\n<p><img class=\"ods-a-photo ods-a-photo--background\" src=\"https:\/\/www.europesays.com\/pl\/wp-content\/uploads\/2026\/09\/jYmk9lBaHR0cHM6Ly9vY2RuLmV1L3B1bHNjbXMvTURBXy9hMDE4OWFmMjI1NzhmN2I4YjQwN2Q0NWU2YTU0ZDllNS5qcGeRkwXNB.jpeg\" height=\"705\" width=\"940\" alt=\"T\u0142um s\u0142uchaj\u0105cy przem\u00f3wienia Siegmunda w Merseburgu, 22 sierpnia 2026 r.\" loading=\"lazy\" fetchpriority=\"auto\" decoding=\"auto\" url=\"https:\/\/ocdn.eu\/pulscms\/MDA_\/a0189af22578f7b8b407d45e6a54d9e5.jpg\" description=\"T\u0142um s\u0142uchaj\u0105cy przem\u00f3wienia Siegmunda w Merseburgu, 22 sierpnia 2026 r.\" author=\"Nette Noestlinger\" source=\"Politico\" link=\"\"\/><\/p>\n<p>Politico \/ Nette Noestlinger<\/p>\n<p>T\u0142um s\u0142uchaj\u0105cy przem\u00f3wienia Siegmunda w Merseburgu, 22 sierpnia 2026 r.<\/p>\n<p>Niekt\u00f3re z dzia\u0142a\u0144 zawartych w jej programie na 100 dni \u2014 jak drastyczne ci\u0119cia \u015brodk\u00f3w publicznych dla nadawc\u00f3w pa\u0144stwowych, masowe zatrzymywanie os\u00f3b ubiegaj\u0105cych si\u0119 o azyl \u2014 z pewno\u015bci\u0105 spotkaj\u0105 si\u0119 z zarzutami prawnymi i oporem ze strony partii opozycyjnych.<\/p>\n<p>Aby unikn\u0105\u0107 chaosu w rz\u0105dzeniu, lokalni przyw\u00f3dcy partii utworzyli w zesz\u0142ym roku Czarno-Czerwono-Z\u0142ot\u0105 Akademi\u0119 \u2014 nazwan\u0105 tak na cze\u015b\u0107 barw niemieckiej flagi \u2014 maj\u0105c\u0105 na celu obsadzenie stanowisk administracyjnych lojalistami AfD w s\u0142u\u017cbie cywilnej Saksonii-Anhalt oraz zapobie\u017cenie spodziewanemu wewn\u0119trznemu oporowi. W ramach tych dzia\u0142a\u0144 partia dokona\u0142a wst\u0119pnej selekcji wykwalifikowanych kandydat\u00f3w z ca\u0142ych Niemiec, kt\u00f3rzy byliby gotowi przenie\u015b\u0107 si\u0119 do Magdeburga (stolicy Saksonii-Anhalt), a tak\u017ce przeszkoli\u0142a innych, k\u0142ad\u0105c szczeg\u00f3lny nacisk na obsadzenie stanowisk w ministerstwach spraw wewn\u0119trznych i finans\u00f3w.<\/p>\n<p>AfD nie mo\u017ce zwolni\u0107 obecnych urz\u0119dnik\u00f3w s\u0142u\u017cby cywilnej, a jej wp\u0142yw na administracj\u0119 podlega ograniczeniom prawnym, jednak celem jest odsuni\u0119cie na bok tych, kt\u00f3rzy pr\u00f3bowaliby blokowa\u0107 program partii lub ujawnia\u0107 poufne informacje.<\/p>\n<p>Nie jest niczym niezwyk\u0142ym, \u017ce nowo powo\u0142any rz\u0105d [ka\u017cdego landu] mianuje nowych sekretarzy stanu i szef\u00f3w kluczowych departament\u00f3w administracyjnych, ale przebudowa s\u0142u\u017cby cywilnej na tak\u0105 skal\u0119 nie ma sobie r\u00f3wnych.<\/p>\n<p>Andreas Lichert, pose\u0142 AfD z Hesji, znaj\u0105cy plany partii na szczeblu landowym, nazwa\u0142 to &#8222;procesem restrukturyzacji&#8221;.<\/p>\n<p>\u2014 Je\u015bli s\u0105 osoby, o kt\u00f3rych wiemy, \u017ce nie mo\u017cemy z nimi wsp\u00f3\u0142pracowa\u0107, na przyk\u0142ad z powodu wypowiedzi politycznych, kt\u00f3re wyg\u0142osi\u0142y w przesz\u0142o\u015bci, to oczywi\u015bcie nie mo\u017cemy ich zwolni\u0107 \u2014 m\u00f3wi Lichert. \u2014 Pozostaj\u0105 oni urz\u0119dnikami s\u0142u\u017cby cywilnej, ale oczywi\u015bcie poprzez odpowiednie przydzielanie zasob\u00f3w mo\u017cna zapewni\u0107, \u017ce \u2014 m\u00f3wi\u0105c wprost \u2014 nie b\u0119d\u0105 ju\u017c mogli wyrz\u0105dza\u0107 \u017cadnej szkody \u2014 dodaje.<\/p>\n<p>Skupienie si\u0119 AfD na &#8222;restrukturyzacji&#8221; s\u0142u\u017cby cywilnej wynika przynajmniej cz\u0119\u015bciowo z do\u015bwiadcze\u0144 przekazanych partii przez jej austriack\u0105 siostrzan\u0105 parti\u0119 \u2014 skrajnie prawicow\u0105 Wolno\u015bciow\u0105 Parti\u0119 Austrii (Freiheitliche Partei Oesterreichs, FPO) \u2014 kt\u00f3ra, w przeciwie\u0144stwie do swoich niemieckich odpowiednik\u00f3w, od lat 80. XX w. sporadycznie sprawuje w\u0142adz\u0119 na szczeblu krajowym, a obecnie rz\u0105dzi w pi\u0119ciu regionach.<\/p>\n<p>Na pocz\u0105tku tego roku grupa parlamentarzyst\u00f3w AfD z Saksonii-Anhalt, w tym Siegmund, uda\u0142a si\u0119 do Salzburga, aby uzyska\u0107 wskaz\u00f3wki dotycz\u0105ce zarz\u0105dzania s\u0142u\u017cb\u0105 cywiln\u0105 na szczeblu kraju zwi\u0105zkowego po doj\u015bciu do w\u0142adzy. Podczas kwietniowego spotkania za zamkni\u0119tymi drzwiami w Berlinie krajowi przyw\u00f3dcy AfD oraz czo\u0142owi kandydaci z trzech land\u00f3w, w kt\u00f3rych we wrze\u015bniu odb\u0119d\u0105 si\u0119 wybory, spotkali si\u0119 z przedstawicielem FPO, by\u0142ym sekretarzem stanu w ministerstwie finans\u00f3w Hubertem Fuchsem, aby uzyska\u0107 praktyczne wskaz\u00f3wki dotycz\u0105ce sprawowania rz\u0105d\u00f3w \u2014 a tak\u017ce porady, jak przekona\u0107 inne partie do wsp\u00f3\u0142rz\u0105dzenia ze skrajn\u0105 prawic\u0105.<\/p>\n<p>Konserwaty\u015bci Merza w Saksonii-Anhalt twierdz\u0105, \u017ce nie b\u0119d\u0105 rz\u0105dzi\u0107 w koalicji z AfD \u2014 i sprzeciwiaj\u0105 si\u0119 jej planom dotycz\u0105cym &#8222;restrukturyzacji&#8221; s\u0142u\u017cby cywilnej, przedstawiaj\u0105c je jako zagro\u017cenie dla tych samych &#8222;Kowalskich&#8221;, kt\u00f3rych skrajnie prawicowa partia nie chce do siebie zrazi\u0107.<\/p>\n<p>Sven Schulze, obecny premier Saksonii-Anhalt i g\u0142\u00f3wny kandydat CDU w tym kraju zwi\u0105zkowym, stwierdzi\u0142, \u017ce plany AfD to niebezpieczna &#8222;fikcja&#8221; polegaj\u0105ca na tworzeniu wielu nowych stanowisk, kt\u00f3re b\u0119d\u0105 kosztowa\u0107 podatnik\u00f3w i zagra\u017ca\u0107 oddanym urz\u0119dnikom s\u0142u\u017cby cywilnej.<\/p>\n<p>\u2014 Jedno jest pewne. Gdyby mieli tu rz\u0105dzi\u0107, ka\u017cdy \u2014 naprawd\u0119 ka\u017cdy, od dyrektora szko\u0142y, przez nauczycieli, kierownik\u00f3w wydzia\u0142\u00f3w, a\u017c po szef\u00f3w departament\u00f3w w ministerstwach i agencjach podleg\u0142ych \u2014 ka\u017cdy, kto cho\u0107by w najmniejszym stopniu nie b\u0119dzie post\u0119powa\u0142 zgodnie z dyktatem AfD, b\u0119dzie musia\u0142 obawia\u0107 si\u0119 o swoj\u0105 prac\u0119. Wtedy zostaniesz przeniesiony, b\u0119dziesz n\u0119kany, b\u0119dziesz niszczony psychicznie, a\u017c sam si\u0119 poddasz \u2014 m\u00f3wi Schulze.<\/p>\n<p><img class=\"ods-a-photo ods-a-photo--background\" src=\"https:\/\/www.europesays.com\/pl\/wp-content\/uploads\/2026\/09\/Pk0k9lBaHR0cHM6Ly9vY2RuLmV1L3B1bHNjbXMvTURBXy8wYjg3YTZjZDBhZGY5MGUzZjk2YjFmNGU2NDg2ZDFjNS5qcGeRkwXNB.jpeg\" height=\"705\" width=\"940\" alt=\"Siegmund robi\u0105cy selfie z wyborc\u0105 podczas wiecu, Teicha, Niemcy, 22 sierpnia 2026 r.\" loading=\"lazy\" fetchpriority=\"auto\" decoding=\"auto\" url=\"https:\/\/ocdn.eu\/pulscms\/MDA_\/0b87a6cd0adf90e3f96b1f4e6486d1c5.jpg\" description=\"Siegmund robi\u0105cy selfie z wyborc\u0105 podczas wiecu, Teicha, Niemcy, 22 sierpnia 2026 r.\" author=\"Nette Noestlinger\" source=\"Politico\" link=\"\"\/><\/p>\n<p>Politico \/ Nette Noestlinger<\/p>\n<p>Siegmund robi\u0105cy selfie z wyborc\u0105 podczas wiecu, Teicha, Niemcy, 22 sierpnia 2026 r.<\/p>\n<p>Schulze sugeruje r\u00f3wnie\u017c, \u017ce AfD tak naprawd\u0119 nie dba o mieszka\u0144c\u00f3w landu, tylko po prostu chce wykorzysta\u0107 Saksoni\u0119-Anhalt jako &#8222;trampolin\u0119 do realizacji wi\u0119kszych ambicji&#8221;, nazywaj\u0105c czo\u0142owego kandydata AfD Siegmunda &#8222;marionetk\u0105&#8221; liderki ca\u0142ej partii Alice Weidel.<\/p>\n<p>\u2014 Weidel wykorzystuje jego i land Saksonia-Anhalt, by zdoby\u0107 wi\u0119ksz\u0105 w\u0142adz\u0119 w Berlinie \u2014 powiedzia\u0142 w zesz\u0142ym tygodniu.<\/p>\n<p>Nie tak jak Trump<\/p>\n<p>W skali Niemiec przyw\u00f3dcy skrajnej prawicy maj\u0105 wi\u0119ksze plany dotycz\u0105ce tego, jak przeciwdzia\u0142a\u0107 potencjalnym pr\u00f3bom zablokowania lub utrudnienia dzia\u0142ania rz\u0105du landowego kierowanego przez AfD.<\/p>\n<p>Liderzy g\u0142\u00f3wnych partii w Berlinie rozwa\u017caj\u0105 na przyk\u0142ad sposoby zablokowania ministrowi spraw wewn\u0119trznych z AfD udzia\u0142u w spotkaniach ministr\u00f3w spraw wewn\u0119trznych kraj\u00f3w zwi\u0105zkowych i rz\u0105du federalnego, podczas kt\u00f3rych omawiane s\u0105 wra\u017cliwe informacje wywiadowcze (szczeg\u00f3lnie dotycz\u0105ce Rosji, z obawy, \u017ce takie informacje, bior\u0105c pod uwag\u0119 przyjazn\u0105 Moskwie polityk\u0119 AfD, dotar\u0142yby do Kremla).<\/p>\n<p>Liderzy g\u0142\u00f3wnych partii na szczeblu federalnym rozwa\u017cali r\u00f3wnie\u017c propozycje ewentualnego odci\u0119cia Saksonii-Anhalt od funduszy federalnych, kt\u00f3re by\u0142yby cz\u0119\u015bci\u0105 tzw. systemu wyr\u00f3wnywania fiskalnego, w ramach kt\u00f3rego \u015brodki finansowe s\u0105 przekazywane z bogatszych land\u00f3w do biedniejszych. Finansowanie to, kt\u00f3re w przypadku Saksonii-Anhalt mia\u0142o wynie\u015b\u0107 2 mld 800 mln euro (12 mld 120 mln z\u0142) w 2025 r., mog\u0142oby teoretycznie zosta\u0107 ograniczone ze wzgl\u0119du na obawy dotycz\u0105ce praworz\u0105dno\u015bci, cho\u0107 przeszkody prawne s\u0105 znaczne.<\/p>\n<p>Jednak AfD twierdzi, \u017ce jest gotowa podj\u0105\u0107 dzia\u0142ania przeciwko takim d\u0105\u017ceniom.<\/p>\n<p>Przyw\u00f3dcy skrajnie prawicowej partii powo\u0142ali Grup\u0119 Robocz\u0105 ds. Udzia\u0142u w Rz\u0105dzie, aby rozpocz\u0105\u0107 opracowywanie projekt\u00f3w ustaw, kt\u00f3re mog\u0142yby zosta\u0107 uchwalone w parlamencie Saksonii-Anhalt, oraz aby rozwa\u017cy\u0107, w jaki spos\u00f3b partia \u2014 zar\u00f3wno na szczeblu federalnym, jak i krajowym \u2014 mog\u0142aby dzia\u0142a\u0107, by zablokowa\u0107 ewentualne pr\u00f3by utrudniania funkcjonowania rz\u0105du kraju zwi\u0105zkowego kierowanego przez AfD za pomoc\u0105 s\u0105d\u00f3w.<\/p>\n<p>Dalszy ci\u0105g artyku\u0142u pod materia\u0142em wideo<\/p>\n<p>\u2014 Dostali\u015bmy znacz\u0105ce wsparcie ze strony kierownictwa partii \u2014 m\u00f3wi Martin Reichardt, przewodnicz\u0105cy oddzia\u0142u AfD w Saksonii-Anhalt. \u2014 Mamy te\u017c dzia\u0142 prawny, kt\u00f3ry oczywi\u015bcie r\u00f3wnie\u017c dzia\u0142a. Przygotowa\u0142 si\u0119 na sytuacje, w kt\u00f3rych nasi przeciwnicy polityczni mogliby na przyk\u0142ad pr\u00f3bowa\u0107 utrudnia\u0107 nam prac\u0119 w rz\u0105dzie. B\u0119dziemy si\u0119 przed tym broni\u0107 za pomoc\u0105 odpowiednich \u015brodk\u00f3w prawnych \u2014 wylicza.<\/p>\n<p>Pomimo takich plan\u00f3w Gordon Koehler, polityk AfD z Saksonii-Anhalt, kt\u00f3ry by\u0142 obecny na spotkaniu w Salzburgu z przedstawicielami FPO, m\u00f3wi, \u017ce jego partia chce unikn\u0105\u0107 tego rodzaju gor\u0105czkowej polaryzacji, jaka nast\u0105pi\u0142a po powrocie prezydenta Donalda Trumpa do w\u0142adzy na drug\u0105 kadencj\u0119 w USA.<\/p>\n<p>Jak m\u00f3wi, cho\u0107 AfD opowiada si\u0119 za zaostrzeniem dzia\u0142a\u0144 wobec os\u00f3b ubiegaj\u0105cych si\u0119 o azyl, partia nie chce, by pojawia\u0142y si\u0119 obrazy chaosu i przemocy, jakie mia\u0142y miejsce podczas operacji ameryka\u0144skiej s\u0142u\u017cby imigracyjnej i celnej (ICE) na ulicach USA.<\/p>\n<p>\u2014 Nazwa\u0142bym to napi\u0119ciem: z jednej strony [chodzi o] podejmowanie szybkich dzia\u0142a\u0144, ale z drugiej strony oczywi\u015bcie [o] dobre sprawowanie rz\u0105d\u00f3w i budowanie most\u00f3w \u2014 m\u00f3wi.<\/p>\n<p>\u2014 Nie dotrzemy do wszystkich, nigdy si\u0119 to nie uda, ale chodzi o to, by atmosfera by\u0142a nieco mniej napi\u0119ta i nie tak bardzo emocjonalna, jak obecnie. [W ko\u0144cu] spo\u0142ecze\u0144stwo musi jako\u015b funkcjonowa\u0107. A je\u015bli wszyscy s\u0105 ci\u0105gle na kraw\u0119dzi, to oczywi\u015bcie nie jest to zdrowe dla nikogo \u2014 podsumowuje.<\/p>\n","protected":false},"excerpt":{"rendered":"Saksonia-Anhalt \u2014 to w\u0142a\u015bnie tutaj, w tym ma\u0142ym, w wi\u0119kszo\u015bci wiejskim wschodnim landzie w Niemczech (Republik\u0119 Federaln\u0105 Niemiec&hellip;\n","protected":false},"author":2,"featured_media":659105,"comment_status":"","ping_status":"","sticky":false,"template":"","format":"standard","meta":{"footnotes":"","_share_on_mastodon":"0"},"categories":[14],"tags":[854,23638,56,61195,32,33,27,34,35,28,31,48,25,295,46,55,40,1314,41,47,80,29,30,26,82,83,84,3654],"class_list":["post-659104","post","type-post","status-publish","format-standard","has-post-thumbnail","category-swiat","tag-afd","tag-alice_weidel","tag-article_premium","tag-bottomfeed_styl","tag-breaking-news","tag-breakingnews","tag-headlines","tag-latest-news","tag-latestnews","tag-naglowki","tag-najwazniejsze-artykuly","tag-nat_styl","tag-news","tag-niemcy","tag-omp","tag-phx","tag-polish","tag-politico","tag-polski","tag-screening_general","tag-swiat","tag-top-stories","tag-topstories","tag-wiadomosci","tag-world","tag-world-news","tag-worldnews","tag-wybory"],"share_on_mastodon":{"url":"https:\/\/pubeurope.com\/@pl\/117193610850854552","error":""},"_links":{"self":[{"href":"https:\/\/www.europesays.com\/pl\/wp-json\/wp\/v2\/posts\/659104","targetHints":{"allow":["GET"]}}],"collection":[{"href":"https:\/\/www.europesays.com\/pl\/wp-json\/wp\/v2\/posts"}],"about":[{"href":"https:\/\/www.europesays.com\/pl\/wp-json\/wp\/v2\/types\/post"}],"author":[{"embeddable":true,"href":"https:\/\/www.europesays.com\/pl\/wp-json\/wp\/v2\/users\/2"}],"replies":[{"embeddable":true,"href":"https:\/\/www.europesays.com\/pl\/wp-json\/wp\/v2\/comments?post=659104"}],"version-history":[{"count":0,"href":"https:\/\/www.europesays.com\/pl\/wp-json\/wp\/v2\/posts\/659104\/revisions"}],"wp:featuredmedia":[{"embeddable":true,"href":"https:\/\/www.europesays.com\/pl\/wp-json\/wp\/v2\/media\/659105"}],"wp:attachment":[{"href":"https:\/\/www.europesays.com\/pl\/wp-json\/wp\/v2\/media?parent=659104"}],"wp:term":[{"taxonomy":"category","embeddable":true,"href":"https:\/\/www.europesays.com\/pl\/wp-json\/wp\/v2\/categories?post=659104"},{"taxonomy":"post_tag","embeddable":true,"href":"https:\/\/www.europesays.com\/pl\/wp-json\/wp\/v2\/tags?post=659104"}],"curies":[{"name":"wp","href":"https:\/\/api.w.org\/{rel}","templated":true}]}}