{"id":659118,"date":"2026-09-01T03:31:36","date_gmt":"2026-09-01T03:31:36","guid":{"rendered":"https:\/\/www.europesays.com\/pl\/659118\/"},"modified":"2026-09-01T03:31:36","modified_gmt":"2026-09-01T03:31:36","slug":"pozar-w-wiezowcu-w-gdansku-nie-zyje-jedna-osoba","status":"publish","type":"post","link":"https:\/\/www.europesays.com\/pl\/659118\/","title":{"rendered":"Po\u017car w wie\u017cowcu w Gda\u0144sku. Nie \u017cyje jedna osoba"},"content":{"rendered":"<p>Zg\u0142oszenie o po\u017carze wp\u0142yn\u0119\u0142o do s\u0142u\u017cb ratunkowych w poniedzia\u0142ek przed godz. 5. Informowa\u0142o ono o g\u0119stych k\u0142\u0119bach czarnego dymu oraz silnym zadymieniu na klatce schodowej budynku.<\/p>\n<p>Po przybyciu na miejsce pierwszych zast\u0119p\u00f3w stra\u017cacy zastali mocno rozwini\u0119ty po\u017car mieszkania na ostatnim pi\u0119trze. W trakcie akcji ga\u015bniczej wewn\u0105trz lokalu odnaleziono cz\u0119\u015bciowo zw\u0119glone zw\u0142oki, prawdopodobnie kobiety. Trwa ustalanie to\u017csamo\u015bci ofiary.<\/p>\n<p><a href=\"https:\/\/www.onet.pl\/\" title=\"Strona G\u0142\u00f3wna\" aria-label=\"Strona G\u0142\u00f3wna\" data-astro-prefetch=\"tap\" class=\"ods-a-logo-main-desktop\" rel=\"nofollow noopener\" target=\"_blank\"><img src=\"https:\/\/cdn.wiadomosci.onet.pl\/img\/Logo_desktop_Onet.svg\" class=\"ods-a-logo-main-desktop__image\" alt=\"Logo\" width=\"107\" height=\"60\" fetchpriority=\"high\" decoding=\"sync\" style=\"height:60px\"\/><\/a><\/p>\n<p class=\"ods-m-google-article__text\">Czytaj nas cz\u0119\u015bciej w Google<\/p>\n<p><a href=\"https:\/\/google.com\/preferences\/source?q=wiadomosci.onet.pl\" target=\"_blank\" rel=\"noopener noreferrer nofollow\" aria-label=\"Dodaj w Google\" title=\"Dodaj w Google\" class=\"ods-a-button ods-a-button__primary ods-a-button__default ods-a-button-l\">Dodaj w Google<\/a><\/p>\n<p>Wi\u0119kszo\u015b\u0107 z ok. 30 mieszka\u0144c\u00f3w ewakuowa\u0142a si\u0119 z wie\u017cowca jeszcze przed przybyciem jednostek stra\u017cy po\u017carnej. Pozosta\u0142ym osobom w bezpiecznym opuszczeniu budynku pomogli ratownicy.<\/p>\n<p>W akcji ga\u015bniczo-ratowniczej uczestniczy\u0142o sze\u015b\u0107 zast\u0119p\u00f3w stra\u017cy po\u017carnej.<\/p>\n<p>Opracowanie:\u0141ukasz Gadza\u0142a<\/p>\n<p>Data utworzenia:31 sierpnia 2026, 09:10<\/p>\n","protected":false},"excerpt":{"rendered":"Zg\u0142oszenie o po\u017carze wp\u0142yn\u0119\u0142o do s\u0142u\u017cb ratunkowych w poniedzia\u0142ek przed godz. 5. Informowa\u0142o ono o g\u0119stych k\u0142\u0119bach czarnego&hellip;\n","protected":false},"author":2,"featured_media":659119,"comment_status":"","ping_status":"","sticky":false,"template":"","format":"standard","meta":{"footnotes":"","_share_on_mastodon":"0"},"categories":[51610],"tags":[61195,1048,48,46,42,38,40,39,41,2148,47,3842,4000],"class_list":["post-659118","post","type-post","status-publish","format-standard","has-post-thumbnail","category-gdansk","tag-bottomfeed_styl","tag-gdansk","tag-nat_styl","tag-omp","tag-pl","tag-poland","tag-polish","tag-polska","tag-polski","tag-pozar","tag-screening_general","tag-straz_pozarna_strazacy","tag-trojmiasto"],"share_on_mastodon":{"url":"https:\/\/pubeurope.com\/@pl\/117193677395972707","error":""},"_links":{"self":[{"href":"https:\/\/www.europesays.com\/pl\/wp-json\/wp\/v2\/posts\/659118","targetHints":{"allow":["GET"]}}],"collection":[{"href":"https:\/\/www.europesays.com\/pl\/wp-json\/wp\/v2\/posts"}],"about":[{"href":"https:\/\/www.europesays.com\/pl\/wp-json\/wp\/v2\/types\/post"}],"author":[{"embeddable":true,"href":"https:\/\/www.europesays.com\/pl\/wp-json\/wp\/v2\/users\/2"}],"replies":[{"embeddable":true,"href":"https:\/\/www.europesays.com\/pl\/wp-json\/wp\/v2\/comments?post=659118"}],"version-history":[{"count":0,"href":"https:\/\/www.europesays.com\/pl\/wp-json\/wp\/v2\/posts\/659118\/revisions"}],"wp:featuredmedia":[{"embeddable":true,"href":"https:\/\/www.europesays.com\/pl\/wp-json\/wp\/v2\/media\/659119"}],"wp:attachment":[{"href":"https:\/\/www.europesays.com\/pl\/wp-json\/wp\/v2\/media?parent=659118"}],"wp:term":[{"taxonomy":"category","embeddable":true,"href":"https:\/\/www.europesays.com\/pl\/wp-json\/wp\/v2\/categories?post=659118"},{"taxonomy":"post_tag","embeddable":true,"href":"https:\/\/www.europesays.com\/pl\/wp-json\/wp\/v2\/tags?post=659118"}],"curies":[{"name":"wp","href":"https:\/\/api.w.org\/{rel}","templated":true}]}}