{"id":659124,"date":"2026-09-01T03:38:08","date_gmt":"2026-09-01T03:38:08","guid":{"rendered":"https:\/\/www.europesays.com\/pl\/659124\/"},"modified":"2026-09-01T03:38:08","modified_gmt":"2026-09-01T03:38:08","slug":"szczeliny-istnienia-w-krakowie-krakow-nasze-miasto","status":"publish","type":"post","link":"https:\/\/www.europesays.com\/pl\/659124\/","title":{"rendered":"Szczeliny istnienia w Krakowie | Krak\u00f3w Nasze Miasto"},"content":{"rendered":"<p class=\"atomsHappeningContent__desc\">[&#8230;] nie mo\u017cna godzi\u0107 si\u0119 na rol\u0119 nie\u015bwiadomego wyrobnika czynno\u015bci egzystencjalnych. I w obronie w\u0142asnej trzeba \u015bciga\u0107 sens codzienno\u015bci, jak przest\u0119pc\u0119, kt\u00f3ry czyha z ukrycia.<\/p>\n<p>B\u0119dziemy filozofowa\u0107. Cho\u0107 filozofowanie mo\u017ce si\u0119 w tym wypadku wyda\u0107 niew\u0142a\u015bciwym s\u0142owem, poniewa\u017c kojarzy si\u0119 z g\u0142ow\u0105, a tu chodzi o filozofowanie cia\u0142em, filozofowanie o tym, czego i jak do\u015bwiadczamy jako istoty cielesne. Jako istoty w cia\u0142ach kobiecych. Filozofowanie kojarzy si\u0119 przewa\u017cnie z \u201ewy\u017cynami\u201d ludzkiego (czytaj: m\u0119skiego) intelektu, i wielu wydaje si\u0119 przeciwie\u0144stwem codziennej rutyny wype\u0142nionej banalnymi czynno\u015bciami.<\/p>\n<p>My za\u015b chcemy filozofowa\u0107 w\u0142a\u015bnie o tym, co zwyczajne, banalne, pospolite, o porz\u0105dkowaniu, zabieganiu, krz\u0105taniu si\u0119 i troszczeniu. O codziennym wysi\u0142ku, kt\u00f3ry jest istot\u0105 naszej egzystencji. W tym b\u0119dziemy szuka\u0107 sensu i w\u0142a\u015bciwo\u015bci naszego ludzkiego-\u017ce\u0144skiego istnienia. W egzystencjalnym konkrecie przybieraj\u0105cym posta\u0107 \u015bcierki, owocu wi\u015bni czy kawa\u0142ka mi\u0119sa.<br \/>Nasz\u0105 przewodniczk\u0105 b\u0119dzie kultowa dla polskich krytyczek i my\u015blicielek feministycznych filozofka i pisarka \u2013 Jolanta Brach-Czaina, autorka niezwyk\u0142ej ksi\u0105\u017cki, w\u0142a\u015bciwie ksi\u0105\u017ceczki-eseju: wydanych po raz pierwszy w 1992 roku &#8222;Szczelin istnienia&#8221;.<\/p>\n<p>Re\u017cyser: Iwona Kempa<\/p>\n<p>Obsada: Dorota Godzic, Martyna Krzysztofik, Natalia Strzelecka, Anna Tomaszewska.<\/p>\n<p>Data premiery: 2023-11-17<br \/>Gatunek: inne<br \/>Scenografia: Joanna Zemanek<br \/>Kostiumy: Joanna Zemanek<\/p>\n","protected":false},"excerpt":{"rendered":"[&#8230;] nie mo\u017cna godzi\u0107 si\u0119 na rol\u0119 nie\u015bwiadomego wyrobnika czynno\u015bci egzystencjalnych. I w obronie w\u0142asnej trzeba \u015bciga\u0107 sens&hellip;\n","protected":false},"author":2,"featured_media":659125,"comment_status":"","ping_status":"","sticky":false,"template":"","format":"standard","meta":{"footnotes":"","_share_on_mastodon":"0"},"categories":[51606],"tags":[6226,10195,1304,42,38,40,39,41,8812,22920],"class_list":["post-659124","post","type-post","status-publish","format-standard","has-post-thumbnail","category-krakow","tag-bilety","tag-impreza","tag-krakow","tag-pl","tag-poland","tag-polish","tag-polska","tag-polski","tag-spektakle","tag-wydarzenie"],"share_on_mastodon":{"url":"https:\/\/pubeurope.com\/@pl\/117193703861493552","error":""},"_links":{"self":[{"href":"https:\/\/www.europesays.com\/pl\/wp-json\/wp\/v2\/posts\/659124","targetHints":{"allow":["GET"]}}],"collection":[{"href":"https:\/\/www.europesays.com\/pl\/wp-json\/wp\/v2\/posts"}],"about":[{"href":"https:\/\/www.europesays.com\/pl\/wp-json\/wp\/v2\/types\/post"}],"author":[{"embeddable":true,"href":"https:\/\/www.europesays.com\/pl\/wp-json\/wp\/v2\/users\/2"}],"replies":[{"embeddable":true,"href":"https:\/\/www.europesays.com\/pl\/wp-json\/wp\/v2\/comments?post=659124"}],"version-history":[{"count":0,"href":"https:\/\/www.europesays.com\/pl\/wp-json\/wp\/v2\/posts\/659124\/revisions"}],"wp:featuredmedia":[{"embeddable":true,"href":"https:\/\/www.europesays.com\/pl\/wp-json\/wp\/v2\/media\/659125"}],"wp:attachment":[{"href":"https:\/\/www.europesays.com\/pl\/wp-json\/wp\/v2\/media?parent=659124"}],"wp:term":[{"taxonomy":"category","embeddable":true,"href":"https:\/\/www.europesays.com\/pl\/wp-json\/wp\/v2\/categories?post=659124"},{"taxonomy":"post_tag","embeddable":true,"href":"https:\/\/www.europesays.com\/pl\/wp-json\/wp\/v2\/tags?post=659124"}],"curies":[{"name":"wp","href":"https:\/\/api.w.org\/{rel}","templated":true}]}}