{"id":659126,"date":"2026-09-01T03:39:26","date_gmt":"2026-09-01T03:39:26","guid":{"rendered":"https:\/\/www.europesays.com\/pl\/659126\/"},"modified":"2026-09-01T03:39:26","modified_gmt":"2026-09-01T03:39:26","slug":"polska-na-szczycie-g20-w-poniedzialek-obrady-ministrow-i-szefow","status":"publish","type":"post","link":"https:\/\/www.europesays.com\/pl\/659126\/","title":{"rendered":"Polska na szczycie G20. W poniedzia\u0142ek obrady ministr\u00f3w i szef\u00f3w&#8230;"},"content":{"rendered":"<p>Spotkanie w g\u00f3rskim kurorcie w Appalachach rozpocz\u0105\u0142 ameryka\u0144ski minister finans\u00f3w Scott Bessent, kt\u00f3ry zapowiedzia\u0142, \u017ce g\u0142\u00f3wnym tematem przewodnim jest &#8222;powr\u00f3t do podstaw&#8221; i skupienie na promocji wzrostu gospodarczego i deregulacji. Inny to walka z &#8222;brakiem r\u00f3wnowagi&#8221; w handlu mi\u0119dzynarodowym, co w du\u017cej mierze dotyczy Chin i eksportowanych przez nie nadwy\u017cek produkcyjnych.<\/p>\n<p>Na pocz\u0105tku spotkania Bessent podzi\u0119kowa\u0142 r\u00f3wnie\u017c Unii Europejskiej za &#8222;silne o\u015bwiadczenie&#8221; poparcia dla ameryka\u0144skich sankcji przeciwko Iranowi w ramach operacji &#8222;Economic Outcast&#8221; (&#8222;ekonomiczny wyrzutek&#8221;). Do spotkania dochodzi na tle wysi\u0142k\u00f3w USA, by zmusi\u0107 kraje trzecie do ca\u0142kowitej izolacji finansowej Iranu i oczekuje si\u0119, \u017ce b\u0119dzie to jeden z g\u0142\u00f3wnych cel\u00f3w ameryka\u0144skiej delegacji. W\u015br\u00f3d uczestnik\u00f3w spotkania s\u0105 m.in. wspieraj\u0105ce Iran Chiny i Rosja.<\/p>\n<p>W spotkaniu jako pe\u0142noprawny uczestnik po raz pierwszy uczestniczy Polska, reprezentowana przez ministra finans\u00f3w Andrzeja Doma\u0144skiego i szefa NBP Adama Glapi\u0144skiego. Obaj zasiedli mi\u0119dzy delegacj\u0105 Chin i Francji. Doma\u0144ski zapowiedzia\u0142, \u017ce USA poprosi\u0142y go o prowadzenie dyskusji na temat wzrostu gospodarczego i przedstawienie sukcesu ekonomicznego Polski.<\/p>\n<p>Spotkanie odbywa si\u0119 te\u017c na tle ostrego sporu handlowego z jednym z najwi\u0119kszych partner\u00f3w USA, Kanad\u0105. Kanadyjski minister Franois-Philippe Champagne powiedzia\u0142 PAP przed szczytem, \u017ce liczy na dobre rozmowy z USA i zapewnia\u0142, \u017ce Kanada jest gotowa do rozm\u00f3w z USA, ale chodzi jej o &#8222;r\u00f3wne warunki gry&#8221;. Przekonywa\u0142 te\u017c, \u017ce mimo na\u0142o\u017conych przez USA 50 proc. ce\u0142 na znaczn\u0105 cz\u0119\u015b\u0107 kanadyjskiego eksportu, gospodarka ma si\u0119 dobrze.<\/p>\n<p>&#8211; Wzrost idzie w g\u00f3r\u0119, p\u0142ace id\u0105 w g\u00f3r\u0119, sprawy maj\u0105 si\u0119 dobrze &#8211; m\u00f3wi\u0142.<\/p>\n<p>Podczas dwudniowego szczytu odb\u0119dzie si\u0119 szereg dyskusji plenarnych m.in. na temat wzrostu gospodarczego, energetyki, sztucznej inteligencji i kryzysu zad\u0142u\u017cenia. Po raz pierwszy sprawuj\u0105ce przewodnictwo Stany ZJednoczone zaprosi\u0142y na szczyt przedstawicieli sektora prywatnego z r\u00f3\u017cnych kraj\u00f3w. W\u015br\u00f3d nich jest m.in. Jamie Dimon, szef najwi\u0119kszego banku pod wzgl\u0119dem wyceny rynkowej, JPMorgan Chase.<\/p>\n<p>Jak powiedzia\u0142 Bessent, Asheville zosta\u0142o wybrane na miejsce spotkania nie tylko jako przyk\u0142\u0105d naturalnego pi\u0119kna kraju, ale r\u00f3wnie\u017c odporno\u015bci jego gospodarki. Rok temu miasto zosta\u0142o zdewastowane przez bezprecedensow\u0105 pow\u00f3dz spowodowan\u0105 przez huragan Helene. Dzi\u015b po zniszczeniach nie ma wielkich znak\u00f3w.<\/p>\n","protected":false},"excerpt":{"rendered":"Spotkanie w g\u00f3rskim kurorcie w Appalachach rozpocz\u0105\u0142 ameryka\u0144ski minister finans\u00f3w Scott Bessent, kt\u00f3ry zapowiedzia\u0142, \u017ce g\u0142\u00f3wnym tematem przewodnim&hellip;\n","protected":false},"author":2,"featured_media":659127,"comment_status":"","ping_status":"","sticky":false,"template":"","format":"standard","meta":{"footnotes":"","_share_on_mastodon":"0"},"categories":[12],"tags":[1128,21690,190,663,193,2169,42,38,40,39,41,21691,9378,71,21692,892],"class_list":["post-659126","post","type-post","status-publish","format-standard","has-post-thumbnail","category-polska","tag-g20","tag-gosc-niedzielny","tag-gospodarka","tag-iran","tag-kanada","tag-pap","tag-pl","tag-poland","tag-polish","tag-polska","tag-polski","tag-publicystyka-katolicka","tag-tygodnik-katolicki","tag-usa","tag-wiadomosci-z-zycia-kosciola-polski-i-swiata","tag-wojna"],"share_on_mastodon":{"url":"https:\/\/pubeurope.com\/@pl\/117193707622607497","error":""},"_links":{"self":[{"href":"https:\/\/www.europesays.com\/pl\/wp-json\/wp\/v2\/posts\/659126","targetHints":{"allow":["GET"]}}],"collection":[{"href":"https:\/\/www.europesays.com\/pl\/wp-json\/wp\/v2\/posts"}],"about":[{"href":"https:\/\/www.europesays.com\/pl\/wp-json\/wp\/v2\/types\/post"}],"author":[{"embeddable":true,"href":"https:\/\/www.europesays.com\/pl\/wp-json\/wp\/v2\/users\/2"}],"replies":[{"embeddable":true,"href":"https:\/\/www.europesays.com\/pl\/wp-json\/wp\/v2\/comments?post=659126"}],"version-history":[{"count":0,"href":"https:\/\/www.europesays.com\/pl\/wp-json\/wp\/v2\/posts\/659126\/revisions"}],"wp:featuredmedia":[{"embeddable":true,"href":"https:\/\/www.europesays.com\/pl\/wp-json\/wp\/v2\/media\/659127"}],"wp:attachment":[{"href":"https:\/\/www.europesays.com\/pl\/wp-json\/wp\/v2\/media?parent=659126"}],"wp:term":[{"taxonomy":"category","embeddable":true,"href":"https:\/\/www.europesays.com\/pl\/wp-json\/wp\/v2\/categories?post=659126"},{"taxonomy":"post_tag","embeddable":true,"href":"https:\/\/www.europesays.com\/pl\/wp-json\/wp\/v2\/tags?post=659126"}],"curies":[{"name":"wp","href":"https:\/\/api.w.org\/{rel}","templated":true}]}}