{"id":659136,"date":"2026-09-01T03:46:23","date_gmt":"2026-09-01T03:46:23","guid":{"rendered":"https:\/\/www.europesays.com\/pl\/659136\/"},"modified":"2026-09-01T03:46:23","modified_gmt":"2026-09-01T03:46:23","slug":"vu-duo-4k-lite-nowy-standard-odbiornikow-4k-na-2026-rok","status":"publish","type":"post","link":"https:\/\/www.europesays.com\/pl\/659136\/","title":{"rendered":"VU+ Duo 4K Lite: nowy standard odbiornik\u00f3w 4K na 2026 rok"},"content":{"rendered":"<p>\n                        Prosimy o wy\u0142\u0105czenie blokowania reklam i od\u015bwie\u017cenie strony.\n                    <\/p>\n<p>                Nowy odbiornik na Linuksie: VU+ DUO 4K Lite<br \/>\nVU+ DUO 4K Lite poszerza szerok\u0105 ofert\u0119 marki VU+ o nowoczesny i wydajny odbiornik.<\/p>\n<p>Nowy VU+ Duo 4K Lite to odbiornik Linux\/Enigma2, kt\u00f3ry wchodzi do sprzeda\u017cy mi\u0119dzy 7 a 11 wrze\u015bnia 2026 roku na S\u0142owacji. Zapewne kilka dni p\u00f3\u017aniej b\u0119dzie ju\u017c w Polsce np. w Hollex.pl. Model rozszerza ofert\u0119 VU+ o urz\u0105dzenie stworzone dla wymagaj\u0105cych instalacji satelitarnych, kablowych i naziemnych, oferuj\u0105c pe\u0142n\u0105 elastyczno\u015b\u0107 konfiguracji tuner\u00f3w.<\/p>\n<p>Odbiornik obs\u0142uguje dwa tunery Full Band Capture (FBC), co pozwala na b\u0142yskawiczne prze\u0142\u0105czanie kana\u0142\u00f3w i r\u00f3wnoleg\u0142e przetwarzanie wielu transponder\u00f3w. W zale\u017cno\u015bci od wersji u\u017cytkownik mo\u017ce wybra\u0107 Dual FBC DVB\u2011S2X, Dual FBC DVB\u2011C, Dual DVB\u2011T2, a tak\u017ce konfiguracj\u0119 FBC S2X + FBC C. Tunery FBC oferuj\u0105 nawet 8 demodulator\u00f3w, dzi\u0119ki czemu urz\u0105dzenie dzia\u0142a jak 8 niezale\u017cnych tuner\u00f3w, idealne do nagrywania, streamingu i pracy w instalacjach Unicable\/SCR.<\/p>\n<p>VU+ Duo 4K Lite obs\u0142uguje HEVC\/H.265, pe\u0142ne 4K UHD, a dzi\u0119ki platformie Enigma2 Linux oferuje ogromne mo\u017cliwo\u015bci personalizacji. Odbiornik wyposa\u017cono w USB 3.0, USB\u2011C, Gigabit Ethernet, dwupasmowe Wi\u2011Fi, Bluetooth, a tak\u017ce gniazdo CI dla modu\u0142\u00f3w p\u0142atnej telewizji. Funkcje takie jak pauza na \u017cywo, nagrywanie wielu kana\u0142\u00f3w jednocze\u015bnie, streaming w sieci domowej oraz obs\u0142uga serwer\u00f3w multimedialnych s\u0105 standardem.<\/p>\n<p>Nowy VU+ DUO 4K Lite stawia r\u00f3wnie\u017c na energooszcz\u0119dno\u015b\u0107 i cich\u0105 prac\u0119, zachowuj\u0105c elegancki design znany z serii Duo. To odbiornik dla u\u017cytkownik\u00f3w, kt\u00f3rzy potrzebuj\u0105 stabilnego, szybkiego i rozszerzalnego sprz\u0119tu do zaawansowanych instalacji satelitarnych i kablowych.<\/p>\n<p>Premiera na S\u0142owacji w dniach 7-11 wrze\u015bnia 2026 oznacza, \u017ce VU+ Duo 4K Lite trafi do sprzeda\u017cy jeszcze przed sezonem jesiennych aktualizacji Enigma2, co czyni go jednym z najciekawszych odbiornik\u00f3w 4K roku 2026.<br \/>\u00a0\n<\/p>\n<p><img loading=\"lazy\" decoding=\"async\" alt=\"VU+ Duo 4K Lite \" height=\"252\" src=\"https:\/\/www.europesays.com\/pl\/wp-content\/uploads\/2026\/09\/131759.webp\" width=\"750\"\/><br \/>\nNowo\u015b\u0107 od VU+: odbiornik\u00a0VU+ Duo 4K Lite fot. AB-Com<\/p>\n<p>Wersje odbiornika VU+ Duo 4K Lite z cenami (AB\u2011com.eu):<\/p>\n<ul>\n<li>VU+ DUO 4K Lite (DVB\u2011S2X FBC Twin + DVB\u2011T2 Dual) &#8211;\u00a0429,00 euro (1909 z\u0142)<\/li>\n<li>VU+ DUO 4K Lite (1\u00d7 DVB\u2011S2X FBC Twin Tuner) &#8211;\u00a0429,00 euro (1909 z\u0142)<\/li>\n<li>VU+ DUO 4K Lite (DVB\u2011S2X FBC Twin + DVB\u2011C FBC) &#8211;\u00a0349,00 euro (1553 z\u0142)<\/li>\n<li>VU+ DUO 4K Lite (1\u00d7 tuner DVB\u2011C FBC) &#8211;\u00a0429,00 euro (1909 z\u0142)<\/li>\n<li>VU+ DUO 4K Lite (1\u00d7 podw\u00f3jny tuner DVB\u2011T2) &#8211;\u00a0349,00 euro (1553 z\u0142)<\/li>\n<li>VU+ DUO 4K Lite (2\u00d7 DVB\u2011S2X FBC Twin Tuner) &#8211;\u00a0349,00 euro (1553 z\u0142)<\/li>\n<li>VU+ DUO 4K Lite (2\u00d7 podw\u00f3jny tuner DVB\u2011T2) &#8211; 429,00 euro (1909 z\u0142)<\/li>\n<li>VU+ DUO 4K Lite (DVB\u2011C FBC + DVB\u2011T2 Dual) &#8211;\u00a0429,00 euro (1909 z\u0142)<\/li>\n<li>VU+ DUO 4K Lite (2\u00d7 DVB\u2011C FBC) &#8211;\u00a0429,00 euro (1909 z\u0142)<\/li>\n<\/ul>\n<p>Najwa\u017cniejsze dane techniczne VU+ DUO 4K Lite:<br \/>\nTunery<\/p>\n<ul>\n<li>DVB\u2011S2X FBC Twin + DVB\u2011T2 Dual<\/li>\n<li>Do 8 demodulator\u00f3w FBC<\/li>\n<li>Obs\u0142uga Unicable\/SCR (EN50494, EN50607)<\/li>\n<li>DiSEqC 1.0\/1.1\/1.2, USALS<\/li>\n<\/ul>\n<p>Procesor i pami\u0119\u0107<\/p>\n<ul>\n<li>Procesor dual\u2011core 1,7 GHz<\/li>\n<li>2 GB RAM DDR4<\/li>\n<li>8 GB Flash eMMC<\/li>\n<\/ul>\n<p>\u0141\u0105czno\u015b\u0107<\/p>\n<ul>\n<li>Gigabit LAN 10\/100\/1000 Mb\/s<\/li>\n<li>Wi\u2011Fi 802.11 b\/g\/n\/ac (2,4\/5 GHz)<\/li>\n<li>Bluetooth 5.4<\/li>\n<li>Aplikacje mobilne iOS\/Android<\/li>\n<\/ul>\n<p>Interfejsy<\/p>\n<ul>\n<li>2\u00d7 DVB CI CAM (jednoczesne u\u017cycie)<\/li>\n<li>1\u00d7 czytnik kart Xcrypt<\/li>\n<li>1\u00d7 USB\u2011C<\/li>\n<li>3\u00d7 USB 3.0 (2 ty\u0142, 1 prz\u00f3d)<\/li>\n<li>1\u00d7 HDMI 2.0 OUT<\/li>\n<li>1\u00d7 HDMI 2.0 IN<\/li>\n<li>1\u00d7 S\/PDIF optyczne<\/li>\n<li>1\u00d7 czytnik kart SD<\/li>\n<li>RS232 (serwis)<\/li>\n<\/ul>\n<p>Wy\u015bwietlacz<\/p>\n<p>TFT LCD 3,0&#8243; Mini TV<\/p>\n<p>Wideo<\/p>\n<ul>\n<li>HEVC\/H.265, MPEG\u20112\/H.264, MPEG\u20111<\/li>\n<li>PAL G\/25 Hz, NTSC<\/li>\n<li>Proporcje 4:3 \/ 16:9<\/li>\n<li>Letterbox<\/li>\n<\/ul>\n<p>Audio<\/p>\n<ul>\n<li>S\/PDIF AC3<\/li>\n<li>MPEG\u20111\/2 Layer I\/II, MP3<\/li>\n<li>Stereo, Dual<\/li>\n<li>Cz\u0119stotliwo\u015bci: 32\/44,1\/48\/16\/22,05\/24 kHz<\/li>\n<\/ul>\n<p>Pob\u00f3r mocy<\/p>\n<ul>\n<li>&lt; 13 W (z LNB)<\/li>\n<li>&lt; 10 W (bez LNB)<\/li>\n<li>&lt; 0,3 W (standby)<\/li>\n<\/ul>\n<p>Zasilanie<\/p>\n<ul>\n<li>110-240 V AC \/ 50-60 Hz \/ 1,5 A<\/li>\n<li>Wyj\u015bcie 12 V DC \/ 5,0 A<\/li>\n<\/ul>\n<p>Warunki pracy<\/p>\n<ul>\n<li>Temp.: +15\u00b0C do +35\u00b0C<\/li>\n<li>Wilgotno\u015b\u0107: &lt; 80%<\/li>\n<\/ul>\n<p>Wymiary i waga:\u00a0270 \u00d7 202 \u00d7 60 mm \/1,4 kg<\/p>\n<p>\u00a0<\/p>\n<p>Materia\u0142 chroniony prawem<br \/>\n                autorskim &#8211; wszelkie prawa zastrze\u017cone. Dalsze rozpowszechnianie artyku\u0142u tylko za zgod\u0105 wydawcy.\n            <\/p>\n","protected":false},"excerpt":{"rendered":"Prosimy o wy\u0142\u0105czenie blokowania reklam i od\u015bwie\u017cenie strony. Nowy odbiornik na Linuksie: VU+ DUO 4K Lite VU+ DUO&hellip;\n","protected":false},"author":2,"featured_media":659137,"comment_status":"","ping_status":"","sticky":false,"template":"","format":"standard","meta":{"footnotes":"","_share_on_mastodon":"0"},"categories":[20],"tags":[120,118,119,42,38,40,39,41,116,114,115,121,117],"class_list":["post-659136","post","type-post","status-publish","format-standard","has-post-thumbnail","category-nauka-i-technika","tag-nauka","tag-nauka-i-technika","tag-naukatechnika","tag-pl","tag-poland","tag-polish","tag-polska","tag-polski","tag-science","tag-science-and-technology","tag-sciencetechnology","tag-technika","tag-technology"],"share_on_mastodon":{"url":"https:\/\/pubeurope.com\/@pl\/117193735907895828","error":""},"_links":{"self":[{"href":"https:\/\/www.europesays.com\/pl\/wp-json\/wp\/v2\/posts\/659136","targetHints":{"allow":["GET"]}}],"collection":[{"href":"https:\/\/www.europesays.com\/pl\/wp-json\/wp\/v2\/posts"}],"about":[{"href":"https:\/\/www.europesays.com\/pl\/wp-json\/wp\/v2\/types\/post"}],"author":[{"embeddable":true,"href":"https:\/\/www.europesays.com\/pl\/wp-json\/wp\/v2\/users\/2"}],"replies":[{"embeddable":true,"href":"https:\/\/www.europesays.com\/pl\/wp-json\/wp\/v2\/comments?post=659136"}],"version-history":[{"count":0,"href":"https:\/\/www.europesays.com\/pl\/wp-json\/wp\/v2\/posts\/659136\/revisions"}],"wp:featuredmedia":[{"embeddable":true,"href":"https:\/\/www.europesays.com\/pl\/wp-json\/wp\/v2\/media\/659137"}],"wp:attachment":[{"href":"https:\/\/www.europesays.com\/pl\/wp-json\/wp\/v2\/media?parent=659136"}],"wp:term":[{"taxonomy":"category","embeddable":true,"href":"https:\/\/www.europesays.com\/pl\/wp-json\/wp\/v2\/categories?post=659136"},{"taxonomy":"post_tag","embeddable":true,"href":"https:\/\/www.europesays.com\/pl\/wp-json\/wp\/v2\/tags?post=659136"}],"curies":[{"name":"wp","href":"https:\/\/api.w.org\/{rel}","templated":true}]}}