{"id":659156,"date":"2026-09-01T04:02:18","date_gmt":"2026-09-01T04:02:18","guid":{"rendered":"https:\/\/www.europesays.com\/pl\/659156\/"},"modified":"2026-09-01T04:02:18","modified_gmt":"2026-09-01T04:02:18","slug":"remont-wiaduktu-na-niebuszewie-potrwa-dluzej-ale-jest-tez-dobra-wiadomosc","status":"publish","type":"post","link":"https:\/\/www.europesays.com\/pl\/659156\/","title":{"rendered":"Remont wiaduktu na Niebuszewie potrwa d\u0142u\u017cej, ale jest te\u017c dobra wiadomo\u015b\u0107"},"content":{"rendered":"<p>\n                        Kilka dni d\u0142u\u017cej potrwa remont wiaduktu kolejowego nad ulic\u0105 Warcis\u0142awa. \u2013 Dobra wiadomo\u015b\u0107 jest jednak taka, \u017ce najp\u00f3\u017aniej od 5 wrze\u015bnia kierowcy b\u0119d\u0105 mogli ponownie pojecha\u0107 obiema nitkami \u2013 informuje Krzysztof Ufland, rzecznik prasowy ZDiTM.\n                    <\/p>\n<p align=\"JUSTIFY\">Do 4 wrze\u015bnia br. b\u0119dzie obowi\u0105zywa\u0107 czasowa organizacja i ruch wahad\u0142owy na ulicy Warcis\u0142awa.\u00a0<\/p>\n<p align=\"JUSTIFY\">\u2013 Stan techniczny wiaduktu wymaga\u0142 wi\u0119kszego zakresu prac, ni\u017c pocz\u0105tkowo zak\u0142adano. Trzeba by\u0142o je dodatkowo uzgodni\u0107 z miejskim konserwatorem zabytk\u00f3w, co tak\u017ce wp\u0142yn\u0119\u0142o na wyd\u0142u\u017cenie czasu realizacji remontu \u2013 informuje Krzysztof Ufland, rzecznik prasowy ZDiTM.<\/p>\n<p align=\"JUSTIFY\">Obecnie prace prowadzone s\u0105 w ten spos\u00f3b, by jak najszybciej przywr\u00f3ci\u0107 sta\u0142\u0105 organizacj\u0119 ruchu.<\/p>\n<p align=\"JUSTIFY\">\u2013 Maj\u0105c na uwadze rozpoczynaj\u0105cy si\u0119 rok szkolny oraz wzmo\u017cony ruch szczeg\u00f3lnie w porannych i popo\u0142udniowych godzinach szczytu, uczulamy kierowc\u00f3w, by w tym rejonie miasta planowali podr\u00f3\u017c z uwzgl\u0119dnieniem ruchu wahad\u0142owego, kt\u00f3ry wci\u0105\u017c b\u0119dzie obowi\u0105zywa\u0107 na ulicy Warcis\u0142awa i b\u0119dzie powodowa\u0107 mniejsz\u0105 przepustowo\u015b\u0107 ulicy \u2013 dodaje Krzysztof Ufland.<\/p>\n","protected":false},"excerpt":{"rendered":"Kilka dni d\u0142u\u017cej potrwa remont wiaduktu kolejowego nad ulic\u0105 Warcis\u0142awa. \u2013 Dobra wiadomo\u015b\u0107 jest jednak taka, \u017ce najp\u00f3\u017aniej&hellip;\n","protected":false},"author":2,"featured_media":659157,"comment_status":"","ping_status":"","sticky":false,"template":"","format":"standard","meta":{"footnotes":"","_share_on_mastodon":"0"},"categories":[51611],"tags":[291,1089,3839,3511,261,3840,42,38,40,907,39,41,123,2307,26,1092],"class_list":["post-659156","post","type-post","status-publish","format-standard","has-post-thumbnail","category-szczecin","tag-historia","tag-imprezy","tag-interwencje","tag-inwestycje","tag-kultura","tag-lokale","tag-pl","tag-poland","tag-polish","tag-polityka","tag-polska","tag-polski","tag-rozrywka","tag-szczecin","tag-wiadomosci","tag-wydarzenia"],"share_on_mastodon":{"url":"https:\/\/pubeurope.com\/@pl\/117193798087094117","error":""},"_links":{"self":[{"href":"https:\/\/www.europesays.com\/pl\/wp-json\/wp\/v2\/posts\/659156","targetHints":{"allow":["GET"]}}],"collection":[{"href":"https:\/\/www.europesays.com\/pl\/wp-json\/wp\/v2\/posts"}],"about":[{"href":"https:\/\/www.europesays.com\/pl\/wp-json\/wp\/v2\/types\/post"}],"author":[{"embeddable":true,"href":"https:\/\/www.europesays.com\/pl\/wp-json\/wp\/v2\/users\/2"}],"replies":[{"embeddable":true,"href":"https:\/\/www.europesays.com\/pl\/wp-json\/wp\/v2\/comments?post=659156"}],"version-history":[{"count":0,"href":"https:\/\/www.europesays.com\/pl\/wp-json\/wp\/v2\/posts\/659156\/revisions"}],"wp:featuredmedia":[{"embeddable":true,"href":"https:\/\/www.europesays.com\/pl\/wp-json\/wp\/v2\/media\/659157"}],"wp:attachment":[{"href":"https:\/\/www.europesays.com\/pl\/wp-json\/wp\/v2\/media?parent=659156"}],"wp:term":[{"taxonomy":"category","embeddable":true,"href":"https:\/\/www.europesays.com\/pl\/wp-json\/wp\/v2\/categories?post=659156"},{"taxonomy":"post_tag","embeddable":true,"href":"https:\/\/www.europesays.com\/pl\/wp-json\/wp\/v2\/tags?post=659156"}],"curies":[{"name":"wp","href":"https:\/\/api.w.org\/{rel}","templated":true}]}}