{"id":659174,"date":"2026-09-01T04:13:23","date_gmt":"2026-09-01T04:13:23","guid":{"rendered":"https:\/\/www.europesays.com\/pl\/659174\/"},"modified":"2026-09-01T04:13:23","modified_gmt":"2026-09-01T04:13:23","slug":"mel-gibson-pod-ostrzalem-mial-drwic-z-tlumaczki-jezyka-migowego","status":"publish","type":"post","link":"https:\/\/www.europesays.com\/pl\/659174\/","title":{"rendered":"Mel Gibson pod ostrza\u0142em. Mia\u0142 drwi\u0107 z t\u0142umaczki j\u0119zyka migowego"},"content":{"rendered":"<p>Wszystko rozegra\u0142o si\u0119 w sobot\u0119 29 sierpnia, gdy aktor zosta\u0142 zaproszony na scen\u0119 przez prowadz\u0105cego Liama Crowleya. Wszed\u0142 tu\u017c za kobiet\u0105, kt\u00f3ra przekazywa\u0142a wypowiedzi osobom nies\u0142ysz\u0105cym i gdy ju\u017c ko\u0144czy\u0142a, sam wykona\u0142 kilka ruch\u00f3w r\u0119kami.<\/p>\n<p>Dalszy ci\u0105g artyku\u0142u pod materia\u0142em wideo<\/p>\n<p>Nagranie, kt\u00f3re trafi\u0142o do sieci, wzbudzi\u0142o skrajne emocje. Cho\u0107 Crowley nie wygl\u0105da\u0142 na zaskoczonego zachowaniem gwiazdora, wielu u\u017cytkownik\u00f3w platformy X (dawniej Twitter) odebra\u0142o jego gesty jako kpin\u0119. &#8222;To jest obrzydliwe!&#8221; \u2014 pisze jeden z komentuj\u0105cych. Inny okre\u015bli\u0142 Mela jako &#8222;odra\u017caj\u0105cego cz\u0142owieka&#8221;.<\/p>\n<p><a href=\"https:\/\/www.onet.pl\/\" title=\"Strona G\u0142\u00f3wna\" aria-label=\"Strona G\u0142\u00f3wna\" data-astro-prefetch=\"tap\" class=\"ods-a-logo-main-desktop\" rel=\"nofollow noopener\" target=\"_blank\"><img src=\"https:\/\/cdn.kobieta.onet.pl\/img\/Logo_desktop_Onet.svg\" class=\"ods-a-logo-main-desktop__image\" alt=\"Logo\" width=\"107\" height=\"60\" fetchpriority=\"high\" decoding=\"sync\" style=\"height:60px\"\/><\/a><\/p>\n<p class=\"ods-m-google-article__text\">Czytaj nas cz\u0119\u015bciej w Google<\/p>\n<p><a href=\"https:\/\/google.com\/preferences\/source?q=kobieta.onet.pl\" target=\"_blank\" rel=\"noopener noreferrer nofollow\" aria-label=\"Dodaj w Google\" title=\"Dodaj w Google\" class=\"ods-a-button ods-a-button__primary ods-a-button__default ods-a-button-l\">Dodaj w Google<\/a><\/p>\n<blockquote class=\"ods-o-quote\">\n<p class=\"ods-o-quote__paragraph\">To zawsze rozczarowuj\u0105ce widzie\u0107, jak kto\u015b drwi z mojego j\u0119zyka. Pracujemy ci\u0119\u017cko, aby zosta\u0142 uznany i traktowany powa\u017cnie<\/p>\n<\/blockquote>\n<p>\u2014 zaznacza g\u0142ucha internautka.<\/p>\n<p>By\u0142 kr\u00f3lem \u015bwiata. Jedna rzecz przekre\u015bli\u0142a jego karier\u0119 na lata<img class=\"ods-a-photo ods-a-photo--background\" src=\"https:\/\/www.europesays.com\/pl\/wp-content\/uploads\/2026\/09\/PGvk9lBaHR0cHM6Ly9vY2RuLmV1L3B1bHNjbXMvTURBXy82ZTI4ZDI0YmY1OGMxNTRlN2YyY2MzMjQ4NDU4M2IzNC5qcGeRlQLNA.jpeg\" height=\"357\" width=\"450\" alt=\"Jim Caviezel i Mel Gibson na planie &quot;Pasji&quot;\" loading=\"lazy\" fetchpriority=\"low\" decoding=\"async\"\/><\/p>\n<p>Cz\u0119\u015b\u0107 internaut\u00f3w zachowa\u0142a jednak ostro\u017cno\u015b\u0107, domagaj\u0105c si\u0119 pe\u0142niejszego kontekstu. &#8222;Najpierw dowiedzmy si\u0119, co si\u0119 dok\u0142adnie wydarzy\u0142o&#8221; \u2014 apelowali niekt\u00f3rzy. Pojawi\u0142y si\u0119 te\u017c g\u0142osy, kt\u00f3re \u0142\u0105czy\u0142y incydent z wcze\u015bniejszymi kontrowersjami wok\u00f3\u0142 Gibsona. &#8222;Jest znany z rasistowskich i seksistowskich pogl\u0105d\u00f3w&#8221; \u2014 stwierdzi\u0142 jeden z u\u017cytkownik\u00f3w, udost\u0119pniaj\u0105c fragment nagrania.<\/p>\n<p>Jak dot\u0105d przedstawiciele artysty nie ustosunkowali si\u0119 do sprawy.<\/p>\n","protected":false},"excerpt":{"rendered":"Wszystko rozegra\u0142o si\u0119 w sobot\u0119 29 sierpnia, gdy aktor zosta\u0142 zaproszony na scen\u0119 przez prowadz\u0105cego Liama Crowleya. Wszed\u0142&hellip;\n","protected":false},"author":2,"featured_media":659175,"comment_status":"","ping_status":"","sticky":false,"template":"","format":"standard","meta":{"footnotes":"","_share_on_mastodon":"0"},"categories":[22],"tags":[61195,1942,122,816,48,46,42,38,40,39,41,123,47],"class_list":["post-659174","post","type-post","status-publish","format-standard","has-post-thumbnail","category-rozrywka","tag-bottomfeed_styl","tag-celebryci","tag-entertainment","tag-film","tag-nat_styl","tag-omp","tag-pl","tag-poland","tag-polish","tag-polska","tag-polski","tag-rozrywka","tag-screening_general"],"share_on_mastodon":{"url":"https:\/\/pubeurope.com\/@pl\/117193841301343852","error":""},"_links":{"self":[{"href":"https:\/\/www.europesays.com\/pl\/wp-json\/wp\/v2\/posts\/659174","targetHints":{"allow":["GET"]}}],"collection":[{"href":"https:\/\/www.europesays.com\/pl\/wp-json\/wp\/v2\/posts"}],"about":[{"href":"https:\/\/www.europesays.com\/pl\/wp-json\/wp\/v2\/types\/post"}],"author":[{"embeddable":true,"href":"https:\/\/www.europesays.com\/pl\/wp-json\/wp\/v2\/users\/2"}],"replies":[{"embeddable":true,"href":"https:\/\/www.europesays.com\/pl\/wp-json\/wp\/v2\/comments?post=659174"}],"version-history":[{"count":0,"href":"https:\/\/www.europesays.com\/pl\/wp-json\/wp\/v2\/posts\/659174\/revisions"}],"wp:featuredmedia":[{"embeddable":true,"href":"https:\/\/www.europesays.com\/pl\/wp-json\/wp\/v2\/media\/659175"}],"wp:attachment":[{"href":"https:\/\/www.europesays.com\/pl\/wp-json\/wp\/v2\/media?parent=659174"}],"wp:term":[{"taxonomy":"category","embeddable":true,"href":"https:\/\/www.europesays.com\/pl\/wp-json\/wp\/v2\/categories?post=659174"},{"taxonomy":"post_tag","embeddable":true,"href":"https:\/\/www.europesays.com\/pl\/wp-json\/wp\/v2\/tags?post=659174"}],"curies":[{"name":"wp","href":"https:\/\/api.w.org\/{rel}","templated":true}]}}