{"id":659182,"date":"2026-09-01T04:17:12","date_gmt":"2026-09-01T04:17:12","guid":{"rendered":"https:\/\/www.europesays.com\/pl\/659182\/"},"modified":"2026-09-01T04:17:12","modified_gmt":"2026-09-01T04:17:12","slug":"obchody-87-rocznicy-wybuchu-ii-wojny-swiatowej-na-westerplatte","status":"publish","type":"post","link":"https:\/\/www.europesays.com\/pl\/659182\/","title":{"rendered":"Obchody 87. rocznicy wybuchu II wojny \u015bwiatowej na Westerplatte"},"content":{"rendered":"<p>Przed rozpocz\u0119ciem g\u0142\u00f3wnych uroczysto\u015bci z\u0142o\u017cony zosta\u0142 wieniec &#8222;Od Narodu&#8221; na Cmentarzu \u017bo\u0142nierzy Wojska Polskiego na Westerplatte w obecno\u015bci m.in. prezydenta, premiera, szefa MON, wicemarsza\u0142ka Sejmu Piotra Zgorzelskiego, szefa Kancelarii Prezydenta Zbigniewa Boguckiego i szef BBN Bartosza Grodeckiego.<\/p>\n<p><img class=\"ods-a-photo ods-a-photo--background\" src=\"https:\/\/www.europesays.com\/pl\/wp-content\/uploads\/2026\/09\/PRZk9lGaHR0cHM6Ly9vY2RuLmV1L3B1bHNjbXMvTURBXy9mYmM1MTE1Ny00MTk3LTQ2OWMtYjU4OC1lNGE0Yzg1YmUyZmUuanBlZ.jpeg\" height=\"628\" width=\"940\" alt=\"\" loading=\"lazy\" fetchpriority=\"auto\" decoding=\"auto\" url=\"https:\/\/ocdn.eu\/pulscms\/MDA_\/fbc51157-4197-469c-b588-e4a4c85be2fe.jpeg\" description=\"\" author=\"PAP\/Adam War\u017cawa\" source=\"\" link=\"\"\/><\/p>\n<p>PAP\/Adam War\u017cawa<\/p>\n<p>Zgodnie z tradycj\u0105, poranne uroczysto\u015bci rozpocz\u0119\u0142y si\u0119 d\u017awi\u0119kiem syren alarmowych, tu\u017c przed godz. 4.45, bowiem o tej godzinie 1 wrze\u015bnia 1939 r. nast\u0105pi\u0142 niemiecki atak na polsk\u0105 Wojskow\u0105 Sk\u0142adnic\u0119 Tranzytow\u0105, ulokowan\u0105 na gda\u0144skim p\u00f3\u0142wyspie.<\/p>\n<p><a href=\"https:\/\/www.onet.pl\/\" title=\"Strona G\u0142\u00f3wna\" aria-label=\"Strona G\u0142\u00f3wna\" data-astro-prefetch=\"tap\" class=\"ods-a-logo-main-desktop\" rel=\"nofollow noopener\" target=\"_blank\"><img src=\"https:\/\/cdn.wiadomosci.onet.pl\/img\/Logo_desktop_Onet.svg\" class=\"ods-a-logo-main-desktop__image\" alt=\"Logo\" width=\"107\" height=\"60\" fetchpriority=\"high\" decoding=\"sync\" style=\"height:60px\"\/><\/a><\/p>\n<p class=\"ods-m-google-article__text\">Czytaj nas cz\u0119\u015bciej w Google<\/p>\n<p><a href=\"https:\/\/google.com\/preferences\/source?q=onet.pl\" target=\"_blank\" rel=\"noopener noreferrer nofollow\" aria-label=\"Dodaj w Google\" title=\"Dodaj w Google\" class=\"ods-a-button ods-a-button__primary ods-a-button__default ods-a-button-l\">Dodaj w Google<\/a><\/p>\n<p>Obok prezydenta, szefa rz\u0105du i szefa MON w uroczysto\u015bci bior\u0105 udzia\u0142 ministrowie, parlamentarzy\u015bci i samorz\u0105dowcy.<\/p>\n<p>\u017bo\u0142nierze Wojska Polskiego i zaproszeni go\u015bcie od\u015bpiewali hymn pa\u0144stwowy. Nast\u0119pnie na maszt podniesiono flag\u0119 pa\u0144stwow\u0105.<\/p>\n<p><img class=\"ods-a-photo ods-a-photo--background\" src=\"https:\/\/www.europesays.com\/pl\/wp-content\/uploads\/2026\/09\/PaVk9lGaHR0cHM6Ly9vY2RuLmV1L3B1bHNjbXMvTURBXy82ZDU2ZGVhNi03MzhhLTQ4N2EtYmM3Ny05ZTExYTM5N2YwNDcuanBlZ.jpeg\" height=\"627\" width=\"940\" alt=\"\" loading=\"lazy\" fetchpriority=\"auto\" decoding=\"auto\" url=\"https:\/\/ocdn.eu\/pulscms\/MDA_\/6d56dea6-738a-487a-bc77-9e11a397f047.jpeg\" description=\"\" author=\"PAP\/Adam War\u017cawa\" source=\"\" link=\"\"\/><\/p>\n<p>PAP\/Adam War\u017cawa<\/p>\n<p>W dalszej cz\u0119\u015bci ceremonii zap\u0142on\u0105\u0142 Znicz Pokoju. Nast\u0119pnie \u017co\u0142nierze odczytali Apel Pami\u0119ci, a bohaterstwo obro\u0144c\u00f3w ojczyzny zosta\u0142o uczczone salutem armatnim.<\/p>\n<p>Zaplanowano oficjalne przem\u00f3wienia m.in. prezydenta RP, premiera, szefa MON, prezydent Gda\u0144ska. Po nich nast\u0105pi ekumeniczna modlitwa.<\/p>\n<p>Po ceremonii z\u0142o\u017cenia wie\u0144c\u00f3w przed Pomnikiem Obro\u0144c\u00f3w Wybrze\u017ca uczestnicy wys\u0142uchaj\u0105 &#8222;Hymnu do Ba\u0142tyku&#8221; oraz Pie\u015bni Reprezentacyjnej Wojska Polskiego.<\/p>\n<p>Atak niemieckiego pancernika &#8222;Schleswig-Holstein&#8221; na polsk\u0105 sk\u0142adnic\u0119 wojskow\u0105 na Westerplatte by\u0142 jednym z pierwszych wydarze\u0144 rozpoczynaj\u0105cych II wojn\u0119 \u015bwiatow\u0105. Oddzia\u0142y polskie pod dow\u00f3dztwem majora Henryka Sucharskiego do 7 wrze\u015bnia 1939 r. bohatersko broni\u0142y plac\u00f3wki przed atakami wroga z morza, l\u0105du i powietrza. Wed\u0142ug ro\u017cnych \u017ar\u00f3de\u0142, gdy wybuch\u0142y walki, w polskiej sk\u0142adnicy przebywa\u0142o 210-240 Polak\u00f3w. W walkach poleg\u0142o 15 polskich \u017co\u0142nierzy, oko\u0142o 30 zosta\u0142o rannych. Liczb\u0119 zabitych po stronie niemieckiej szacuje si\u0119 na 50 \u017co\u0142nierzy, rannych \u2014 na oko\u0142o 120<\/p>\n","protected":false},"excerpt":{"rendered":"Przed rozpocz\u0119ciem g\u0142\u00f3wnych uroczysto\u015bci z\u0142o\u017cony zosta\u0142 wieniec &#8222;Od Narodu&#8221; na Cmentarzu \u017bo\u0142nierzy Wojska Polskiego na Westerplatte w obecno\u015bci&hellip;\n","protected":false},"author":2,"featured_media":659183,"comment_status":"","ping_status":"","sticky":false,"template":"","format":"standard","meta":{"footnotes":"","_share_on_mastodon":"0"},"categories":[12],"tags":[61195,32,33,36,37,27,6979,34,35,28,31,48,25,46,55,42,38,40,39,41,47,29,30,4000,55602,26],"class_list":["post-659182","post","type-post","status-publish","format-standard","has-post-thumbnail","category-polska","tag-bottomfeed_styl","tag-breaking-news","tag-breakingnews","tag-featured-news","tag-featurednews","tag-headlines","tag-ii_wojna_swiatowa","tag-latest-news","tag-latestnews","tag-naglowki","tag-najwazniejsze-artykuly","tag-nat_styl","tag-news","tag-omp","tag-phx","tag-pl","tag-poland","tag-polish","tag-polska","tag-polski","tag-screening_general","tag-top-stories","tag-topstories","tag-trojmiasto","tag-westerplatte","tag-wiadomosci"],"share_on_mastodon":{"url":"","error":""},"_links":{"self":[{"href":"https:\/\/www.europesays.com\/pl\/wp-json\/wp\/v2\/posts\/659182","targetHints":{"allow":["GET"]}}],"collection":[{"href":"https:\/\/www.europesays.com\/pl\/wp-json\/wp\/v2\/posts"}],"about":[{"href":"https:\/\/www.europesays.com\/pl\/wp-json\/wp\/v2\/types\/post"}],"author":[{"embeddable":true,"href":"https:\/\/www.europesays.com\/pl\/wp-json\/wp\/v2\/users\/2"}],"replies":[{"embeddable":true,"href":"https:\/\/www.europesays.com\/pl\/wp-json\/wp\/v2\/comments?post=659182"}],"version-history":[{"count":0,"href":"https:\/\/www.europesays.com\/pl\/wp-json\/wp\/v2\/posts\/659182\/revisions"}],"wp:featuredmedia":[{"embeddable":true,"href":"https:\/\/www.europesays.com\/pl\/wp-json\/wp\/v2\/media\/659183"}],"wp:attachment":[{"href":"https:\/\/www.europesays.com\/pl\/wp-json\/wp\/v2\/media?parent=659182"}],"wp:term":[{"taxonomy":"category","embeddable":true,"href":"https:\/\/www.europesays.com\/pl\/wp-json\/wp\/v2\/categories?post=659182"},{"taxonomy":"post_tag","embeddable":true,"href":"https:\/\/www.europesays.com\/pl\/wp-json\/wp\/v2\/tags?post=659182"}],"curies":[{"name":"wp","href":"https:\/\/api.w.org\/{rel}","templated":true}]}}