{"id":659184,"date":"2026-09-01T04:18:19","date_gmt":"2026-09-01T04:18:19","guid":{"rendered":"https:\/\/www.europesays.com\/pl\/659184\/"},"modified":"2026-09-01T04:18:19","modified_gmt":"2026-09-01T04:18:19","slug":"bliscy-przeniesli-trumne-z-cialem-krola-haralda-v-przez-palac-to-tutaj-spoczela","status":"publish","type":"post","link":"https:\/\/www.europesays.com\/pl\/659184\/","title":{"rendered":"Bliscy przenie\u015bli trumn\u0119 z cia\u0142em kr\u00f3la Haralda V przez pa\u0142ac. To tutaj spocz\u0119\u0142a"},"content":{"rendered":"<p>Rodzina kr\u00f3lewska pogr\u0105\u017cy\u0142a si\u0119 w smutku w zwi\u0105zku ze \u015bmierci\u0105 Haralda V \u2014 89-letni kr\u00f3l zmar\u0142 28 sierpnia. W\u00f3wczas jego syn Haakon automatycznie zosta\u0142 kr\u00f3lem Norwegii. <\/p>\n<p>W poniedzia\u0142ek, 31 sierpnia, bliscy zmar\u0142ego kr\u00f3la przenie\u015bli trumn\u0119 przez Pa\u0142ac Kr\u00f3lewski w Oslo. Po raz pierwszy w historii norweskiej rodziny kr\u00f3lewskiej procesja zwi\u0105zana z ostatnim po\u017cegnaniem monarchy zosta\u0142a udokumentowana przez kamery. Trumn\u0119 umieszczono w pa\u0142acowej kaplicy \u2014 Slottskapellet \u2014 gdzie pozostanie do dnia pogrzebu, zaplanowanego na 9 wrze\u015bnia.<\/p>\n<p><a href=\"https:\/\/www.onet.pl\/\" title=\"Strona G\u0142\u00f3wna\" aria-label=\"Strona G\u0142\u00f3wna\" data-astro-prefetch=\"tap\" class=\"ods-a-logo-main-desktop\" rel=\"nofollow noopener\" target=\"_blank\"><img src=\"https:\/\/cdn.plejada.pl\/img\/Logo_desktop_Onet.svg\" class=\"ods-a-logo-main-desktop__image\" alt=\"Logo\" width=\"107\" height=\"60\" fetchpriority=\"high\" decoding=\"sync\" style=\"height:60px\"\/><\/a><\/p>\n<p class=\"ods-m-google-article__text\">Czytaj nas cz\u0119\u015bciej w Google<\/p>\n<p><a href=\"https:\/\/google.com\/preferences\/source?q=plejada.pl\" target=\"_blank\" rel=\"noopener noreferrer nofollow\" aria-label=\"Dodaj w Google\" title=\"Dodaj w Google\" class=\"ods-a-button ods-a-button__primary ods-a-button__default ods-a-button-l\">Dodaj w Google<\/a>Dalszy ci\u0105g artyku\u0142u pod materia\u0142em wideoBliscy przenie\u015bli trumn\u0119 z cia\u0142em kr\u00f3la NorwegiiTrumn\u0119 z cia\u0142em Haralda V nie\u015bli Haakon VIII, ksi\u0119\u017cniczka Martha Louise, ksi\u0119\u017cniczka Ingrid Alexandra, ksi\u0105\u017c\u0119 Sverre Magnus, wnuczki monarchy, a tak\u017ce Marius Borg Hoiby \u2014 skazany za gwa\u0142t syn Mette-Marit, kt\u00f3ry przebywa pod dozorem i nosi urz\u0105dzenie monitoruj\u0105ce, ale ze wzgl\u0119du na pogrzeb Haralda V <a href=\"https:\/\/plejada.pl\/newsy\/marius-borg-hoiby-i-krol-haakon-razem-w-palacu-otrzymal-pozwolenie-od-policji\/k4nfxqp\" id=\"4314c43b-f8df-4731-8665-6a3a9d394c78\" rel=\"nofollow noopener\" target=\"_blank\">policja udzieli\u0142a mu pozwolenia <\/a>na udzia\u0142 w uroczysto\u015bciach.<\/p>\n<p>Tu\u017c za nimi sz\u0142y kr\u00f3lowa Sonja, a tak\u017ce Mette-Marit, trzymaj\u0105c si\u0119 za r\u0119ce.<\/p>\n<blockquote class=\"ods-o-quote\">\n<p class=\"ods-o-quote__paragraph\">Kaplica b\u0119dzie otwarta dla wszystkich, kt\u00f3rzy b\u0119d\u0105 chcieli przej\u015b\u0107 obok trumny, aby po\u017cegna\u0107 kr\u00f3la Haralda<\/p>\n<\/blockquote>\n<p>\u2014 informowa\u0142 wcze\u015bniej norweski Dw\u00f3r Kr\u00f3lewski.<\/p>\n<p><img class=\"ods-a-photo ods-a-photo--background\" src=\"https:\/\/www.europesays.com\/pl\/wp-content\/uploads\/2026\/09\/rmLk9lGaHR0cHM6Ly9vY2RuLmV1L3B1bHNjbXMvTURBXy9kNDhmZmIwNy0wMGZjLTQ2YzQtOTg0Yi1mODdlM2FlNzc2ZjEuanBlZ.jpeg\" height=\"627\" width=\"940\" alt=\"Trumna z cia\u0142em Haralda V\" loading=\"lazy\" fetchpriority=\"auto\" decoding=\"auto\" url=\"https:\/\/ocdn.eu\/pulscms\/MDA_\/d48ffb07-00fc-46c4-984b-f87e3ae776f1.jpeg\" description=\"Trumna z cia\u0142em Haralda V\" author=\"PAP\/EPA\/OLE BERG-RUSTEN \/ POOL\" source=\"\" link=\"\"\/><\/p>\n<p>PAP\/EPA\/OLE BERG-RUSTEN \/ POOL<\/p>\n<p>Trumna z cia\u0142em Haralda V<\/p>\n<p><img class=\"ods-a-photo ods-a-photo--background\" src=\"https:\/\/www.europesays.com\/pl\/wp-content\/uploads\/2026\/09\/lCzk9lGaHR0cHM6Ly9vY2RuLmV1L3B1bHNjbXMvTURBXy85YzU1NmMwZS01MTU5LTRiMzktYWJjZC0yNzUwOWJmZDZmNzQuanBlZ.jpeg\" height=\"300\" width=\"450\" alt=\"Haakon\" loading=\"lazy\" fetchpriority=\"low\" decoding=\"async\"\/><img class=\"ods-a-photo ods-a-photo--background\" src=\"https:\/\/www.europesays.com\/pl\/wp-content\/uploads\/2026\/09\/RM3k9lGaHR0cHM6Ly9vY2RuLmV1L3B1bHNjbXMvTURBXy85NTlhN2I0ZS04MjIwLTRkM2ItODU3Mi01NGIwM2M4MTc4ZWQuanBlZ.jpeg\" height=\"627\" width=\"940\" alt=\"Trumna z cia\u0142em Haralda V\" loading=\"lazy\" fetchpriority=\"auto\" decoding=\"auto\" url=\"https:\/\/ocdn.eu\/pulscms\/MDA_\/959a7b4e-8220-4d3b-8572-54b03c8178ed.jpeg\" description=\"Trumna z cia\u0142em Haralda V\" author=\"PAP\/EPA\/STIAN LYSBERG SOLUM \/ POOL\" source=\"\" link=\"\"\/><\/p>\n<p>PAP\/EPA\/STIAN LYSBERG SOLUM \/ POOL<\/p>\n<p>Trumna z cia\u0142em Haralda V<\/p>\n<p><img class=\"ods-a-photo ods-a-photo--background\" src=\"https:\/\/www.europesays.com\/pl\/wp-content\/uploads\/2026\/09\/Y_Jk9lGaHR0cHM6Ly9vY2RuLmV1L3B1bHNjbXMvTURBXy8xYzUwNjdmZS1hMGFjLTRmYmQtYjVlMC1mMTljMDIwNTU0ZjkuanBlZ.jpeg\" height=\"627\" width=\"940\" alt=\"Trumna z cia\u0142em Haralda V\" loading=\"lazy\" fetchpriority=\"auto\" decoding=\"auto\" url=\"https:\/\/ocdn.eu\/pulscms\/MDA_\/1c5067fe-a0ac-4fbd-b5e0-f19c020554f9.jpeg\" description=\"Trumna z cia\u0142em Haralda V\" author=\"PAP\/EPA\/JAVAD PARSA \/ POOL\" source=\"\" link=\"\"\/><\/p>\n<p>PAP\/EPA\/JAVAD PARSA \/ POOL<\/p>\n<p>Trumna z cia\u0142em Haralda V<\/p>\n<p><img class=\"ods-a-photo ods-a-photo--background\" src=\"https:\/\/www.europesays.com\/pl\/wp-content\/uploads\/2026\/09\/j0Gk9lGaHR0cHM6Ly9vY2RuLmV1L3B1bHNjbXMvTURBXy9jYTc3MmVkZC0xYzg0LTQxOTItOTI1Yy03MjU3YjhiZGE3ZDQuanBlZ.jpeg\" height=\"627\" width=\"940\" alt=\"Trumna z cia\u0142em Haralda V\" loading=\"lazy\" fetchpriority=\"auto\" decoding=\"auto\" url=\"https:\/\/ocdn.eu\/pulscms\/MDA_\/ca772edd-1c84-4192-925c-7257b8bda7d4.jpeg\" description=\"Trumna z cia\u0142em Haralda V\" author=\"PAP\/EPA\/JAVAD PARSA \/ POOL\" source=\"\" link=\"\"\/><\/p>\n<p>PAP\/EPA\/JAVAD PARSA \/ POOL<\/p>\n<p>Trumna z cia\u0142em Haralda V<\/p>\n<p>Dzi\u0119kujemy, \u017ce przeczyta\u0142a\u015b\/e\u015b nasz artyku\u0142 do ko\u0144ca. W serwisie Plejada.pl ka\u017cdego dnia piszemy o najwa\u017cniejszych wydarzeniach show-biznesowych. B\u0105d\u017a na bie\u017c\u0105co!<a rel=\"nofollow noopener\" href=\"https:\/\/profile.google.com\/cp\/Cg0vZy8xMWJ6X19wdHBx\" id=\"09fe3222-61fc-4040-bcc8-e88f88710297\" target=\"_blank\"> Obserwuj<\/a> Plejad\u0119 w Google. Odwied\u017a nas tak\u017ce na<a rel=\"nofollow noopener\" href=\"https:\/\/www.facebook.com\/plejadapl\" id=\"7f0447d7-4272-4423-8eda-e4fbe8826089\" target=\"_blank\"> Facebooku<\/a>,<a rel=\"nofollow noopener\" href=\"https:\/\/www.instagram.com\/plejadapl\/\" id=\"d957b0b4-7032-461a-b7f9-f3daf2dc6add\" target=\"_blank\"> Instagramie<\/a>,<a rel=\"nofollow noopener\" href=\"https:\/\/www.youtube.com\/c\/plejada\" id=\"36c17d46-b6f0-4559-abff-7221d1dcdaa3\" target=\"_blank\"> YouTubie<\/a> oraz<a rel=\"nofollow noopener\" href=\"https:\/\/www.tiktok.com\/@plejada_pl\" id=\"90a5c865-6fbb-49b1-a88a-0dc81ac42c21\" target=\"_blank\"> TikToku<\/a>.Chcesz podzieli\u0107 si\u0119 ciekawym newsem lub zaproponowa\u0107 temat? Skontaktuj si\u0119 z nami, pisz\u0105c maila na adres: <a rel=\"nofollow noopener\" href=\"https:\/\/plejada.pl\/newsy\/bliscy-przeniesli-trumne-z-cialem-krola-haralda-v-przez-palac-to-tutaj-spoczela\/mailto:plejada@redakcjaonet.pl\" id=\"c855193d-e3cc-4ee4-a5cc-a52c04a05a28\" target=\"_blank\">plejada@redakcjaonet.pl<\/a>.<script async src=\"\/\/www.instagram.com\/embed.js\"><\/script><script async src=\"\/\/www.tiktok.com\/embed.js\"><\/script><\/p>\n","protected":false},"excerpt":{"rendered":"Rodzina kr\u00f3lewska pogr\u0105\u017cy\u0142a si\u0119 w smutku w zwi\u0105zku ze \u015bmierci\u0105 Haralda V \u2014 89-letni kr\u00f3l zmar\u0142 28 sierpnia.&hellip;\n","protected":false},"author":2,"featured_media":659185,"comment_status":"","ping_status":"","sticky":false,"template":"","format":"standard","meta":{"footnotes":"","_share_on_mastodon":"0"},"categories":[5],"tags":[61195,32,33,36,37,43683,27,128316,34,35,28,31,48,25,125,46,42,38,40,39,41,44330,47,29,30,26],"class_list":["post-659184","post","type-post","status-publish","format-standard","has-post-thumbnail","category-naglowki","tag-bottomfeed_styl","tag-breaking-news","tag-breakingnews","tag-featured-news","tag-featurednews","tag-harald_v","tag-headlines","tag-krol_haakon_viii","tag-latest-news","tag-latestnews","tag-naglowki","tag-najwazniejsze-artykuly","tag-nat_styl","tag-news","tag-newsy","tag-omp","tag-pl","tag-poland","tag-polish","tag-polska","tag-polski","tag-rodziny_rody_krolewskie","tag-screening_general","tag-top-stories","tag-topstories","tag-wiadomosci"],"share_on_mastodon":{"url":"https:\/\/pubeurope.com\/@pl\/117193862260165162","error":""},"_links":{"self":[{"href":"https:\/\/www.europesays.com\/pl\/wp-json\/wp\/v2\/posts\/659184","targetHints":{"allow":["GET"]}}],"collection":[{"href":"https:\/\/www.europesays.com\/pl\/wp-json\/wp\/v2\/posts"}],"about":[{"href":"https:\/\/www.europesays.com\/pl\/wp-json\/wp\/v2\/types\/post"}],"author":[{"embeddable":true,"href":"https:\/\/www.europesays.com\/pl\/wp-json\/wp\/v2\/users\/2"}],"replies":[{"embeddable":true,"href":"https:\/\/www.europesays.com\/pl\/wp-json\/wp\/v2\/comments?post=659184"}],"version-history":[{"count":0,"href":"https:\/\/www.europesays.com\/pl\/wp-json\/wp\/v2\/posts\/659184\/revisions"}],"wp:featuredmedia":[{"embeddable":true,"href":"https:\/\/www.europesays.com\/pl\/wp-json\/wp\/v2\/media\/659185"}],"wp:attachment":[{"href":"https:\/\/www.europesays.com\/pl\/wp-json\/wp\/v2\/media?parent=659184"}],"wp:term":[{"taxonomy":"category","embeddable":true,"href":"https:\/\/www.europesays.com\/pl\/wp-json\/wp\/v2\/categories?post=659184"},{"taxonomy":"post_tag","embeddable":true,"href":"https:\/\/www.europesays.com\/pl\/wp-json\/wp\/v2\/tags?post=659184"}],"curies":[{"name":"wp","href":"https:\/\/api.w.org\/{rel}","templated":true}]}}