{"id":659216,"date":"2026-09-01T04:39:11","date_gmt":"2026-09-01T04:39:11","guid":{"rendered":"https:\/\/www.europesays.com\/pl\/659216\/"},"modified":"2026-09-01T04:39:11","modified_gmt":"2026-09-01T04:39:11","slug":"w-takim-stroju-ukrainska-tenisistka-zagrala-na-us-open-fani-komentuja-przegladsportowy-onet-pl","status":"publish","type":"post","link":"https:\/\/www.europesays.com\/pl\/659216\/","title":{"rendered":"W takim stroju ukrai\u0144ska tenisistka zagra\u0142a na US Open. Fani komentuj\u0105 &#8211; przegladsportowy.onet.pl"},"content":{"rendered":"<ol>\n<li><a href=\"https:\/\/news.google.com\/rss\/articles\/CBMiuAFBVV95cUxPTC15T2xwT05oZEdPMlp0M0ExNDVsem9rZ0lmRkJscG55N3g5Mk4wOGo3QVJGVlYyRUlTajZ4NzFWZVRwbVNkcG5sZnlNN1ViSHFlZU42a1gtUmx0Q2s1WU92ek5LNjVTeDlSMEFiU0JMTG1aRXdkdUlVUFFGdEM2OWQ0WTZ6dVpVeFM5VmFNSkJybURiY3hhUlpUeWNiU1hBcHhheG5EWEUwSUUyMkJtSW10ZFJEZHUt?oc=5\" target=\"_blank\" rel=\"nofollow noopener\">W takim stroju ukrai\u0144ska tenisistka zagra\u0142a na US Open. Fani komentuj\u0105<\/a>&nbsp;&nbsp;przegladsportowy.onet.pl<\/li>\n<li><a href=\"https:\/\/news.google.com\/rss\/articles\/CBMikwFBVV95cUxQY2h6RFI4QTNQZG5lS2hEMms0TlhaZWFHUXBSbzA3dWtjVWN4Z2hFVmR6aUdxdnRLcWM2M2pYSzdpc2I5aWRUNmIxMmlzVjFYSkxsLTd2cFBmckdYYlhmZENVRnlWWVlCRWxKUEQ1YUJHUlljX3hfNkxpMzRfektRd0RBNE9sNTNvQ3ItTVFTNVVNZGM?oc=5\" target=\"_blank\" rel=\"nofollow noopener\">Mocny start Marty Kostiuk. Rywalka by\u0142a bezradna<\/a>&nbsp;&nbsp;SportoweFakty<\/li>\n<li><a href=\"https:\/\/news.google.com\/rss\/articles\/CBMipwFBVV95cUxOVGp6Y2kzUk9jNWtHLVpWd0s1eHdRMS11NHpkSnBUaWFma3lnZmFYSGxkTmRHU2pKSWVHT1JZdGlFT3RISzl0XzFOUGZTc1FMWC1vcUo5SFVURTlaRXpkdUJzaVhtQUFVaF9pSmh5RE9hRmZPSmVKZW9pcFFNSm4zRy1xZVJlUkpnMVlMYVZLOGs3bzc1amdYOGUxVW4wWWFHLVBRYjZRcw?oc=5\" target=\"_blank\" rel=\"nofollow noopener\">Marta Kostyuk \u2013 Storm Hunter: Gdzie ogl\u0105da\u0107? Transmisja TV i stream online (30.08.2026)<\/a>&nbsp;&nbsp;ETOTO Blog<\/li>\n<li><a href=\"https:\/\/news.google.com\/rss\/articles\/CBMiogFBVV95cUxOMnFkMHREd051WWQ1NzNyMERUTEdzQnZpOVdJaDBqZlBvRi1EbFg1ZzNTeDZIclZ6QjNlRV9UNGFUU1dsOEVjekxJeWhDelJLRHJUdkpOMTFjanItakFmMGNCUUh4dU5abG4wNHY5WWZrbm1QV01zM0p4QzFyTVRQVmZaQUpOR3ZpVS0yem1qaFFIX3Q2WWZXbGxhc2Utd1J0NUE?oc=5\" target=\"_blank\" rel=\"nofollow noopener\">Marta Kostyuk \u2013 Storm Hunter: wynik na \u017cywo, relacja live i statystyki (30.08.2026)<\/a>&nbsp;&nbsp;ETOTO Blog<\/li>\n<li><a href=\"https:\/\/news.google.com\/rss\/articles\/CBMihgFBVV95cUxNemV0NXFMMUg4VnRIR2tZNEQ2RFE1WTJ3cmZlWjVCc29NR05UYnJVZTczYkVWLUNtendsSVo4NkFQRWJUZzJReS1SMTZ4OGkzWlZaMDNhTjZ5OUxPOGh4RG4zUkRiNndrelVuZE5lcXNndkNOMmRzeTJpcExiRUJyOFlZRVgtZw?oc=5\" target=\"_blank\" rel=\"nofollow noopener\">Marta Kostyuk \u2013 Storm Hunter Typy, Kursy, Zak\u0142ady (30.08.2026)<\/a>&nbsp;&nbsp;ETOTO Blog<\/li>\n<\/ol>\n","protected":false},"excerpt":{"rendered":"W takim stroju ukrai\u0144ska tenisistka zagra\u0142a na US Open. Fani komentuj\u0105&nbsp;&nbsp;przegladsportowy.onet.pl Mocny start Marty Kostiuk. Rywalka by\u0142a bezradna&nbsp;&nbsp;SportoweFakty&hellip;\n","protected":false},"author":2,"featured_media":659217,"comment_status":"","ping_status":"","sticky":false,"template":"","format":"standard","meta":{"footnotes":"","_share_on_mastodon":"0"},"categories":[24],"tags":[61195,5217,48,129,46,42,38,40,39,41,47,127,126,156,22568,130],"class_list":["post-659216","post","type-post","status-publish","format-standard","has-post-thumbnail","category-sport","tag-bottomfeed_styl","tag-marta_kostiuk","tag-nat_styl","tag-ofsajd","tag-omp","tag-pl","tag-poland","tag-polish","tag-polska","tag-polski","tag-screening_general","tag-sport","tag-sports","tag-tenis","tag-us_open","tag-wiadomosci_sportowe"],"share_on_mastodon":{"url":"https:\/\/pubeurope.com\/@pl\/117193943414042509","error":""},"_links":{"self":[{"href":"https:\/\/www.europesays.com\/pl\/wp-json\/wp\/v2\/posts\/659216","targetHints":{"allow":["GET"]}}],"collection":[{"href":"https:\/\/www.europesays.com\/pl\/wp-json\/wp\/v2\/posts"}],"about":[{"href":"https:\/\/www.europesays.com\/pl\/wp-json\/wp\/v2\/types\/post"}],"author":[{"embeddable":true,"href":"https:\/\/www.europesays.com\/pl\/wp-json\/wp\/v2\/users\/2"}],"replies":[{"embeddable":true,"href":"https:\/\/www.europesays.com\/pl\/wp-json\/wp\/v2\/comments?post=659216"}],"version-history":[{"count":0,"href":"https:\/\/www.europesays.com\/pl\/wp-json\/wp\/v2\/posts\/659216\/revisions"}],"wp:featuredmedia":[{"embeddable":true,"href":"https:\/\/www.europesays.com\/pl\/wp-json\/wp\/v2\/media\/659217"}],"wp:attachment":[{"href":"https:\/\/www.europesays.com\/pl\/wp-json\/wp\/v2\/media?parent=659216"}],"wp:term":[{"taxonomy":"category","embeddable":true,"href":"https:\/\/www.europesays.com\/pl\/wp-json\/wp\/v2\/categories?post=659216"},{"taxonomy":"post_tag","embeddable":true,"href":"https:\/\/www.europesays.com\/pl\/wp-json\/wp\/v2\/tags?post=659216"}],"curies":[{"name":"wp","href":"https:\/\/api.w.org\/{rel}","templated":true}]}}