{"id":659226,"date":"2026-09-01T04:44:14","date_gmt":"2026-09-01T04:44:14","guid":{"rendered":"https:\/\/www.europesays.com\/pl\/659226\/"},"modified":"2026-09-01T04:44:14","modified_gmt":"2026-09-01T04:44:14","slug":"mocny-apel-donalda-tuska-na-westerplatte-mowil-o-rosji-i-ukrainie","status":"publish","type":"post","link":"https:\/\/www.europesays.com\/pl\/659226\/","title":{"rendered":"Mocny apel Donalda Tuska na Westerplatte. M\u00f3wi\u0142 o Rosji i Ukrainie"},"content":{"rendered":"<p>Premier Donald Tusk wraz z m.in. prezydentem Karolem Nawrockim w poniedzia\u0142ek<a href=\"https:\/\/wiadomosci.onet.pl\/trojmiasto\/karol-nawrocki-na-westerplatte-istnieje-prawda-z-ktora-wielki-problem-ma-rzad\/h88mjzf\" id=\"30d81a2c-2cb0-421f-afea-c98c6af9bbf1\" rel=\"nofollow noopener\" target=\"_blank\"> wzi\u0105\u0142 udzia\u0142 w obchodach 87. rocznicy wybuchu II wojny \u015bwiatowej na Westerplatte<\/a>. \u2014 Tu, z Westerplatte, pop\u0142yn\u0119\u0142y tysi\u0105ce s\u0142\u00f3w. Przez te dziesi\u0119ciolecia m\u00f3wili\u015bmy, my, Polacy, zawsze to samo: &#8222;Nigdy wi\u0119cej wojny, nigdy wi\u0119cej faszyzmu&#8221; \u2014 m\u00f3wi\u0142.<\/p>\n<p>Tusk podkre\u015bla\u0142, \u017ce Polacy zawsze wskazywali, \u017ce odpowiedzialno\u015b\u0107 za koszmar II wojny \u015bwiatowej spada na hitlerowskie Niemcy, a tak\u017ce na sowieck\u0105 Rosj\u0119. \u2014 Tu nie ma \u017cadnych dwuznaczno\u015bci. To by\u0142o, jest i b\u0119dzie oczywiste dla ka\u017cdego przyzwoitego cz\u0142owieka, niezale\u017cnie od tego, gdzie si\u0119 urodzi\u0142 i jakiej jest narodowo\u015bci \u2014 podkre\u015bli\u0142.<\/p>\n<p><a href=\"https:\/\/www.onet.pl\/\" title=\"Strona G\u0142\u00f3wna\" aria-label=\"Strona G\u0142\u00f3wna\" data-astro-prefetch=\"tap\" class=\"ods-a-logo-main-desktop\" rel=\"nofollow noopener\" target=\"_blank\"><img src=\"https:\/\/cdn.wiadomosci.onet.pl\/img\/Logo_desktop_Onet.svg\" class=\"ods-a-logo-main-desktop__image\" alt=\"Logo\" width=\"107\" height=\"60\" fetchpriority=\"high\" decoding=\"sync\" style=\"height:60px\"\/><\/a><\/p>\n<p class=\"ods-m-google-article__text\">Czytaj nas cz\u0119\u015bciej w Google<\/p>\n<p><a href=\"https:\/\/google.com\/preferences\/source?q=onet.pl\" target=\"_blank\" rel=\"noopener noreferrer nofollow\" aria-label=\"Dodaj w Google\" title=\"Dodaj w Google\" class=\"ods-a-button ods-a-button__primary ods-a-button__default ods-a-button-l\">Dodaj w Google<\/a>Dalszy ci\u0105g artyku\u0142u pod materia\u0142em wideoDonald Tusk o &#8222;prostej lekcji&#8221; z Westerplatte<\/p>\n<p>Z historii Westerplatte premier wyci\u0105ga\u0142 te\u017c lekcj\u0119 dotycz\u0105c\u0105 obecnej sytuacji Polski.<\/p>\n<p>\u2014 Dzi\u015b naszym zadaniem jest przede wszystkim wyci\u0105gn\u0105\u0107 lekcje, m\u0105dre wnioski. Tak, by nigdy nie polega\u0107 na bohaterstwie \u017co\u0142nierzy osamotnionych. By nie polega\u0107 na bohaterstwie tych, kt\u00f3rzy czekali na reakcj\u0119 sojusznik\u00f3w \u2014 m\u00f3wi\u0142. \u2014 My dzi\u015b musimy polega\u0107 na w\u0142asnej sile i na realnych sojuszach. Nie na zakl\u0119ciach, nie na mitach, ale na prawdziwej sile pa\u0144stwa polskiego, prawdziwej sile, odporno\u015bci i solidarno\u015bci sojuszu, w kt\u00f3rym Polska odgrywa tak istotn\u0105 rol\u0119 \u2014 podkre\u015bla\u0142.<\/p>\n<p>Czytaj tak\u017ce: <a href=\"https:\/\/wiadomosci.onet.pl\/swiat\/prezydent-finlandii-ostrzega-przed-rosja-wojna-nie-jest-czarno-biala\/jl1y6y5\" id=\"4876daec-96f9-452b-a711-c5d621ab8a78\" rel=\"nofollow noopener\" target=\"_blank\">NATO 3.0. Prezydent Finlandii o rosyjskim zagro\u017ceniu. &#8222;To nie kurs rubla zako\u0144czy wojn\u0119&#8221;<\/a><\/p>\n<p>Tusk podkre\u015bli\u0142, \u017ce &#8222;lekcja z 1939 r. jest prosta, chocia\u017c wci\u0105\u017c tak niewielu j\u0105 rozumie&#8221;.<\/p>\n<p>\u2014 Nie trzeba by\u0107 historykiem, a obaj z panem prezydentem jeste\u015bmy historykami, \u017ceby wiedzie\u0107 dok\u0142adnie, kto ponosi odpowiedzialno\u015b\u0107 za katastrof\u0119 wrze\u015bnia 1939 roku. Nawet gdyby \u017co\u0142nierzy Westerplatte by\u0142o 10, 100 czy 1000 razy wi\u0119cej, nie da\u0142oby nam to szansy na zwyci\u0119stwo, bo wolny \u015bwiat pozwoli\u0142 Hitlerowi i faszystowskim Niemcom na rozp\u0119tanie wojny i bezkarn\u0105 agresj\u0119 \u2014 wskaza\u0142.<\/p>\n<p>\u2014 Pami\u0119tajmy, \u017ce to w\u0142a\u015bnie wtedy m\u00f3wiono: \u201eTo tylko Czechy\u201d, \u201eNie b\u0119dziemy umierali za Gda\u0144sk\u201d, \u201eTo Polska, korytarz, mo\u017ce uda si\u0119 unikn\u0105\u0107 wielkiej wojny\u201d, \u201eNie prowokujmy agresora\u201d. R\u00f3wnie og\u0142uszaj\u0105ca, jak salwy ze \u201eSchleswig-Holsteina\u201d, by\u0142a samotno\u015b\u0107 polskich \u017co\u0142nierzy. Nigdy wi\u0119cej nie mo\u017cemy dopu\u015bci\u0107 do takiej sytuacji \u2014 doda\u0142.<\/p>\n<p>Polska osamotniona. Dlaczego sojusznicy nie ruszyli nam na pomoc we wrze\u015bniu 1939 r.? [WYJA\u015aNIAMY]<img class=\"ods-a-photo ods-a-photo--background\" src=\"https:\/\/www.europesays.com\/pl\/wp-content\/uploads\/2026\/09\/9bDk9lBaHR0cHM6Ly9vY2RuLmV1L3B1bHNjbXMvTURBXy81ZWQzMjQyNjllNTc1ZDBjZGRjYjgxMGZiYjZkZjgxZS5qcGeRlQLNA.jpeg\" height=\"253\" width=\"450\" alt=\"Na zdj\u0119ciu g\u0142\u00f3wnym stanowisko obrony przeciwlotniczej w czasie obl\u0119\u017cenia Warszawy\" loading=\"lazy\" fetchpriority=\"low\" decoding=\"async\"\/>Polski premier apeluje w sprawie Ukrainy. &#8222;Najbli\u017csze miesi\u0105ce mog\u0105 by\u0107 kluczowe&#8221;<\/p>\n<p>\u2014 87 lat po wybuchu II wojny \u015bwiatowej znowu z\u0142o czai si\u0119 za naszymi granicami. Znowu gin\u0105 ludzie tysi\u0105cami i setkami tysi\u0119cy. Znowu gin\u0105 ludzie pod bombami. I to tu\u017c za miedz\u0105, w Ukrainie \u2014 m\u00f3wi\u0142 Tusk.<\/p>\n<p>Premier przypomnia\u0142 &#8222;bardzo gro\u017an\u0105, ale oczywist\u0105 prawd\u0119, \u017ce agresor, kt\u00f3ry rozpocz\u0105\u0142 kolejn\u0105 okrutn\u0105 wojn\u0119, to Rosja&#8221;. \u2014 Odpowiedzialno\u015bci\u0105 ca\u0142ego Zachodu jest powiedzie\u0107: los Ukrainy to jest tak\u017ce nasz los w najbli\u017cszej przysz\u0142o\u015bci \u2014 powiedzia\u0142.<\/p>\n<p>Czytaj tak\u017ce: <a href=\"https:\/\/wiadomosci.onet.pl\/swiat\/ukraina-przegrywa-wojne-diabelska-strategia-rosji-ma-rzucic-ja-na-kolana\/h4qj6yf\" id=\"cb4ac0fc-2a1f-4aff-b7c1-304dce8482b9\" rel=\"nofollow noopener\" target=\"_blank\">&#8222;Cudu nie b\u0119dzie&#8221;. Ukraina &#8222;powoli przegrywa&#8221; wojn\u0119 i mo\u017ce ukrywa\u0107 skal\u0119 strat<\/a><\/p>\n<p>\u2014 Najbli\u017csze miesi\u0105ce, ta jesie\u0144, ta zima, kt\u00f3ra s\u0105 przed nami, mog\u0105 by\u0107 kluczowe nie tylko dla niepodleg\u0142o\u015bci Ukrainy, ale dla bezpiecze\u0144stwa Polski i ca\u0142ego wolnego \u015bwiata \u2014 m\u00f3wi\u0142 Donald Tusk. \u2014 Dzi\u015b z Westerplatte krzyczymy dzi\u015b do wolnego \u015bwiata: &#8222;b\u0105d\u017acie solidarni&#8221;. Musimy pom\u00f3c przetrwa\u0107 Ukrainie. Nie mo\u017cemy powt\u00f3rzy\u0107 tamtych b\u0142\u0119d\u00f3w. Nie mo\u017ce powt\u00f3rzy\u0107 si\u0119 Monachium, nie mo\u017ce powt\u00f3rzy\u0107 si\u0119 polityka ust\u0119powania z\u0142u \u2014 doda\u0142. \u2014 Je\u015bli dzi\u015b powiemy: &#8222;to tylko Ukraina&#8221;, to kto\u015b za kilka miesi\u0119cy, za rok lub dwa powie: &#8222;to tylko Polska&#8221; \u2014 podkre\u015bli\u0142.<\/p>\n<p>Tusk o rosyjskich aktach sabota\u017cu. &#8222;Spotka\u0142y te\u017c Niemcy&#8221;<\/p>\n<p>Donald Tusk odni\u00f3s\u0142 si\u0119 r\u00f3wnie\u017c do rosyjskich akt\u00f3w sabota\u017cu, nie tylko w Polsce, ale i w innych europejskich pa\u0144stwach.<\/p>\n<p>Czytaj tak\u017ce: <a href=\"https:\/\/wiadomosci.onet.pl\/swiat\/radoslaw-sikorski-w-the-economist-rosyjskie-prowokacje-nie-sa-przypadkowe-europa-musi\/19652g5\" id=\"f4f5f949-96bd-4021-9acb-7059e0ae1712\" rel=\"nofollow noopener\" target=\"_blank\">Rados\u0142aw Sikorski w &#8222;The Economist&#8221;: rosyjskie prowokacje nie s\u0105 przypadkowe. Europa musi zaakceptowa\u0107 ryzyko<\/a>\u2014 Polska jest ofiar\u0105 wielu prowokacji. Kilkadziesi\u0105t godzin temu mia\u0142y miejsce najprawdopodobniej kolejne akty sabota\u017cu \u2014 podpalenia \u2014 m\u00f3wi\u0142 premier, prawdopodobnie odnosz\u0105c si\u0119 do <a href=\"https:\/\/wiadomosci.onet.pl\/kraj\/pozar-w-skarzysku-kamiennej-prokuratura-wszczela-sledztwo\/jvj1xpj\" id=\"ed2cbd47-9760-4e05-ac31-fb679c5ee312\" rel=\"nofollow noopener\" target=\"_blank\">po\u017caru w fabryce produkuj\u0105cej cz\u0119\u015bci do dron\u00f3w w Skar\u017cysku-Kamiennej<\/a>.<\/p>\n<p>\u2014 Akcje sabota\u017cu dotkn\u0119\u0142y Finlandi\u0119, \u0141otw\u0119, Litw\u0119, Estoni\u0119, Rumuni\u0119, Dani\u0119, a ostatnio Niemcy. Tak, za chwil\u0119 si\u0119 dowiemy, \u017ce to rosyjskie s\u0142u\u017cby zorganizowa\u0142y prowokacj\u0119 dronow\u0105 w Lipsku \u2014 wskaza\u0142 Tusk. \u2014 Mo\u017ce i Niemcy, Francuzi, Hiszpanie zrozumiej\u0105, \u017ce w obliczu z\u0142a nikt nie mo\u017ce zosta\u0107 sam \u2014 podkre\u015bli\u0142 na koniec.<\/p>\n<p>Na biurku Putina le\u017cy sze\u015b\u0107 scenariuszy, jak os\u0142abi\u0107 NATO. Pojawia si\u0119 w nich Polska [ANALIZA]<img class=\"ods-a-photo ods-a-photo--background\" src=\"https:\/\/www.europesays.com\/pl\/wp-content\/uploads\/2026\/09\/qqMk9lBaHR0cHM6Ly9vY2RuLmV1L3B1bHNjbXMvTURBXy80YjU3MWVhZTMwYjE4MmJlNmQ0YzI2MjQzMTlmZTE0MS5qcGeRlQLNA.jpeg\" height=\"291\" width=\"450\" alt=\"Prezydent Rosji W\u0142adimir Putin, 12 sierpnia 2026 r. (zdj\u0119cie pogl\u0105dowe)\" loading=\"lazy\" fetchpriority=\"low\" decoding=\"async\"\/><\/p>\n","protected":false},"excerpt":{"rendered":"Premier Donald Tusk wraz z m.in. prezydentem Karolem Nawrockim w poniedzia\u0142ek wzi\u0105\u0142 udzia\u0142 w obchodach 87. rocznicy wybuchu&hellip;\n","protected":false},"author":2,"featured_media":659227,"comment_status":"","ping_status":"","sticky":false,"template":"","format":"standard","meta":{"footnotes":"","_share_on_mastodon":"0"},"categories":[12],"tags":[61195,32,33,212,36,37,27,6979,76,49,34,35,28,31,48,160,25,295,46,55,42,38,40,39,41,87,47,29,30,415,55602,26],"class_list":["post-659226","post","type-post","status-publish","format-standard","has-post-thumbnail","category-polska","tag-bottomfeed_styl","tag-breaking-news","tag-breakingnews","tag-donald_tusk","tag-featured-news","tag-featurednews","tag-headlines","tag-ii_wojna_swiatowa","tag-inwazja_rosji_na_ukraine","tag-kraj","tag-latest-news","tag-latestnews","tag-naglowki","tag-najwazniejsze-artykuly","tag-nat_styl","tag-nato","tag-news","tag-niemcy","tag-omp","tag-phx","tag-pl","tag-poland","tag-polish","tag-polska","tag-polski","tag-rosja","tag-screening_general","tag-top-stories","tag-topstories","tag-ukraina","tag-westerplatte","tag-wiadomosci"],"share_on_mastodon":{"url":"https:\/\/pubeurope.com\/@pl\/117193964292525151","error":""},"_links":{"self":[{"href":"https:\/\/www.europesays.com\/pl\/wp-json\/wp\/v2\/posts\/659226","targetHints":{"allow":["GET"]}}],"collection":[{"href":"https:\/\/www.europesays.com\/pl\/wp-json\/wp\/v2\/posts"}],"about":[{"href":"https:\/\/www.europesays.com\/pl\/wp-json\/wp\/v2\/types\/post"}],"author":[{"embeddable":true,"href":"https:\/\/www.europesays.com\/pl\/wp-json\/wp\/v2\/users\/2"}],"replies":[{"embeddable":true,"href":"https:\/\/www.europesays.com\/pl\/wp-json\/wp\/v2\/comments?post=659226"}],"version-history":[{"count":0,"href":"https:\/\/www.europesays.com\/pl\/wp-json\/wp\/v2\/posts\/659226\/revisions"}],"wp:featuredmedia":[{"embeddable":true,"href":"https:\/\/www.europesays.com\/pl\/wp-json\/wp\/v2\/media\/659227"}],"wp:attachment":[{"href":"https:\/\/www.europesays.com\/pl\/wp-json\/wp\/v2\/media?parent=659226"}],"wp:term":[{"taxonomy":"category","embeddable":true,"href":"https:\/\/www.europesays.com\/pl\/wp-json\/wp\/v2\/categories?post=659226"},{"taxonomy":"post_tag","embeddable":true,"href":"https:\/\/www.europesays.com\/pl\/wp-json\/wp\/v2\/tags?post=659226"}],"curies":[{"name":"wp","href":"https:\/\/api.w.org\/{rel}","templated":true}]}}