{"id":659244,"date":"2026-09-01T04:59:32","date_gmt":"2026-09-01T04:59:32","guid":{"rendered":"https:\/\/www.europesays.com\/pl\/659244\/"},"modified":"2026-09-01T04:59:32","modified_gmt":"2026-09-01T04:59:32","slug":"archidiecezja-w-poznaniu-pozwala-14-latke-chodzi-o-osiedle-maltanskie","status":"publish","type":"post","link":"https:\/\/www.europesays.com\/pl\/659244\/","title":{"rendered":"Archidiecezja w Poznaniu pozwa\u0142a 14-latk\u0119. Chodzi o osiedle Malta\u0144skie"},"content":{"rendered":"<p>Ziemia, na kt\u00f3rej stoi dom rodziny Bartoszewskich, nale\u017ca\u0142a kiedy\u015b do parafii \u015bw. Jana Jerozolimskiego. W 1931 r. proboszcz wydzier\u017cawi\u0142 j\u0105 towarzystwu ogrod\u00f3w dzia\u0142kowych. W 1994 r. parafia odzyska\u0142a teren. Proboszcz poinformowa\u0142 w\u00f3wczas mieszka\u0144c\u00f3w, \u017ce maj\u0105 podpisa\u0107 umowy dzier\u017cawy. Ostrzeg\u0142, \u017ce je\u015bli odm\u00f3wi\u0105, czeka ich eksmisja.<\/p>\n<p>Pani Patrycja Bartoszewska podpisa\u0142a umow\u0119 dzier\u017cawy, kt\u00f3r\u0105 we wrze\u015bniu 2024 r. archidiecezja wypowiedzia\u0142a. W zwi\u0105zku z tym od wrze\u015bnia 2025 r. rodzinie Bartoszewskich naliczana jest op\u0142ata za bezumowne korzystanie z dzia\u0142ki \u2014 2946 z\u0142 za miesi\u0105c.<\/p>\n<p><a href=\"https:\/\/www.onet.pl\/\" title=\"Strona G\u0142\u00f3wna\" aria-label=\"Strona G\u0142\u00f3wna\" data-astro-prefetch=\"tap\" class=\"ods-a-logo-main-desktop\" rel=\"nofollow noopener\" target=\"_blank\"><img src=\"https:\/\/cdn.wiadomosci.onet.pl\/img\/Logo_desktop_Onet.svg\" class=\"ods-a-logo-main-desktop__image\" alt=\"Logo\" width=\"107\" height=\"60\" fetchpriority=\"high\" decoding=\"sync\" style=\"height:60px\"\/><\/a><\/p>\n<p class=\"ods-m-google-article__text\">Czytaj nas cz\u0119\u015bciej w Google<\/p>\n<p><a href=\"https:\/\/google.com\/preferences\/source?q=wiadomosci.onet.pl\" target=\"_blank\" rel=\"noopener noreferrer nofollow\" aria-label=\"Dodaj w Google\" title=\"Dodaj w Google\" class=\"ods-a-button ods-a-button__primary ods-a-button__default ods-a-button-l\">Dodaj w Google<\/a>Dalszy ci\u0105g artyku\u0142u pod materia\u0142em wideoArchidiecezja w Poznaniu pozwa\u0142a 14-latk\u0119. Chodzi o osiedle Malta\u0144skie<\/p>\n<p>W styczniu br. zmieni\u0142 si\u0119 w\u0142a\u015bciciel osiedla \u2014 zosta\u0142a nim sp\u00f3\u0142ka deweloperska, kt\u00f3ra planuje w tym miejscu wybudowa\u0107 nowoczesne bloki. Najpierw jednak wszyscy dotychczasowi mieszka\u0144cy musz\u0105 si\u0119 wyprowadzi\u0107 z osiedla Malta\u0144skiego. Za proces ten odpowiada jeszcze archidiecezja.<\/p>\n<p>Aby przyspieszy\u0107 wyprowadzk\u0119 mieszka\u0144c\u00f3w, archidiecezja wys\u0142a\u0142a do nich pozwy o zap\u0142at\u0119 za bezumowne korzystanie z nieruchomo\u015bci. Dosta\u0142a go r\u00f3wnie\u017c rodzina Bartoszewskich. Na pierwszej stronie pozwu s\u0105 nazwiska ca\u0142ej rodziny: pani Patrycji, jej m\u0119\u017ca Marka i ich 14-letniej c\u00f3rki. Archidiecezja za\u017c\u0105da\u0142a w pozwie ponad 17 tys. z\u0142 wraz z odsetkami za mieszkanie bez umowy na osiedlu Malta\u0144skim od wrze\u015bnia 2025 r. Rodzina wci\u0105\u017c jednak si\u0119 nie wyprowadzi\u0142a, w zwi\u0105zku z czym kwota ta dalej ro\u015bnie.<\/p>\n<p>Skandal w pozna\u0144skim Ko\u015bciele. Najpierw rozbierane zdj\u0119cia, teraz szokuj\u0105ce pytania od ksi\u0119dza<img class=\"ods-a-photo ods-a-photo--background\" src=\"https:\/\/www.europesays.com\/pl\/wp-content\/uploads\/2026\/09\/jv4k9lBaHR0cHM6Ly9vY2RuLmV1L3B1bHNjbXMvTURBXy85MGY3M2I4MzhjZDBkYjFhNDViMWQ0NWQyNmE3NDk0Yy5qcGeRlQLNA.jpeg\" height=\"300\" width=\"450\" alt=\"Ksi\u0105dz\" loading=\"lazy\" fetchpriority=\"low\" decoding=\"async\"\/><\/p>\n<p>Archidiecezj\u0119 Pozna\u0144sk\u0105 reprezentuje adwokat Jacek Masiota. Wcze\u015bniej w rozmowie z &#8222;Gazet\u0105 Wyborcz\u0105&#8221; zapewnia\u0142, \u017ce Ko\u015bci\u00f3\u0142 zakaza\u0142 mu podejmowania wobec mieszka\u0144c\u00f3w osiedla jakichkolwiek dzia\u0142a\u0144 nieetycznych. Gdy redakcja zapyta\u0142a go o pozwanie 14-latki, pe\u0142nomocnik ju\u017c tego nie skomentowa\u0142.<\/p>\n<p>&#8222;Gazeta Wyborcza&#8221; pr\u00f3bowa\u0142a uzyska\u0107 w tej sprawie komentarz rzecznika archidiecezji ks. Macieja Szczepaniaka, jednak bezskutecznie. Pe\u0142nomocnik archidiecezji podkre\u015bla przy tym, \u017ce jego klient jest got\u00f3w zrezygnowa\u0107 z dochodzenia nale\u017cno\u015bci wobec tych mieszka\u0144c\u00f3w, kt\u00f3rzy podpisz\u0105 porozumienia i wyprowadz\u0105 si\u0119 z osiedla Malta\u0144skiego.<\/p>\n","protected":false},"excerpt":{"rendered":"Ziemia, na kt\u00f3rej stoi dom rodziny Bartoszewskich, nale\u017ca\u0142a kiedy\u015b do parafii \u015bw. Jana Jerozolimskiego. W 1931 r. proboszcz&hellip;\n","protected":false},"author":2,"featured_media":659245,"comment_status":"","ping_status":"","sticky":false,"template":"","format":"standard","meta":{"footnotes":"","_share_on_mastodon":"0"},"categories":[51609],"tags":[61195,36394,48,46,42,38,40,39,41,286,1817,47],"class_list":["post-659244","post","type-post","status-publish","format-standard","has-post-thumbnail","category-poznan","tag-bottomfeed_styl","tag-eksmisja","tag-nat_styl","tag-omp","tag-pl","tag-poland","tag-polish","tag-polska","tag-polski","tag-pozew","tag-poznan","tag-screening_general"],"share_on_mastodon":{"url":"https:\/\/pubeurope.com\/@pl\/117194023018881886","error":""},"_links":{"self":[{"href":"https:\/\/www.europesays.com\/pl\/wp-json\/wp\/v2\/posts\/659244","targetHints":{"allow":["GET"]}}],"collection":[{"href":"https:\/\/www.europesays.com\/pl\/wp-json\/wp\/v2\/posts"}],"about":[{"href":"https:\/\/www.europesays.com\/pl\/wp-json\/wp\/v2\/types\/post"}],"author":[{"embeddable":true,"href":"https:\/\/www.europesays.com\/pl\/wp-json\/wp\/v2\/users\/2"}],"replies":[{"embeddable":true,"href":"https:\/\/www.europesays.com\/pl\/wp-json\/wp\/v2\/comments?post=659244"}],"version-history":[{"count":0,"href":"https:\/\/www.europesays.com\/pl\/wp-json\/wp\/v2\/posts\/659244\/revisions"}],"wp:featuredmedia":[{"embeddable":true,"href":"https:\/\/www.europesays.com\/pl\/wp-json\/wp\/v2\/media\/659245"}],"wp:attachment":[{"href":"https:\/\/www.europesays.com\/pl\/wp-json\/wp\/v2\/media?parent=659244"}],"wp:term":[{"taxonomy":"category","embeddable":true,"href":"https:\/\/www.europesays.com\/pl\/wp-json\/wp\/v2\/categories?post=659244"},{"taxonomy":"post_tag","embeddable":true,"href":"https:\/\/www.europesays.com\/pl\/wp-json\/wp\/v2\/tags?post=659244"}],"curies":[{"name":"wp","href":"https:\/\/api.w.org\/{rel}","templated":true}]}}