{"id":659266,"date":"2026-09-01T05:14:19","date_gmt":"2026-09-01T05:14:19","guid":{"rendered":"https:\/\/www.europesays.com\/pl\/659266\/"},"modified":"2026-09-01T05:14:19","modified_gmt":"2026-09-01T05:14:19","slug":"w-lotwie-poderwali-samoloty-baltic-air-policing-zagrozenie-przy-granicy-z-rosja-2","status":"publish","type":"post","link":"https:\/\/www.europesays.com\/pl\/659266\/","title":{"rendered":"W \u0141otwie poderwali samoloty Baltic Air Policing. Zagro\u017cenie przy granicy z Rosj\u0105"},"content":{"rendered":"<p>\u0141otewskie si\u0142y zbrojne przekaza\u0142y na platformie X, \u017ce my\u015bliwce NATO-wskiej misji poderwano w zwi\u0105zku z zagro\u017ceniem w rejonie miasta Lucyn, we wschodniej cz\u0119\u015bci kraju, blisko granicy z Rosj\u0105. Po up\u0142ywie 29 minut odwo\u0142ano ostrze\u017cenie.<\/p>\n<p>Komunikat o mo\u017cliwym zagro\u017ceniu pojawi\u0142 si\u0119 ponownie ok. dwie godziny p\u00f3\u017aniej. Wezwano w nim do szukania schronienia. &#8222;Je\u015bli zauwa\u017cysz nisko lataj\u0105cy lub podejrzany obiekt, nie zbli\u017caj si\u0119 do niego i dzwo\u0144 pod numer 112&#8221; \u2014 informuje komunikat. Ostrze\u017cenie zosta\u0142o ju\u017c odwo\u0142ane.<\/p>\n<p><a href=\"https:\/\/www.onet.pl\/\" title=\"Strona G\u0142\u00f3wna\" aria-label=\"Strona G\u0142\u00f3wna\" data-astro-prefetch=\"tap\" class=\"ods-a-logo-main-desktop\" rel=\"nofollow noopener\" target=\"_blank\"><img src=\"https:\/\/cdn.wiadomosci.onet.pl\/img\/Logo_desktop_Onet.svg\" class=\"ods-a-logo-main-desktop__image\" alt=\"Logo\" width=\"107\" height=\"60\" fetchpriority=\"high\" decoding=\"sync\" style=\"height:60px\"\/><\/a><\/p>\n<p class=\"ods-m-google-article__text\">Czytaj nas cz\u0119\u015bciej w Google<\/p>\n<p><a href=\"https:\/\/google.com\/preferences\/source?q=wiadomosci.onet.pl\" target=\"_blank\" rel=\"noopener noreferrer nofollow\" aria-label=\"Dodaj w Google\" title=\"Dodaj w Google\" class=\"ods-a-button ods-a-button__primary ods-a-button__default ods-a-button-l\">Dodaj w Google<\/a><\/p>\n<p>Agencja Reutera przekaza\u0142a, \u017ce w tym samym czasie o zagro\u017ceniu ze strony dron\u00f3w poinformowa\u0142 na Telegramie gubernator rosyjskiego obwodu leningradzkiego, Aleksandr Drozdenko.<\/p>\n<p>Baltic Air Policing to NATO-wska misja szybkiego reagowania, kt\u00f3rej celem jest ochrona przestrzeni powietrznej Litwy, \u0141otwy i Estonii. Prowadzona jest od czasu przyj\u0119cia tych pa\u0144stw do Sojuszu, czyli od marca 2004 r.; jej g\u0142\u00f3wna baza znajduje si\u0119 w Szawlach na Litwie. Dodatkowo misja korzysta z baz w Amari w Estonii i Lielvarde na \u0141otwie.<\/p>\n<p class=\"ods-o-frame-in-text__paragraph\">POLECAMY: <a href=\"https:\/\/wiadomosci.onet.pl\/swiat\/rosja-chce-oslabic-nato-szesc-scenariuszy-tego-co-moze-zrobic-putin-analiza\/bwbdlgn\" id=\"decfc17d-eb41-4331-a618-1cea9c139c59\" rel=\"nofollow noopener\" target=\"_blank\">Putin ma sze\u015b\u0107 scenariuszy, jak os\u0142abi\u0107 NATO. Przewija si\u0119 w nich Polska [ANALIZA]<\/a><\/p>\n<p><img class=\"ods-a-photo ods-a-photo--background\" src=\"https:\/\/www.europesays.com\/pl\/wp-content\/uploads\/2026\/09\/Ggqk9lGaHR0cHM6Ly9vY2RuLmV1L3B1bHNjbXMvTURBXy8yZmQ4MWJjOC02NTkzLTRhOWMtYTQwYy1hYjI4M2YyMmVhZmYuanBlZ.jpeg\" height=\"299\" width=\"450\" alt=\"W\u0142adimir Putin\" loading=\"lazy\" fetchpriority=\"low\" decoding=\"async\"\/><\/p>\n<p>Opracowanie:Katarzyna Barczyk<\/p>\n<p>Data utworzenia:1 wrze\u015bnia 2026, 02:13<\/p>\n","protected":false},"excerpt":{"rendered":"\u0141otewskie si\u0142y zbrojne przekaza\u0142y na platformie X, \u017ce my\u015bliwce NATO-wskiej misji poderwano w zwi\u0105zku z zagro\u017ceniem w rejonie&hellip;\n","protected":false},"author":2,"featured_media":659267,"comment_status":"","ping_status":"","sticky":false,"template":"","format":"standard","meta":{"footnotes":"","_share_on_mastodon":"0"},"categories":[14],"tags":[61195,32,33,27,34,35,75,28,31,48,160,25,46,40,41,87,47,80,29,30,26,82,83,84],"class_list":["post-659266","post","type-post","status-publish","format-standard","has-post-thumbnail","category-swiat","tag-bottomfeed_styl","tag-breaking-news","tag-breakingnews","tag-headlines","tag-latest-news","tag-latestnews","tag-lotwa","tag-naglowki","tag-najwazniejsze-artykuly","tag-nat_styl","tag-nato","tag-news","tag-omp","tag-polish","tag-polski","tag-rosja","tag-screening_general","tag-swiat","tag-top-stories","tag-topstories","tag-wiadomosci","tag-world","tag-world-news","tag-worldnews"],"share_on_mastodon":{"url":"https:\/\/pubeurope.com\/@pl\/117194081440401232","error":""},"_links":{"self":[{"href":"https:\/\/www.europesays.com\/pl\/wp-json\/wp\/v2\/posts\/659266","targetHints":{"allow":["GET"]}}],"collection":[{"href":"https:\/\/www.europesays.com\/pl\/wp-json\/wp\/v2\/posts"}],"about":[{"href":"https:\/\/www.europesays.com\/pl\/wp-json\/wp\/v2\/types\/post"}],"author":[{"embeddable":true,"href":"https:\/\/www.europesays.com\/pl\/wp-json\/wp\/v2\/users\/2"}],"replies":[{"embeddable":true,"href":"https:\/\/www.europesays.com\/pl\/wp-json\/wp\/v2\/comments?post=659266"}],"version-history":[{"count":0,"href":"https:\/\/www.europesays.com\/pl\/wp-json\/wp\/v2\/posts\/659266\/revisions"}],"wp:featuredmedia":[{"embeddable":true,"href":"https:\/\/www.europesays.com\/pl\/wp-json\/wp\/v2\/media\/659267"}],"wp:attachment":[{"href":"https:\/\/www.europesays.com\/pl\/wp-json\/wp\/v2\/media?parent=659266"}],"wp:term":[{"taxonomy":"category","embeddable":true,"href":"https:\/\/www.europesays.com\/pl\/wp-json\/wp\/v2\/categories?post=659266"},{"taxonomy":"post_tag","embeddable":true,"href":"https:\/\/www.europesays.com\/pl\/wp-json\/wp\/v2\/tags?post=659266"}],"curies":[{"name":"wp","href":"https:\/\/api.w.org\/{rel}","templated":true}]}}