{"id":659290,"date":"2026-09-01T05:33:15","date_gmt":"2026-09-01T05:33:15","guid":{"rendered":"https:\/\/www.europesays.com\/pl\/659290\/"},"modified":"2026-09-01T05:33:15","modified_gmt":"2026-09-01T05:33:15","slug":"kajetan-juz-na-baltyku-nowa-lodz-bedzie-ratowac-ludzi-w-najtrudniejszych-sytuacjach","status":"publish","type":"post","link":"https:\/\/www.europesays.com\/pl\/659290\/","title":{"rendered":"\u201eKAJETAN\u201d ju\u017c na Ba\u0142tyku. Nowa \u0142\u00f3d\u017a b\u0119dzie ratowa\u0107 ludzi w najtrudniejszych sytuacjach"},"content":{"rendered":"<p class=\"wp-block-paragraph\">W \u0141ebie pojawi\u0142a si\u0119 nowa jednostka, kt\u00f3ra ju\u017c w najbli\u017cszych dniach rozpocznie s\u0142u\u017cb\u0119 na Ba\u0142tyku. W Bazie Morskiej S\u0142u\u017cby Poszukiwania i Ratownictwa odby\u0142a si\u0119 uroczysto\u015b\u0107 chrztu i wodowania \u0142odzi ratowniczej \u201eKAJETAN\u201d. Nowoczesna jednostka ma ponad 8 metr\u00f3w d\u0142ugo\u015bci i zosta\u0142a ufundowana przez Fundacj\u0119 ORLEN w ramach programu \u201eORLEN na Stra\u017cy\u201d.<\/p>\n<p class=\"wp-block-paragraph\">Nowa \u0142\u00f3d\u017a b\u0119dzie wykorzystywana przez ratownik\u00f3w w \u0141ebie podczas dzia\u0142a\u0144 poszukiwawczo-ratowniczych na Ba\u0142tyku. Jej zadaniem b\u0119dzie mi\u0119dzy innymi poszukiwanie i podejmowanie rozbitk\u00f3w, ewakuacja poszkodowanych oraz bezpieczne transportowanie ich na brzeg.<\/p>\n<p><img loading=\"lazy\" decoding=\"async\" width=\"1024\" height=\"1024\" data-id=\"176773\" src=\"https:\/\/www.europesays.com\/pl\/wp-content\/uploads\/2026\/09\/l1-1024x1024.jpg\" alt=\"\" class=\"wp-image-176773\"  \/><\/p>\n<p><img loading=\"lazy\" decoding=\"async\" width=\"1024\" height=\"1024\" data-id=\"176774\" src=\"https:\/\/www.europesays.com\/pl\/wp-content\/uploads\/2026\/09\/l2-1024x1024.jpg\" alt=\"\" class=\"wp-image-176774\"  \/><\/p>\n<p><img loading=\"lazy\" decoding=\"async\" width=\"1024\" height=\"1024\" data-id=\"176775\" src=\"https:\/\/www.europesays.com\/pl\/wp-content\/uploads\/2026\/09\/l3-1024x1024.jpg\" alt=\"\" class=\"wp-image-176775\"  \/><\/p>\n<p class=\"wp-block-paragraph\">Szczeg\u00f3lne znaczenie ma nazwa jednostki. \u201eKAJETAN\u201d upami\u0119tnia \u015bp. Kajetana Zawadzkiego, wieloletniego i zas\u0142u\u017conego ratownika Brzegowej Stacji Ratowniczej w \u0141ebie oraz pracownika Morskiej S\u0142u\u017cby Poszukiwania i Ratownictwa. W uroczysto\u015bci uczestniczy\u0142a r\u00f3wnie\u017c jego rodzina.<\/p>\n<p class=\"wp-block-paragraph\">Matk\u0105 chrzestn\u0105 nowej jednostki zosta\u0142a Sylwia Snopkiewicz, Dyrektor Wykonawcza ORLEN ds. Sponsoringu. \u0141\u00f3d\u017a w imieniu S\u0142u\u017cby SAR odebra\u0142 Dyrektor MSPiR Sebastian Kluska.<\/p>\n<p class=\"wp-block-paragraph\">\u201eKAJETAN\u201d zosta\u0142 wyposa\u017cony w nowoczesne systemy, kt\u00f3re maj\u0105 wspiera\u0107 ratownik\u00f3w podczas dzia\u0142a\u0144 na morzu. Na pok\u0142adzie znalaz\u0142y si\u0119 mi\u0119dzy innymi systemy nawigacji i \u0142\u0105czno\u015bci, radar oraz specjalistyczne o\u015bwietlenie. Jednostka posiada r\u00f3wnie\u017c przestrze\u0144 umo\u017cliwiaj\u0105c\u0105 udzielanie pomocy osobom poszkodowanym.<\/p>\n<p class=\"wp-block-paragraph\">Nowa \u0142\u00f3d\u017a ju\u017c w najbli\u017cszych dniach rozpocznie s\u0142u\u017cb\u0119 w \u0141ebie. Dzi\u0119ki niej ratownicy b\u0119d\u0105 mieli do dyspozycji kolejn\u0105 jednostk\u0119 przeznaczon\u0105 do dzia\u0142a\u0144 poszukiwawczo-ratowniczych na Ba\u0142tyku.<\/p>\n","protected":false},"excerpt":{"rendered":"W \u0141ebie pojawi\u0142a si\u0119 nowa jednostka, kt\u00f3ra ju\u017c w najbli\u017cszych dniach rozpocznie s\u0142u\u017cb\u0119 na Ba\u0142tyku. W Bazie Morskiej&hellip;\n","protected":false},"author":2,"featured_media":659291,"comment_status":"","ping_status":"","sticky":false,"template":"","format":"standard","meta":{"footnotes":"","_share_on_mastodon":"0"},"categories":[51608],"tags":[128342,55463,3652,42,38,40,39,41,11100,28688],"class_list":["post-659290","post","type-post","status-publish","format-standard","has-post-thumbnail","category-lodz","tag-kajetan","tag-leba","tag-lodz","tag-pl","tag-poland","tag-polish","tag-polska","tag-polski","tag-ratunek","tag-sar"],"share_on_mastodon":{"url":"https:\/\/pubeurope.com\/@pl\/117194157166877390","error":""},"_links":{"self":[{"href":"https:\/\/www.europesays.com\/pl\/wp-json\/wp\/v2\/posts\/659290","targetHints":{"allow":["GET"]}}],"collection":[{"href":"https:\/\/www.europesays.com\/pl\/wp-json\/wp\/v2\/posts"}],"about":[{"href":"https:\/\/www.europesays.com\/pl\/wp-json\/wp\/v2\/types\/post"}],"author":[{"embeddable":true,"href":"https:\/\/www.europesays.com\/pl\/wp-json\/wp\/v2\/users\/2"}],"replies":[{"embeddable":true,"href":"https:\/\/www.europesays.com\/pl\/wp-json\/wp\/v2\/comments?post=659290"}],"version-history":[{"count":0,"href":"https:\/\/www.europesays.com\/pl\/wp-json\/wp\/v2\/posts\/659290\/revisions"}],"wp:featuredmedia":[{"embeddable":true,"href":"https:\/\/www.europesays.com\/pl\/wp-json\/wp\/v2\/media\/659291"}],"wp:attachment":[{"href":"https:\/\/www.europesays.com\/pl\/wp-json\/wp\/v2\/media?parent=659290"}],"wp:term":[{"taxonomy":"category","embeddable":true,"href":"https:\/\/www.europesays.com\/pl\/wp-json\/wp\/v2\/categories?post=659290"},{"taxonomy":"post_tag","embeddable":true,"href":"https:\/\/www.europesays.com\/pl\/wp-json\/wp\/v2\/tags?post=659290"}],"curies":[{"name":"wp","href":"https:\/\/api.w.org\/{rel}","templated":true}]}}