{"id":659296,"date":"2026-09-01T05:36:17","date_gmt":"2026-09-01T05:36:17","guid":{"rendered":"https:\/\/www.europesays.com\/pl\/659296\/"},"modified":"2026-09-01T05:36:17","modified_gmt":"2026-09-01T05:36:17","slug":"nigdy-wiecej-wojny","status":"publish","type":"post","link":"https:\/\/www.europesays.com\/pl\/659296\/","title":{"rendered":"Nigdy wi\u0119cej wojny"},"content":{"rendered":"<p>&#13;<br \/>\n  87 lat temu Polska zosta\u0142a sama, mia\u0142a tylko odwag\u0119. Nigdy wi\u0119cej Polski, kt\u00f3ra mia\u0142a tylko odwag\u0119 [\u2026] Bohaterstwo to jest to, co zostaje, gdy zabraknie wszystkiego innego. Nasz\u0105 rol\u0105 jest, by nie zabrak\u0142o \u2013 powiedzia\u0142 wicepremier W\u0142adys\u0142aw Kosiniak-Kamysz na Westerplatte, gdzie dzisiaj odby\u0142y si\u0119 obchody 87. rocznicy wybuchu najkrwawszego konfliktu w dziejach \u015bwiata.&#13;\n<\/p>\n<p>&#13;<br \/>\n  &#13;<br \/>\n    <img loading=\"lazy\" decoding=\"async\" style=\"display: block; margin-left: auto; margin-right: auto;\" src=\"https:\/\/www.europesays.com\/pl\/wp-content\/uploads\/2026\/09\/111282.jpeg\" alt=\"\" width=\"800\" height=\"533\"\/>&#13;<br \/>\n  &#13;\n<\/p>\n<p>Zapalenie Znicza Pokoju przez podchor\u0105\u017cego z Akademii Marynarki Wojennej symbolicznie rozpocz\u0119\u0142o g\u0142\u00f3wne obchody <a href=\"https:\/\/polska-zbrojna.pl\/home\/articleshow\/47051?t=Agresja-na-Polske-nie-byla-spacerem-\" target=\"_blank\" rel=\"nofollow noopener\">87. rocznicy wybuchu II wojny \u015bwiatowej<\/a>. Uroczysto\u015bci odby\u0142y si\u0119 o poranku pod Pomnikiem Obro\u0144c\u00f3w Wybrze\u017ca na Westerplatte. Wzi\u0119li w nich udzia\u0142 przedstawiciele najwy\u017cszych w\u0142adz pa\u0144stwowych z prezydentem Karolem Nawrockim i premierem Donaldem Tuskiem na czele. Obecni byli tak\u017ce wicepremier, minister obrony W\u0142adys\u0142aw Kosiniak-Kamysz oraz gen. Wies\u0142aw Kuku\u0142a, szef Sztabu Generalnego Wojska Polskiego.<\/p>\n<p>\u2013 Tu, na Westerplatte, wykuwa\u0142 si\u0119 archetyp polskich postaw w czasie ca\u0142ej II wojny \u015bwiatowej na wszystkich szeroko\u015bciach geograficznych, gdzie polski \u017co\u0142nierz walczy\u0142 o wolno\u015b\u0107 innych narod\u00f3w, ale gdzie umiera\u0142 zawsze tylko dla Polski\u2013 powiedzia\u0142 prezydent Karol Nawrocki. \u2013 Pami\u0119\u0107 o 1 wrze\u015bnia wymaga od nas prawdy i odpowiedzialno\u015bci. A prawda ma swoje symbole, fakty i znaki \u2013 doda\u0142. Prezydent wskaza\u0142, \u017ce tak jak Westerplatte jest symbolem walki, tak symbolem niezas\u0142u\u017conego cierpienia jest Wielu\u0144, pierwsze polskie miasto zbombardowane przez Niemc\u00f3w jeszcze przed \u015bwitem 1 wrze\u015bnia 1939 roku. \u2013 Ale ten symbol walk i symbol cierpienia m\u00f3wi\u0105 tak wiele o II wojnie \u015bwiatowej. To, co jednak najwa\u017cniejsze, to trzeba pami\u0119ta\u0107, \u017ce 1 wrze\u015bnia 1939 roku rozpocz\u0119\u0142a si\u0119 hekatomba i pandemonium. 1 wrze\u015bnia to by\u0142a brama do hekatomby i pandemonium na narodzie polskim, wyrz\u0105dzonych przez Niemc\u00f3w i przez Sowiet\u00f3w \u2013 zaznaczy\u0142 Nawrocki.<\/p>\n<p>&#13;<br \/>\n  <img loading=\"lazy\" decoding=\"async\" style=\"display: block; margin-left: auto; margin-right: auto;\" src=\"https:\/\/www.europesays.com\/pl\/wp-content\/uploads\/2026\/09\/111283.jpeg\" alt=\"\" width=\"800\" height=\"533\"\/>&#13;\n<\/p>\n<p>Prezydent wskaza\u0142 na bierno\u015b\u0107 i milczenie wolnego \u015bwiata jako g\u0142\u00f3wne czynniki sprzyjaj\u0105ce narodzinom systemu politycznego, kt\u00f3ry doprowadzi\u0142 do wybuchu II wojny \u015bwiatowej. Zaznaczy\u0142, \u017ce je\u017celi lekcja z tragicznej przesz\u0142o\u015bci ma zosta\u0107 odrobiona, potrzeba wi\u0119cej czyn\u00f3w, a nie \u201etylko pi\u0119knych i okr\u0105g\u0142ych s\u0142\u00f3w\u201d. Zdaniem Nawrockiego, takim czynem powinno by\u0107 uregulowanie kwestii reparacji wojennych od Niemiec. Wyp\u0142ata Polsce rekompensaty za wojenne straty i zniszczenia mia\u0142aby by\u0107 nie tylko kwesti\u0105 sprawiedliwo\u015bci historycznej, ale te\u017c inwestycj\u0105 we wsp\u00f3ln\u0105, bezpieczn\u0105 przysz\u0142o\u015b\u0107. Jak zaznaczy\u0142, \u015brodki te mog\u0142yby zosta\u0107 przeznaczone na wzmocnienie potencja\u0142u Wojska Polskiego. \u2013 Dlatego, aby przyja\u017a\u0144 i sojusz sta\u0142y si\u0119 realne, apeluj\u0119 st\u0105d, z Westerplatte, do kanclerza Niemiec, do narodu niemieckiego: za\u0142atwmy spraw\u0119 reparacji i zado\u015b\u0107uczynienia z my\u015bl\u0105 o sprawiedliwo\u015bci historycznej, ale i z my\u015bl\u0105 o przysz\u0142o\u015bci \u2013 przekonywa\u0142 prezydent.<\/p>\n<p>&#13;<br \/>\n  <img loading=\"lazy\" decoding=\"async\" style=\"display: block; margin-left: auto; margin-right: auto;\" src=\"https:\/\/www.europesays.com\/pl\/wp-content\/uploads\/2026\/09\/111280.jpeg\" alt=\"\" width=\"800\" height=\"533\"\/>&#13;\n<\/p>\n<p>\u2013 Zawsze m\u00f3wili\u015bmy o tym, \u017ce odpowiedzialno\u015b\u0107 za koszmar II wojny \u015bwiatowej spada na hitlerowskie Niemcy, a tak\u017ce na sowieck\u0105 Rosj\u0119. Tu nie ma \u017cadnych dwuznaczno\u015bci \u2013 powiedzia\u0142 premier Donald Tusk. \u2013 To by\u0142o, jest i b\u0119dzie oczywiste dla ka\u017cdego przyzwoitego cz\u0142owieka, niezale\u017cnie od tego, gdzie si\u0119 urodzi\u0142 i jakiej jest narodowo\u015bci \u2013 doda\u0142 szef Rady Ministr\u00f3w. Zdaniem premiera, lekcj\u0105, jak\u0105 powinni\u015bmy wyci\u0105gn\u0105\u0107 z tragicznego losu wrze\u015bnia\u201939 jest, by nie polega\u0107 wy\u0142\u0105cznie na bohaterstwie osamotnionych \u017co\u0142nierzy. \u2013 Dzi\u015b musimy polega\u0107 na w\u0142asnej sile i na realnych sojuszach. Nie na zakl\u0119ciach, nie na mitach, ale na prawdziwej sile pa\u0144stwa polskiego, prawdziwej sile, odporno\u015bci i solidarno\u015bci sojuszu, w kt\u00f3rym Polska odgrywa tak istotn\u0105 rol\u0119 \u2013 doda\u0142. Zdaniem premiera, nawet gdyby polskich \u017co\u0142nierzy na Westerplatte by\u0142o znacznie wi\u0119cej ni\u017c w rzeczywisto\u015bci, nie mieliby szans w starciu z niemieckim najazdem, bo \u201ewolny \u015bwiat pozwoli\u0142 Hitlerowi i faszystowskim Niemcom na rozp\u0119tanie wojny i bezkarn\u0105 agresj\u0119\u201d. \u2013 R\u00f3wnie og\u0142uszaj\u0105ca jak salwy ze \u201eSchleswig-Holsteina\u201d by\u0142a samotno\u015b\u0107 polskich \u017co\u0142nierzy. Nigdy wi\u0119cej nie mo\u017cemy dopu\u015bci\u0107 do takiej sytuacji \u2013 zaznaczy\u0142 szef rz\u0105du.<\/p>\n<p>&#13;<br \/>\n  <img loading=\"lazy\" decoding=\"async\" style=\"display: block; margin-left: auto; margin-right: auto;\" src=\"https:\/\/www.europesays.com\/pl\/wp-content\/uploads\/2026\/09\/111284.jpeg\" alt=\"\" width=\"800\" height=\"533\"\/>&#13;\n<\/p>\n<p>\u2013 Najwa\u017cniejsz\u0105 lekcj\u0105 z Westerplatte jest to, by ju\u017c nigdy ten, kt\u00f3ry zosta\u0142 napadni\u0119ty przez agresora, nie by\u0142 sam \u2013 powiedzia\u0142 premier i nawi\u0105za\u0142 do solidarno\u015bci wolnego \u015bwiata z broni\u0105c\u0105 si\u0119 przed rosyjsk\u0105 agresj\u0105 Ukrain\u0105. \u2013 Musimy to g\u0142o\u015bno powiedzie\u0107: najbli\u017csza jesie\u0144 i zima, kt\u00f3re s\u0105 przed nami, mog\u0105 by\u0107 kluczowe nie tylko dla niepodleg\u0142o\u015bci Ukrainy, ale tak\u017ce dla bezpiecze\u0144stwa Polski i ca\u0142ego \u015bwiata \u2013 zaznaczy\u0142. Donald Tusk zaapelowa\u0142 do przyw\u00f3dc\u00f3w i spo\u0142ecze\u0144stw wolnego \u015bwiata, by okazali wsparcie narodowi ukrai\u0144skiemu. \u2013 Maj\u0105c w pami\u0119ci 80 mln ofiar II wojny \u015bwiatowej, w tym 6 mln obywateli Polski, dzi\u015b g\u0142o\u015bno z Westerplatte krzyczymy do ca\u0142ego \u015bwiata: b\u0105d\u017acie solidarni! Musimy pom\u00f3c Ukrainie przetrwa\u0107. Nie mo\u017cemy powt\u00f3rzy\u0107 tamtych b\u0142\u0119d\u00f3w. Nie mo\u017ce powt\u00f3rzy\u0107 si\u0119 Monachium, nie mo\u017ce powt\u00f3rzy\u0107 si\u0119 polityka ust\u0119powania z\u0142u \u2013 apelowa\u0142 premier.<\/p>\n<p>\u2013 Bohaterstwo \u017co\u0142nierzy Westerplatte i ich odwaga s\u0105 zawsze wskaz\u00f3wk\u0105. S\u0105 zawsze wyznacznikiem, ale nie mog\u0105 by\u0107 osamotnione we wsp\u00f3\u0142czesnym \u015bwiecie \u2013 powiedzia\u0142 wicepremier W\u0142adys\u0142aw Kosiniak-Kamysz. \u2013 Bohaterstwo to jest to, co zostaje, gdy zabraknie wszystkiego innego. Nasz\u0105 rol\u0105 jest, by nie zabrak\u0142o \u2013 zapewni\u0142. Szef resortu obrony przypomnia\u0142, \u017ce w\u0142a\u015bnie dlatego <a href=\"https:\/\/polska-zbrojna.pl\/home\/articleshow\/47046?t=Prawie-200-mld-zl-na-zbrojenia-w-projekcie-budzetu\" target=\"_blank\" rel=\"nofollow noopener\">Polska wydaje rocznie 200 mld z\u0142 na obronno\u015b\u0107<\/a>, co czyni z nas liderem pod tym wzgl\u0119dem w NATO. \u2013 Jest granica sporu, za kt\u00f3r\u0105 on przestaje by\u0107 sporem, a zaczyna by\u0107 prezentem dla tych, kt\u00f3rzy nam \u017ale \u017cycz\u0105. To jest g\u00f3rnolotnie nazwana racja stanu, a w prostych s\u0142owach to m\u00f3wienie, \u017ce nie mo\u017cemy si\u0119 k\u0142\u00f3ci\u0107 o to, czy \u017co\u0142nierz Wojska Polskiego ma czym walczy\u0107. Mo\u017cemy si\u0119 k\u0142\u00f3ci\u0107 o wszystko, ale nie o to \u2013 zapewni\u0142 szef MON-u.<\/p>\n","protected":false},"excerpt":{"rendered":"&#13; 87 lat temu Polska zosta\u0142a sama, mia\u0142a tylko odwag\u0119. Nigdy wi\u0119cej Polski, kt\u00f3ra mia\u0142a tylko odwag\u0119 [\u2026]&hellip;\n","protected":false},"author":2,"featured_media":659297,"comment_status":"","ping_status":"","sticky":false,"template":"","format":"standard","meta":{"footnotes":"","_share_on_mastodon":"0"},"categories":[12],"tags":[128344,2891,425,291,3375,1238,2854,8660,1315,52570,18211,42,38,2279,40,39,50002,52571,41,128343,99,55602,161,5041,6573],"class_list":["post-659296","post","type-post","status-publish","format-standard","has-post-thumbnail","category-polska","tag-87-rocznica-wybuchu-wojny","tag-armia","tag-bezpieczenstwo","tag-historia","tag-ii-wojna-swiatowa","tag-kosiniak-kamysz","tag-kukula","tag-ministerstwo-obrony-narodowej","tag-nawrocki","tag-obrona-narodowa","tag-oficer","tag-pl","tag-poland","tag-poligon","tag-polish","tag-polska","tag-polska-zbrojna","tag-polska-zbrojna-pl","tag-polski","tag-pomnik-obroncw-wybrzeza","tag-tusk","tag-westerplatte","tag-wojsko","tag-wojsko-polskie","tag-zolnierz"],"share_on_mastodon":{"url":"https:\/\/pubeurope.com\/@pl\/117194168665750079","error":""},"_links":{"self":[{"href":"https:\/\/www.europesays.com\/pl\/wp-json\/wp\/v2\/posts\/659296","targetHints":{"allow":["GET"]}}],"collection":[{"href":"https:\/\/www.europesays.com\/pl\/wp-json\/wp\/v2\/posts"}],"about":[{"href":"https:\/\/www.europesays.com\/pl\/wp-json\/wp\/v2\/types\/post"}],"author":[{"embeddable":true,"href":"https:\/\/www.europesays.com\/pl\/wp-json\/wp\/v2\/users\/2"}],"replies":[{"embeddable":true,"href":"https:\/\/www.europesays.com\/pl\/wp-json\/wp\/v2\/comments?post=659296"}],"version-history":[{"count":0,"href":"https:\/\/www.europesays.com\/pl\/wp-json\/wp\/v2\/posts\/659296\/revisions"}],"wp:featuredmedia":[{"embeddable":true,"href":"https:\/\/www.europesays.com\/pl\/wp-json\/wp\/v2\/media\/659297"}],"wp:attachment":[{"href":"https:\/\/www.europesays.com\/pl\/wp-json\/wp\/v2\/media?parent=659296"}],"wp:term":[{"taxonomy":"category","embeddable":true,"href":"https:\/\/www.europesays.com\/pl\/wp-json\/wp\/v2\/categories?post=659296"},{"taxonomy":"post_tag","embeddable":true,"href":"https:\/\/www.europesays.com\/pl\/wp-json\/wp\/v2\/tags?post=659296"}],"curies":[{"name":"wp","href":"https:\/\/api.w.org\/{rel}","templated":true}]}}