{"id":659338,"date":"2026-09-01T06:05:42","date_gmt":"2026-09-01T06:05:42","guid":{"rendered":"https:\/\/www.europesays.com\/pl\/659338\/"},"modified":"2026-09-01T06:05:42","modified_gmt":"2026-09-01T06:05:42","slug":"finisaz-wystawy-o-autostradzie-a4-w-muzeum-architektury-we-wroclawiu-3","status":"publish","type":"post","link":"https:\/\/www.europesays.com\/pl\/659338\/","title":{"rendered":"Finisa\u017c wystawy o autostradzie A4 w Muzeum Architektury we Wroc\u0142awiu"},"content":{"rendered":"<p>&#13;<br \/>\n                                        &#13;<\/p>\n<p>W pi\u0105tek, 4 wrze\u015bnia 2026 roku, w Muzeum Architektury we Wroc\u0142awiu odb\u0119dzie si\u0119 finisa\u017c wystawy \u201eNa \u015brodkowym pasie latem trawa by\u0142a wysoka\u201d. W programie znalaz\u0142y si\u0119 ostatnie oprowadzanie kuratorskie Agaty Ciasto\u0144 oraz premierowy audiowizualny set Igora Pud\u0142o, wsp\u00f3\u0142tw\u00f3rcy duetu Skalpel.<\/p>\n<p>&#13;<\/p>\n<p>O godzinie 18.00 Agata Ciasto\u0144 oprowadzi uczestnik\u00f3w po ekspozycji i opowie o jej za\u0142o\u017ceniach, inspiracjach oraz historiach ukrytych w prezentowanych materia\u0142ach. Godzin\u0119 p\u00f3\u017aniej rozpocznie si\u0119 autorski program audio-wizualny Igora Pud\u0142o, znanego r\u00f3wnie\u017c jako Igor Boxx.<\/p>\n<p>&#13;<\/p>\n<p><a class=\"lightbox\" alt=\"Finisa\u017c wystawy o autostradzie A4 we Wroc\u0142awiu z oprowadzaniem i setem Igora Pud\u0142o.\" href=\"https:\/\/www.europesays.com\/pl\/wp-content\/uploads\/2026\/09\/1788242742_761_doba_pl_279039-d06b2876ceff17767e7244750ac919d1_1280x720_onlyx.jpg\"><img loading=\"lazy\" decoding=\"async\" class=\"imgBigger\" src=\"https:\/\/www.europesays.com\/pl\/wp-content\/uploads\/2026\/09\/1788242742_761_doba_pl_279039-d06b2876ceff17767e7244750ac919d1_1280x720_onlyx.jpg\" width=\"800\" height=\"874\" border=\"0\"\/><\/a><\/p>\n<p>&#13;<br \/>\nHistoria autostrady A4 na wystawie&#13;<\/p>\n<p>Wystawa \u201eNa \u015brodkowym pasie latem trawa by\u0142a wysoka\u201d powsta\u0142a na podstawie ksi\u0105\u017cki Agaty Ciasto\u0144 o tym samym tytule. Ekspozycja opowiada o przemianach dolno\u015bl\u0105skiego odcinka autostrady A4 na przestrzeni niemal stu lat.<\/p>\n<p>&#13;<\/p>\n<p>W Muzeum Architektury we Wroc\u0142awiu archiwalne mapy, plany i fotografie pochodz\u0105ce z polskich i niemieckich zbior\u00f3w zestawiono z pracami wsp\u00f3\u0142czesnych artyst\u00f3w i artystek.<\/p>\n<p>&#13;<\/p>\n<p>Autostrada zosta\u0142a pokazana nie tylko jako element infrastruktury transportowej. Jest r\u00f3wnie\u017c \u015bwiadkiem przemian politycznych, spo\u0142ecznych i krajobrazowych, a tak\u017ce przestrzeni\u0105 zwi\u0105zana z pami\u0119ci\u0105, wyobra\u017ani\u0105 i indywidualnymi do\u015bwiadczeniami.<\/p>\n<p>&#13;<br \/>\nIgor Pud\u0142o z premierowym projektem&#13;<\/p>\n<p>O godzinie 19.00 przestrze\u0144 muzeum wype\u0142ni autorski program audio-wizualny Igora Pud\u0142o. Urodzony i tworz\u0105cy we Wroc\u0142awiu muzyk, producent i wsp\u00f3\u0142tw\u00f3rca duetu Skalpel zaprezentuje premierowy projekt inspirowany histori\u0105 oraz wsp\u00f3\u0142czesno\u015bci\u0105 autostrady A4.<\/p>\n<p>&#13;<\/p>\n<p>Artysta ma na swoim koncie r\u00f3wnie\u017c solowe albumy, w\u015br\u00f3d kt\u00f3rych znajduj\u0105 si\u0119 m.in. \u201eBreslau\u201d, \u201eDream Logic\u201d, \u201eDelirium\u201d, \u201eFyodor\u201d oraz \u201eRefleks\u201d.<\/p>\n<p>&#13;<\/p>\n<p>W jego interpretacji autostrada staje si\u0119 nie tylko drog\u0105 i infrastruktur\u0105, ale r\u00f3wnie\u017c przestrzeni\u0105 do\u015bwiadcze\u0144. Projekt \u0142\u0105czy architektur\u0119 z moralno\u015bci\u0105, czas z przestrzeni\u0105, a d\u017awi\u0119ki samochodowego radia z odg\u0142osem silnika.<\/p>\n<p>&#13;<br \/>\nFinisa\u017c 4 wrze\u015bnia we Wroc\u0142awiu&#13;<\/p>\n<p>Audiowizualny set b\u0119dzie podr\u00f3\u017c\u0105 przez pami\u0119\u0107, krajobraz i do\u015bwiadczenie drogi. Wydarzenie stanowi jednocze\u015bnie ostatni\u0105 okazj\u0119 do obejrzenia wystawy \u201eNa \u015brodkowym pasie latem trawa by\u0142a wysoka\u201d w jej obecnej formie.<\/p>\n<p>&#13;<\/p>\n<p>Finisa\u017c odb\u0119dzie si\u0119 w pi\u0105tek, 4 wrze\u015bnia 2026 roku. Oprowadzanie kuratorskie rozpocznie si\u0119 o godz. 18.00, a set Igora Pud\u0142o o godz. 19.00.<\/p>\n<p>&#13;<\/p>\n<p>Wst\u0119p na wydarzenie jest bezp\u0142atny.<\/p>\n<p>&#13;<\/p>\n<p>Projekt wsp\u00f3\u0142finansowany ze \u015brodk\u00f3w Fundacji Wsp\u00f3\u0142pracy Polsko-Niemieckiej.<\/p>\n<p>                            &#13;<br \/>\n                \t\t\t                            &#13;<br \/>\n                                                        &#13;<br \/>\n\t\t\t\t\t\t\t            &#13;<br \/>\n                            &#13;<br \/>\n                            &#13;<\/p>\n","protected":false},"excerpt":{"rendered":"&#13; &#13; W pi\u0105tek, 4 wrze\u015bnia 2026 roku, w Muzeum Architektury we Wroc\u0142awiu odb\u0119dzie si\u0119 finisa\u017c wystawy \u201eNa&hellip;\n","protected":false},"author":2,"featured_media":659339,"comment_status":"","ping_status":"","sticky":false,"template":"","format":"standard","meta":{"footnotes":"","_share_on_mastodon":"0"},"categories":[51607],"tags":[19952,51809,42,38,40,39,41,1853],"class_list":["post-659338","post","type-post","status-publish","format-standard","has-post-thumbnail","category-wroclaw","tag-db","tag-dw","tag-pl","tag-poland","tag-polish","tag-polska","tag-polski","tag-wroclaw"],"share_on_mastodon":{"url":"https:\/\/pubeurope.com\/@pl\/117194282983494890","error":""},"_links":{"self":[{"href":"https:\/\/www.europesays.com\/pl\/wp-json\/wp\/v2\/posts\/659338","targetHints":{"allow":["GET"]}}],"collection":[{"href":"https:\/\/www.europesays.com\/pl\/wp-json\/wp\/v2\/posts"}],"about":[{"href":"https:\/\/www.europesays.com\/pl\/wp-json\/wp\/v2\/types\/post"}],"author":[{"embeddable":true,"href":"https:\/\/www.europesays.com\/pl\/wp-json\/wp\/v2\/users\/2"}],"replies":[{"embeddable":true,"href":"https:\/\/www.europesays.com\/pl\/wp-json\/wp\/v2\/comments?post=659338"}],"version-history":[{"count":0,"href":"https:\/\/www.europesays.com\/pl\/wp-json\/wp\/v2\/posts\/659338\/revisions"}],"wp:featuredmedia":[{"embeddable":true,"href":"https:\/\/www.europesays.com\/pl\/wp-json\/wp\/v2\/media\/659339"}],"wp:attachment":[{"href":"https:\/\/www.europesays.com\/pl\/wp-json\/wp\/v2\/media?parent=659338"}],"wp:term":[{"taxonomy":"category","embeddable":true,"href":"https:\/\/www.europesays.com\/pl\/wp-json\/wp\/v2\/categories?post=659338"},{"taxonomy":"post_tag","embeddable":true,"href":"https:\/\/www.europesays.com\/pl\/wp-json\/wp\/v2\/tags?post=659338"}],"curies":[{"name":"wp","href":"https:\/\/api.w.org\/{rel}","templated":true}]}}