{"id":659354,"date":"2026-09-01T06:15:18","date_gmt":"2026-09-01T06:15:18","guid":{"rendered":"https:\/\/www.europesays.com\/pl\/659354\/"},"modified":"2026-09-01T06:15:18","modified_gmt":"2026-09-01T06:15:18","slug":"meduza-unoszaca-sie-na-marsie-niezwykle-odkrycie-nasa","status":"publish","type":"post","link":"https:\/\/www.europesays.com\/pl\/659354\/","title":{"rendered":"Meduza unosz\u0105ca si\u0119 na Marsie. Niezwyk\u0142e odkrycie NASA"},"content":{"rendered":"<ul data-component-0=\"list-unorder\" class=\"typography ids-typeset-body ids-typeset-body--preset-large list ids-list ids-list--unordered ids-list--size-large \" datatype=\"disc\">\n<li class=\"ids-list-item\">\n<p>\u0141azik Curiosity wykona\u0142 w 2023 roku zdj\u0119cie obiektu przypominaj\u0105cego meduz\u0119, kt\u00f3ry pojawi\u0142 si\u0119 nad powierzchni\u0105 Marsa.<\/p>\n<\/li>\n<li class=\"ids-list-item\">\n<p>Tajemnicza smuga to w rzeczywisto\u015bci artefakt wywo\u0142any przez promieniowanie kosmiczne uderzaj\u0105ce w detektory kamer \u0142azika.<\/p>\n<\/li>\n<li class=\"ids-list-item\">\n<p>Rzadka atmosfera Marsa oraz brak silnej magnetosfery sprawiaj\u0105, \u017ce na\u0142adowane cz\u0105stki cz\u0119\u015bciej zak\u0142\u00f3caj\u0105 zdj\u0119cia wykonywane przez Curiosity.<\/p>\n<\/li>\n<li class=\"ids-list-item\">Wi\u0119cej podobnych informacji znajdziesz na <a class=\"ids-undecorated-link link ids-link link\" href=\"https:\/\/geekweek.interia.pl\/#utm_source=geekweek&amp;utm_medium=bullet&amp;utm_campaign=powrot_z_wew&amp;iwa_source=bullet\" target=\"_blank\" rel=\"noopener nofollow\">stronie g\u0142\u00f3wnej serwisu, otwiera si\u0119 w nowym oknie<\/a><\/li>\n<\/ul>\n<p class=\"typography ids-typeset-body ids-typeset-body--preset-large link paragraph ids-paragraph ids-paragraph--default\">Curiosity to \u0142azik <a href=\"https:\/\/geekweek.interia.pl\/marki-i-produkty-nasa,gsbi,2582\" target=\"_self\" rel=\"nofollow noopener\">NASA<\/a>, kt\u00f3re przebywa na Czerwonej Planecie od kilkunastu lat. Do tej pory przechwyci\u0142 mn\u00f3stwo zdj\u0119\u0107 i na cz\u0119\u015bci z nich uda\u0142o si\u0119 uchwyci\u0107 bardzo nietypowe zjawiska. Jednym z nich z pewno\u015bci\u0105 jest &#8222;meduza&#8221;, kt\u00f3rej fotografi\u0119 uda\u0142o si\u0119 zrobi\u0107 w 2023 r.<\/p>\n<p>\u0141azik Curiosity uchwyci\u0142 na Marsie unosz\u0105c\u0105 si\u0119 &#8222;meduz\u0119&#8221;<\/p>\n<p class=\"typography ids-typeset-body ids-typeset-body--preset-large link paragraph ids-paragraph ids-paragraph--default\">Widoczne w artykule zdj\u0119cie zosta\u0142o zrobione przez \u0142azik Curiosity 20 sierpnia 2023 r. o godzinie 22:27:46 UTC. Kolejne fotografie tego samego miejsca zosta\u0142y uchwycone 13 sekund i 25 sekund wcze\u015bniej.<\/p>\n<p class=\"typography ids-typeset-body ids-typeset-body--preset-large link paragraph ids-paragraph ids-paragraph--default\">Na \u017cadnym z dw\u00f3ch wcze\u015bniejszych obraz\u00f3w nie wida\u0107 tego, co uda\u0142o si\u0119 uwieczni\u0107 na ostatnim. Wygl\u0105da to jak meduza unosz\u0105ca si\u0119 nad powierzchni\u0105. Czy na Marsie wyst\u0119puj\u0105 nieznane formy \u017cycia? Tego dok\u0142adnie nie wiadomo, ale z pewno\u015bci\u0105 nie jest to &#8222;forma&#8221; widoczna na zdj\u0119ciu. W rzeczywisto\u015bci uda\u0142o si\u0119 tu uchwyci\u0107 ciekawe zjawisko, kt\u00f3re zachodzi w atmosferze Czerwonej Planety.<\/p>\n<p><img decoding=\"async\" class=\"ids-image-holder__img\" loading=\"lazy\" alt=\"Skalisty, pofa\u0142dowany teren z wyra\u017anym, kontrastuj\u0105cym ciemnym obiektem o nieregularnym kszta\u0142cie, wskazanym przez \u017c\u00f3\u0142t\u0105 strza\u0142k\u0119.\" title=\"&quot;Meduza&quot; uchwycina przez \u0142azik Curiosity na Marsie w 2023 r.\" width=\"1200\" height=\"675\" src=\"https:\/\/www.europesays.com\/pl\/wp-content\/uploads\/2026\/09\/000N8FG97EESV0CO-C323-F4.webp\"\/><\/p>\n<p>&#8222;Meduza&#8221; uchwycina przez \u0142azik Curiosity na Marsie w 2023 r.NASA\/JPL-CaltechNASA<\/p>\n<p class=\"typography ids-typeset-body ids-typeset-body--preset-large link paragraph ids-paragraph ids-paragraph--default\">Ta ulotna smuga mo\u017ce by\u0107 spowodowana promieniowaniem kosmicznym, kt\u00f3re na Ziemi nie ma tak du\u017cego wp\u0142ywu. Na Marsie jest inaczej. Atmosfera Czerwonej Planety jest niezwykle rzadka (mniej ni\u017c 1 proc. naszej), a ponadto nie wyst\u0119puje tam silna magnetosfera zapewniaj\u0105ca dodatkow\u0105 ochron\u0119.<\/p>\n<p>NASA uchwyci\u0142a na Marsie artefakt promieniowania kosmicznego<\/p>\n<p class=\"typography ids-typeset-body ids-typeset-body--preset-large link paragraph ids-paragraph ids-paragraph--default\">Wspomniana &#8222;meduza&#8221; to tak naprawd\u0119 artefakt, kt\u00f3ry powsta\u0142 w trakcie robienia zdj\u0119\u0107 przez \u0142azik Curiosity. Te na\u0142adowane cz\u0105stki regularnie uderzaj\u0105 w detektory kamer dzia\u0142aj\u0105cych w takim, a nie innym \u015brodowisku.<\/p>\n<blockquote role=\"blockquote\" class=\"quote ids-quote ids-quote--nosurface--short--medium\" data-component-0=\"quote-embed\"><p>Na tysi\u0105cach zdj\u0119\u0107 otrzymanych z Curiosity, niemal co tydzie\u0144 widzimy te z jasnymi punktami <\/p><\/blockquote>\n<p class=\"typography ids-typeset-body ids-typeset-body--preset-large link paragraph ids-paragraph ids-paragraph--default\">Na innych zdj\u0119ciach z Curiosity cz\u0119sto przypominaj\u0105 jasne plamy. Tak jakby kto\u015b uderzy\u0142 w kamer\u0119 z daleka ma\u0142ym wska\u017anikiem laserowym. Mog\u0105 mie\u0107 te\u017c inne formy, na przyk\u0142ad pod\u0142u\u017cne smugi.<\/p>\n<p>Najnowsza wersja marsja\u0144skiego \u0142azika na planie \u201chalo tu polsat\u201dPolsatPolsat<\/p>\n","protected":false},"excerpt":{"rendered":"\u0141azik Curiosity wykona\u0142 w 2023 roku zdj\u0119cie obiektu przypominaj\u0105cego meduz\u0119, kt\u00f3ry pojawi\u0142 si\u0119 nad powierzchni\u0105 Marsa. Tajemnicza smuga&hellip;\n","protected":false},"author":2,"featured_media":659355,"comment_status":"","ping_status":"","sticky":false,"template":"","format":"standard","meta":{"footnotes":"","_share_on_mastodon":"0"},"categories":[20],"tags":[120,118,119,42,38,40,39,41,116,114,115,121,117],"class_list":["post-659354","post","type-post","status-publish","format-standard","has-post-thumbnail","category-nauka-i-technika","tag-nauka","tag-nauka-i-technika","tag-naukatechnika","tag-pl","tag-poland","tag-polish","tag-polska","tag-polski","tag-science","tag-science-and-technology","tag-sciencetechnology","tag-technika","tag-technology"],"share_on_mastodon":{"url":"https:\/\/pubeurope.com\/@pl\/117194321282007108","error":""},"_links":{"self":[{"href":"https:\/\/www.europesays.com\/pl\/wp-json\/wp\/v2\/posts\/659354","targetHints":{"allow":["GET"]}}],"collection":[{"href":"https:\/\/www.europesays.com\/pl\/wp-json\/wp\/v2\/posts"}],"about":[{"href":"https:\/\/www.europesays.com\/pl\/wp-json\/wp\/v2\/types\/post"}],"author":[{"embeddable":true,"href":"https:\/\/www.europesays.com\/pl\/wp-json\/wp\/v2\/users\/2"}],"replies":[{"embeddable":true,"href":"https:\/\/www.europesays.com\/pl\/wp-json\/wp\/v2\/comments?post=659354"}],"version-history":[{"count":0,"href":"https:\/\/www.europesays.com\/pl\/wp-json\/wp\/v2\/posts\/659354\/revisions"}],"wp:featuredmedia":[{"embeddable":true,"href":"https:\/\/www.europesays.com\/pl\/wp-json\/wp\/v2\/media\/659355"}],"wp:attachment":[{"href":"https:\/\/www.europesays.com\/pl\/wp-json\/wp\/v2\/media?parent=659354"}],"wp:term":[{"taxonomy":"category","embeddable":true,"href":"https:\/\/www.europesays.com\/pl\/wp-json\/wp\/v2\/categories?post=659354"},{"taxonomy":"post_tag","embeddable":true,"href":"https:\/\/www.europesays.com\/pl\/wp-json\/wp\/v2\/tags?post=659354"}],"curies":[{"name":"wp","href":"https:\/\/api.w.org\/{rel}","templated":true}]}}