{"id":659358,"date":"2026-09-01T06:17:12","date_gmt":"2026-09-01T06:17:12","guid":{"rendered":"https:\/\/www.europesays.com\/pl\/659358\/"},"modified":"2026-09-01T06:17:12","modified_gmt":"2026-09-01T06:17:12","slug":"stolica-rosji-na-syberii-trwaja-gorace-dyskusje","status":"publish","type":"post","link":"https:\/\/www.europesays.com\/pl\/659358\/","title":{"rendered":"Stolica Rosji na Syberii? Trwaj\u0105 gor\u0105ce dyskusje"},"content":{"rendered":"<p><a href=\"https:\/\/www.google.com\/preferences\/source?q=money.pl\" target=\"_blank\" rel=\"nofollow noopener\" class=\"preferred-source-banner\" id=\"preferred-source-banner\" data-vab-box=\"preferred_source_banner\"><\/p>\n<p class=\"preferred-source-banner-title\">Dodaj Money.pl &#8211; portal finansowy jako preferowane \u017ar\u00f3d\u0142o w Google<\/p>\n<p class=\"preferred-source-banner-subtitle\">Nasze tre\u015bci b\u0119d\u0105 cz\u0119\u015bciej wy\u015bwietla\u0107 si\u0119 w Twoich wynikach Google<\/p>\n<p><\/a> <\/p>\n<p>Jak opisuje dziennik, ukrai\u0144skie drony coraz cz\u0119\u015bciej docieraj\u0105 daleko w\u00a0g\u0142\u0105b rosyjskiego terytorium. Ich ataki prowadz\u0105 do problem\u00f3w z\u00a0\u0142\u0105czno\u015bci\u0105 kom\u00f3rkow\u0105 i\u00a0lotami w\u00a0Moskwie oraz Petersburgu, a\u00a0rosyjskie w\u0142adze ograniczaj\u0105 dzia\u0142anie mobilnego internetu podczas nalot\u00f3w.<\/p>\n<p>Z\u00a0tego powodu w\u00a0<a href=\"https:\/\/www.money.pl\/wiadomosci\/rosja.html\" rel=\"noopener noreferrer nofollow\" target=\"_blank\">Rosji<\/a> na nowo rozgorza\u0142a dyskusja o\u00a0przeniesieniu kluczowych cz\u0119\u015bci administracji za Ural. Popularny rosyjski kana\u0142 na Telegramie Genera\u0142 SWR poda\u0142, \u017ce na wysokim szczeblu ma by\u0107 rozwa\u017cane przesuni\u0119cie &#8222;logistyki administracyjnej&#8221; z\u00a0Moskwy na Syberi\u0119. W\u00a0praktyce oznacza\u0142oby to przygotowanie do czasowego przeniesienia stolicy.<\/p>\n<p>Kana\u0142 podaje, \u017ce taki scenariusz m\u00f3g\u0142by zosta\u0107 wykorzystany w\u00a0perspektywie 3-7 lat, je\u015bli ukrai\u0144skie zdolno\u015bci rakietowe b\u0119d\u0105 dalej ros\u0142y. Jednocze\u015bnie autorzy zaznaczaj\u0105, \u017ce obecnie chodzi o\u00a0rozwa\u017canie takiej mo\u017cliwo\u015bci, a\u00a0nie o\u00a0podj\u0119t\u0105 decyzj\u0119.<\/p>\n<p> <img role=\"presentation\" class=\"absolute left-1\/2 top-1\/2 max-h-[80%] max-w-[100px] -translate-x-1\/2 -translate-y-1\/2\" src=\"https:\/\/v.wpimg.pl\/ZXJfd3AudTkrBBIAbg54LGhcRlAxHQUrPgJGH2MAeGJoSQ1eIBI_K2UHAEVuBTY5KQMMXC0RPyoVERQdMgM9ejc\" loading=\"lazy\" decoding=\"async\"\/> Chiny maj\u0105 zdalne wy\u0142\u0105czniki? Prezes polskiej sp\u00f3\u0142ki wyja\u015bnia <\/p>\n<p>Omsk zamiast Moskwy?<\/p>\n<p>Do pomys\u0142u przeniesienia stolicy za Ural od lat przekonuje Jurij Krupnow, przewodnicz\u0105cy rady nadzorczej Instytutu Demografii, Migracji i\u00a0Rozwoju Regionalnego. Na pocz\u0105tku sierpnia m\u00f3wi\u0142 &#8222;Komsomolskiej Prawdzie&#8221;, \u017ce dyskusja w\u00a0tej sprawie mia\u0142a wej\u015b\u0107 na wysoki szczebel pa\u0144stwowy. <\/p>\n<p>Krupnow ju\u017c wcze\u015bniej proponowa\u0142 przeniesienie najwa\u017cniejszych o\u015brodk\u00f3w w\u0142adzy na <a href=\"https:\/\/www.money.pl\/wiadomosci\/syberia.html\" rel=\"noopener noreferrer nofollow\" target=\"_blank\">Syberi\u0119<\/a>. W\u00a0czerwcu, podczas wyst\u0105pienia w\u00a0Dumie, wskazywa\u0142 nawet Omsk jako mo\u017cliw\u0105 now\u0105 stolic\u0119. Jego zdaniem taki ruch m\u00f3g\u0142by pobudzi\u0107 rozw\u00f3j wschodnich region\u00f3w Rosji i\u00a0ograniczy\u0107 koncentracj\u0119 ludno\u015bci, pieni\u0119dzy oraz w\u0142adzy w\u00a0Moskwie.<\/p>\n<p> <img role=\"presentation\" class=\"absolute left-1\/2 top-1\/2 max-h-[80%] max-w-[100px] -translate-x-1\/2 -translate-y-1\/2\" src=\"https:\/\/v.wpimg.pl\/ZXJfd3AudTkrBBIAbg54LGhcRlAxHQUrPgJGH2MAeGJoSQ1eIBI_K2UHAEVuBTY5KQMMXC0RPyoVERQdMgM9ejc\" loading=\"lazy\" decoding=\"async\"\/> <\/p>\n<p>Pomys\u0142\u00a0od lat budzi sprzeciw cz\u0119\u015bci rosyjskich polityk\u00f3w. W\u00a02017\u00a0r. Krupnow przedstawi\u0142 <a href=\"https:\/\/www.money.pl\/wiadomosci\/putin.html\" rel=\"noopener noreferrer nofollow\" target=\"_blank\">W\u0142adimirowi Putinowi<\/a> raport dotycz\u0105cy problem\u00f3w demograficznych Rosji, w\u00a0kt\u00f3rym r\u00f3wnie\u017c postulowa\u0142 przeniesienie o\u015brodk\u00f3w w\u0142adzy na Syberi\u0119.<\/p>\n<p> <a href=\"https:\/\/www.money.pl\/mobility\/tyle-cpn-pozwolil-zaoszczedzic-polakom-nad-morzem-tyle-kosztuja-trzy-gofry-7324413693798432a.html\" class=\"teaser-inline\" rel=\"nofollow noopener\" target=\"_blank\">  <img decoding=\"async\" src=\"https:\/\/www.europesays.com\/pl\/wp-content\/uploads\/2026\/09\/ZDMwODFhdSUsFTl3aRN4MG9NbS0vSnZmOFV1ZmlZaHx9D2AiLwQ_NigHIGohGi80LAA_ajYEdSU9HmAyd0c-LT4HIyU_Rz8pLxIr.jpeg\" loading=\"lazy\" class=\"wp-media-image cropped\" alt=\"Ceny wystrzeli\u0142y. O ile? Wszystko ju\u017c jasne\"\/><\/p>\n<p>Ceny wystrzeli\u0142y. O ile? Wszystko ju\u017c jasne<\/p>\n<p><\/a> <\/p>\n<p>Krytycznie reagowa\u0142 na to m.in. mer Moskwy Siergiej Sobianin. Wypomina\u0142 wysokie koszty takiego przedsi\u0119wzi\u0119cia i\u00a0argumentowa\u0142, \u017ce oznacza\u0142oby ono przeniesienie urz\u0119dnik\u00f3w tysi\u0105ce kilometr\u00f3w od miejsca zamieszkania zdecydowanej wi\u0119kszo\u015bci Rosjan.<\/p>\n<p> <img role=\"presentation\" class=\"absolute left-1\/2 top-1\/2 max-h-[80%] max-w-[100px] -translate-x-1\/2 -translate-y-1\/2\" src=\"https:\/\/v.wpimg.pl\/ZXJfd3AudTkrBBIAbg54LGhcRlAxHQUrPgJGH2MAeGJoSQ1eIBI_K2UHAEVuBTY5KQMMXC0RPyoVERQdMgM9ejc\" loading=\"lazy\" decoding=\"async\"\/> <\/p>\n<p>Temat powraca\u0142 jednak tak\u017ce p\u00f3\u017aniej &#8211; przypomina &#8222;Rz&#8221;. W\u00a02021\u00a0r. \u00f3wczesny minister obrony Siergiej Szojgu m\u00f3wi\u0142 o\u00a0potrzebie tworzenia nowych aglomeracji za Uralem. Wskazywa\u0142 na strategiczne po\u0142o\u017cenie Syberii oraz jej znaczenie dla transportu i\u00a0wydobycia surowc\u00f3w.<\/p>\n<p>Ogromne terytorium, niewielka liczba mieszka\u0144c\u00f3w<\/p>\n<p>Aleksandr Maslennikow, zast\u0119pca sekretarza prezydenckiej Rady Bezpiecze\u0144stwa, m\u00f3wi\u0142 o\u00a0potrzebie budowy tam nowych elektrowni wodnych, dr\u00f3g i\u00a0szybkich kolei. W\u00a0jego wizji kilka miast po\u0142\u0105czonych sprawn\u0105 komunikacj\u0105 mog\u0142oby tworzy\u0107 jeden organizm gospodarczy.<\/p>\n<p>Problemem pozostaje jednak ogromna r\u00f3\u017cnica mi\u0119dzy powierzchni\u0105 regionu a\u00a0liczb\u0105 jego mieszka\u0144c\u00f3w. Syberyjski i\u00a0dalekowschodni okr\u0119gi federalne obejmuj\u0105 oko\u0142o 66\u00a0proc. terytorium Rosji, ale mieszka tam niespe\u0142na 24\u00a0mln os\u00f3b.<\/p>\n<p> <img role=\"presentation\" class=\"absolute left-1\/2 top-1\/2 max-h-[80%] max-w-[100px] -translate-x-1\/2 -translate-y-1\/2\" src=\"https:\/\/v.wpimg.pl\/ZXJfd3AudTkrBBIAbg54LGhcRlAxHQUrPgJGH2MAeGJoSQ1eIBI_K2UHAEVuBTY5KQMMXC0RPyoVERQdMgM9ejc\" loading=\"lazy\" decoding=\"async\"\/> <a href=\"https:\/\/www.money.pl\/polityka\/kontrakt-na-pioruny-za-ponad-8-mld-zl-wczesniej-porazka-o-wartosci-60-mln-euro-7324466787428416a.html\" class=\"teaser-inline\" rel=\"nofollow noopener\" target=\"_blank\">  <img decoding=\"async\" src=\"https:\/\/www.europesays.com\/pl\/wp-content\/uploads\/2026\/09\/NDliMTcyYSUNCztnTAJsME5Tbz0KW2JmGUt3dkxIfHxcEWIyChUrNgkZInoECzs0DR49ehMVYSUcAGIiUlYqLR8ZITUaVispDgwp.jpeg\" loading=\"lazy\" class=\"wp-media-image cropped\" alt=\"Kontrakt na Pioruny za ponad 8 mld z\u0142. Wcze\u015bniej pora\u017cka o warto\u015bci 60 mln euro\"\/><\/p>\n<p>Kontrakt na Pioruny za ponad 8 mld z\u0142. Wcze\u015bniej pora\u017cka o warto\u015bci 60 mln euro<\/p>\n<p><\/a> <\/p>\n<p>Wa\u017cnymi o\u015brodkami s\u0105 m.in. Nowosybirsk, W\u0142adywostok, Omsk, Krasnojarsk, Chabarowsk i\u00a0Jakuck. Odleg\u0142o\u015bci mi\u0119dzy nimi s\u0105 ogromne, co sprawia, \u017ce pomys\u0142 stworzenia wi\u0119kszej, po\u0142\u0105czonej infrastruktur\u0105 aglomeracji oznacza\u0142by wielkie przedsi\u0119wzi\u0119cie transportowe.<\/p>\n<p>Jednocze\u015bnie Syberia i\u00a0rosyjski Daleki Wsch\u00f3d znajduj\u0105 si\u0119 poza zasi\u0119giem wi\u0119kszo\u015bci ukrai\u0144skich dron\u00f3w i\u00a0rakiet. Jak podaje &#8222;Rzeczpospolita&#8221;, najdalej na wsch\u00f3d ukrai\u0144skie bezza\u0142ogowce dociera\u0142y dot\u0105d do obwodu omskiego, po\u0142o\u017conego oko\u0142o 3\u00a0tys. km od Ukrainy.<\/p>\n<p> <img role=\"presentation\" class=\"absolute left-1\/2 top-1\/2 max-h-[80%] max-w-[100px] -translate-x-1\/2 -translate-y-1\/2\" src=\"https:\/\/v.wpimg.pl\/ZXJfd3AudTkrBBIAbg54LGhcRlAxHQUrPgJGH2MAeGJoSQ1eIBI_K2UHAEVuBTY5KQMMXC0RPyoVERQdMgM9ejc\" loading=\"lazy\" decoding=\"async\"\/> <\/p>\n<p>\u0179r\u00f3d\u0142o: &#8222;Rzeczpospolita&#8221;<\/p>\n","protected":false},"excerpt":{"rendered":"Dodaj Money.pl &#8211; portal finansowy jako preferowane \u017ar\u00f3d\u0142o w Google Nasze tre\u015bci b\u0119d\u0105 cz\u0119\u015bciej wy\u015bwietla\u0107 si\u0119 w Twoich&hellip;\n","protected":false},"author":2,"featured_media":659359,"comment_status":"","ping_status":"","sticky":false,"template":"","format":"standard","meta":{"footnotes":"","_share_on_mastodon":"0"},"categories":[14],"tags":[32,33,27,34,35,28,31,25,40,41,80,29,30,26,82,83,84],"class_list":["post-659358","post","type-post","status-publish","format-standard","has-post-thumbnail","category-swiat","tag-breaking-news","tag-breakingnews","tag-headlines","tag-latest-news","tag-latestnews","tag-naglowki","tag-najwazniejsze-artykuly","tag-news","tag-polish","tag-polski","tag-swiat","tag-top-stories","tag-topstories","tag-wiadomosci","tag-world","tag-world-news","tag-worldnews"],"share_on_mastodon":{"url":"https:\/\/pubeurope.com\/@pl\/117194330547758035","error":""},"_links":{"self":[{"href":"https:\/\/www.europesays.com\/pl\/wp-json\/wp\/v2\/posts\/659358","targetHints":{"allow":["GET"]}}],"collection":[{"href":"https:\/\/www.europesays.com\/pl\/wp-json\/wp\/v2\/posts"}],"about":[{"href":"https:\/\/www.europesays.com\/pl\/wp-json\/wp\/v2\/types\/post"}],"author":[{"embeddable":true,"href":"https:\/\/www.europesays.com\/pl\/wp-json\/wp\/v2\/users\/2"}],"replies":[{"embeddable":true,"href":"https:\/\/www.europesays.com\/pl\/wp-json\/wp\/v2\/comments?post=659358"}],"version-history":[{"count":0,"href":"https:\/\/www.europesays.com\/pl\/wp-json\/wp\/v2\/posts\/659358\/revisions"}],"wp:featuredmedia":[{"embeddable":true,"href":"https:\/\/www.europesays.com\/pl\/wp-json\/wp\/v2\/media\/659359"}],"wp:attachment":[{"href":"https:\/\/www.europesays.com\/pl\/wp-json\/wp\/v2\/media?parent=659358"}],"wp:term":[{"taxonomy":"category","embeddable":true,"href":"https:\/\/www.europesays.com\/pl\/wp-json\/wp\/v2\/categories?post=659358"},{"taxonomy":"post_tag","embeddable":true,"href":"https:\/\/www.europesays.com\/pl\/wp-json\/wp\/v2\/tags?post=659358"}],"curies":[{"name":"wp","href":"https:\/\/api.w.org\/{rel}","templated":true}]}}