{"id":659364,"date":"2026-09-01T06:20:13","date_gmt":"2026-09-01T06:20:13","guid":{"rendered":"https:\/\/www.europesays.com\/pl\/659364\/"},"modified":"2026-09-01T06:20:13","modified_gmt":"2026-09-01T06:20:13","slug":"sondaz-donald-tusk-wygrywa-ale-ma-problem-symulacja-ujawnia-skale-wprost","status":"publish","type":"post","link":"https:\/\/www.europesays.com\/pl\/659364\/","title":{"rendered":"Sonda\u017c. Donald Tusk wygrywa, ale ma problem. Symulacja ujawnia skal\u0119 \u2013 Wprost"},"content":{"rendered":"\n<p>&#13;<br \/>\nGdyby wybory parlamentarne odbywa\u0142y si\u0119 w\u00a0najbli\u017csz\u0105 niedziel\u0119, wygra\u0142aby je\u00a0Koalicja Obywatelska z\u00a0wynikiem 27,5 proc. Na\u00a0drugiej pozycji znalaz\u0142o si\u0119 Prawo i\u00a0Sprawiedliwo\u015b\u0107, na\u00a0kt\u00f3re ch\u0119\u0107 oddania g\u0142osu zadeklarowa\u0142o 19,7 proc. badanych. Najni\u017cszy stopie\u0144 podium nale\u017cy do\u00a0Konfederacji, kt\u00f3ry cieszy si\u0119 poparciem na\u00a0poziomie 13,1 proc. &#13;\n<\/p>\n<p>KO wygrywa, jest powa\u017cne \u201eale\u201d. Najnowszy sonda\u017c partyjny<\/p>\n<p>&#13;<br \/>\nW dalszej cz\u0119\u015bci stawki uplasowa\u0142y si\u0119: Konfederacja Korony Polskiej (8,3 proc.), Lewica (8,3 proc.), Rozw\u00f3j Plus Mateusza Morawieckiego (6 proc.), Polskie Stronnictwo Ludowe (4,2 proc.), Partia Razem (2,7 proc.) i\u00a0Polska 2050 (0,4 proc.). 9,9 proc. ankietowanych stanowi grup\u0119 niezdecydowanych. &#13;\n<\/p>\n<p>&#13;<br \/>\nZesp\u00f3l Onet Data przeprowadzi\u0142 symulacj\u0119 dotycz\u0105c\u0105 tego, jak wyniki g\u0142osowania prze\u0142o\u017cy\u0142yby si\u0119 na\u00a0rozk\u0142ad mandat\u00f3w w\u00a0Sejmie. KO mog\u0142aby liczy\u0107 na\u00a0165 miejsc w\u00a0Sejmie, PiS \u2013\u00a0120, Konfederacja \u2013\u00a073, Konfederacja Korony Polskiej \u2013\u00a046, Lewica \u2013\u00a035 i\u00a0Rozw\u00f3j Plus \u2013\u00a021. &#13;\n<\/p>\n<p>&#13;<br \/>\nAby mie\u0107 w\u00a0Sejmie wi\u0119kszo\u015b\u0107 potrzebne jest co\u00a0najmniej 231 g\u0142os\u00f3w. Zwyci\u0119stwo KO nie\u00a0oznacza\u0142oby wi\u0119c mo\u017cliwo\u015bci sprawowania w\u0142adzy. KO i\u00a0Lewica \u0142\u0105cznie dysponowa\u0142yby 200 mandatami, co\u00a0r\u00f3wnie\u017c by\u0142oby niewystarczaj\u0105ce. Gdyby zawi\u0105za\u0142 si\u0119 sojusz PiS i\u00a0obu Konfederacji, \u0142\u0105cznie mia\u0142yby 239 g\u0142os\u00f3w. &#13;\n<\/p>\n<p>&#13;<br \/>\n W\u00a0sonda\u017cu sprawdzono tak\u017ce, jaka by\u0142aby frekwencja. 54,3 proc. badanych deklaruje, \u017ce\u00a0skorzysta\u0142oby z\u00a0prawa do\u00a0oddania g\u0142osu, a\u00a044,1 proc. nie\u00a0ma\u00a0takiego zamiaru. 1,6 proc. ankietowanych jeszcze nie\u00a0wie, czy\u00a0we\u017amie udzia\u0142 w\u00a0wyborach. &#13;\n<\/p>\n<p>&#13;<br \/>\n Sonda\u017c Instytutu Bada\u0144 Rynkowych i\u00a0Spo\u0142ecznych (IBRiS) dla\u00a0Onetu zosta\u0142 zrealizowany w\u00a0dniach 25-27 sierpnia 2026\u00a0r. metod\u0105 telefonicznych standaryzowanych wywiad\u00f3w kwestionariuszowych wspomaganych komputerowo (CATI) na\u00a0pr\u00f3bie badawczej licz\u0105cej 1,1 tys. doros\u0142ych Polak\u00f3w.  &#13;\n<\/p>\n<p>&#13;<br \/>\n   Czytaj te\u017c:<br \/><a href=\"https:\/\/www.wprost.pl\/edukacja\/12428604\/men-i-tusk-na-celowniku-wsrod-nauczycieli-wrze-dosc.html\" rel=\"follow nofollow noopener\" data-schema=\"WPROST\" data-image=\"https:\/\/img.wprost.pl\/_thumb\/0f\/36\/14c0680206ebc99d38d9f13d5472.jpeg\" target=\"_blank\">Nauczyciele wywieraj\u0105 presj\u0119 na\u00a0Tuska i\u00a0MEN. \u201ePokazujemy politykom czerwone kartki\u201d<\/a>   Czytaj te\u017c:<br \/><a href=\"https:\/\/www.wprost.pl\/polityka\/12428466\/sondaz-andrzej-duda-w-opinii-polakow-wypominaja-mu-tk.html\" rel=\"follow nofollow noopener\" data-schema=\"WPROST\" data-image=\"https:\/\/img.wprost.pl\/_thumb\/ee\/60\/cfdac29f57bde659c346aa99031e.jpeg\" target=\"_blank\">Lista grzech\u00f3w g\u0142\u00f3wnych Andrzeja Dudy. Na\u00a0czele sonda\u017cu TK<\/a>&#13;<\/p>\n","protected":false},"excerpt":{"rendered":"&#13; Gdyby wybory parlamentarne odbywa\u0142y si\u0119 w\u00a0najbli\u017csz\u0105 niedziel\u0119, wygra\u0142aby je\u00a0Koalicja Obywatelska z\u00a0wynikiem 27,5 proc. Na\u00a0drugiej pozycji znalaz\u0142o si\u0119&hellip;\n","protected":false},"author":2,"featured_media":659365,"comment_status":"","ping_status":"","sticky":false,"template":"","format":"standard","meta":{"footnotes":"","_share_on_mastodon":"0"},"categories":[62713],"tags":[1345,3940,1006,49,64711,529,907,366,231,43315],"class_list":["post-659364","post","type-post","status-publish","format-standard","has-post-thumbnail","category-donald-tusk","tag-donald-tusk","tag-ko","tag-konfederacja","tag-kraj","tag-magdalena-frindt","tag-pis","tag-polityka","tag-sondaz","tag-sondaze","tag-wprost"],"share_on_mastodon":{"url":"https:\/\/pubeurope.com\/@pl\/117194340766543267","error":""},"_links":{"self":[{"href":"https:\/\/www.europesays.com\/pl\/wp-json\/wp\/v2\/posts\/659364","targetHints":{"allow":["GET"]}}],"collection":[{"href":"https:\/\/www.europesays.com\/pl\/wp-json\/wp\/v2\/posts"}],"about":[{"href":"https:\/\/www.europesays.com\/pl\/wp-json\/wp\/v2\/types\/post"}],"author":[{"embeddable":true,"href":"https:\/\/www.europesays.com\/pl\/wp-json\/wp\/v2\/users\/2"}],"replies":[{"embeddable":true,"href":"https:\/\/www.europesays.com\/pl\/wp-json\/wp\/v2\/comments?post=659364"}],"version-history":[{"count":0,"href":"https:\/\/www.europesays.com\/pl\/wp-json\/wp\/v2\/posts\/659364\/revisions"}],"wp:featuredmedia":[{"embeddable":true,"href":"https:\/\/www.europesays.com\/pl\/wp-json\/wp\/v2\/media\/659365"}],"wp:attachment":[{"href":"https:\/\/www.europesays.com\/pl\/wp-json\/wp\/v2\/media?parent=659364"}],"wp:term":[{"taxonomy":"category","embeddable":true,"href":"https:\/\/www.europesays.com\/pl\/wp-json\/wp\/v2\/categories?post=659364"},{"taxonomy":"post_tag","embeddable":true,"href":"https:\/\/www.europesays.com\/pl\/wp-json\/wp\/v2\/tags?post=659364"}],"curies":[{"name":"wp","href":"https:\/\/api.w.org\/{rel}","templated":true}]}}