{"id":659392,"date":"2026-09-01T06:44:27","date_gmt":"2026-09-01T06:44:27","guid":{"rendered":"https:\/\/www.europesays.com\/pl\/659392\/"},"modified":"2026-09-01T06:44:27","modified_gmt":"2026-09-01T06:44:27","slug":"warszawa-czeka-nas-jeszcze-jedno-powiekszanie-okecia-ile-potrwaja-prace-podroze-wprost","status":"publish","type":"post","link":"https:\/\/www.europesays.com\/pl\/659392\/","title":{"rendered":"Warszawa. Czeka nas jeszcze jedno powi\u0119kszanie Ok\u0119cia. Ile potrwaj\u0105 prace? \u2013 Podr\u00f3\u017ce Wprost"},"content":{"rendered":"\n<p>&#13;<br \/>\nPrzez Lotnisko na\u00a0Ok\u0119ciu w\u00a0sierpniu tego roku przewin\u0119\u0142o si\u0119 2,75 ml pasa\u017cer\u00f3w. Jak zauwa\u017ca\u0142 pe\u0142nomocnik rz\u0105du ds. CPK Piotr Malepszak, to\u00a0a\u017c o\u00a010 proc. wi\u0119cej ni\u017c\u00a0w\u00a0tym samym czasie w\u00a02025 roku. Szykuje si\u0119 te\u017c rekord, je\u015bli we\u017amiemy pod\u00a0uwag\u0119 ca\u0142e 12 miesi\u0119cy. &#13;\n<\/p>\n<p>Warszawa. Lotnisko Chopina czeka rozbudowa<\/p>\n<p>&#13;<br \/>\n\u201eDziennik Gazeta Prawna\u201d przypomina, \u017ce\u00a0warszawski port lotniczy czeka jeszcze jedna rozbudowa. Decyzj\u0119 w\u00a0tej sprawie podj\u0119to dwa lata temu, a\u00a0jednym z\u00a0uzasadnie\u0144 by\u0142o op\u00f3\u017anienie inwestycji w\u00a0Baranowie. Port Polska nie\u00a0zostanie otwarty ani w\u00a02027, ani w\u00a02028. Jego start realnie ma\u00a0szans\u0119 odby\u0107 si\u0119 dopiero w\u00a02032 roku. &#13;\n<\/p>\n<p>&#13;<br \/>\nPrzepustowo\u015b\u0107 Ok\u0119cia mia\u0142aby zosta\u0107 zwi\u0119kszona do\u00a030-32 mln pasa\u017cer\u00f3w. Sp\u00f3\u0142ka Polskie Porty Lotnicze wyst\u0105pi\u0142a ju\u017c o\u00a0wydanie pozwolenia na\u00a0budow\u0119. Jak m\u00f3wi\u0142 jej rzecznik Piotr Rudzki, decyzj\u0119 w\u00a0tej sprawie sp\u00f3\u0142ka chce uzyska\u0107 jeszcze w\u00a0tym roku.<br \/>&#13;<br \/>\nProjekt budowlany ju\u017c odebrano, a\u00a0nied\u0142ugo zaczn\u0105 si\u0119 odbiory projekt\u00f3w technicznego i\u00a0wykonawczego. Decyzj\u0119 \u015brodowiskow\u0105 z\u00a0rygorem natychmiastowej wykonalno\u015bci odebrano z\u00a0kolei w\u00a0lipcu. &#13;\n<\/p>\n<p>Kiedy zako\u0144czy si\u0119 rozbudowa Ok\u0119cia?<\/p>\n<p>&#13;<br \/>\nCa\u0142y czas trwa przetarg na\u00a0wykonawc\u0119 rob\u00f3t budowlanych. W\u00a0dialogu konkurencyjnym uczestniczy 5\u00a0podmiot\u00f3w. \u2013\u00a0Zaproszenie do\u00a0sk\u0142adania ofert planowane jest w\u00a0IV kw. 2026\u00a0r. Rozpocz\u0119cie rob\u00f3t budowlanych planowane jest na\u00a0II\u00a0kw. 2027\u00a0r., a\u00a0ich zako\u0144czenie w\u00a0po\u0142owie 2029 \u2013\u00a0informowa\u0142 Rudzki. &#13;\n<\/p>\n<p>&#13;<br \/>\nPlanowe otwarcie rozbudowywanego terminala mia\u0142o nast\u0105pi\u0107 wiosn\u0105 2029 roku. Wyd\u0142u\u017cony ma\u00a0zosta\u0107 pirs po\u0142udniowy, a\u00a0p\u00f3\u0142nocna cz\u0119\u015b\u0107 terminalu zostanie przebudowana, powi\u0119kszaj\u0105c obszar po\u015bwi\u0119cony lotom poza stref\u0119 Schengen. Powstan\u0105 tam dodatkowe instalacje sortuj\u0105ce baga\u017c, a\u00a0ca\u0142a powierzchnia terminalu zwi\u0119kszy si\u0119 o\u00a015 proc. &#13;\n<\/p>\n<p>&#13;<br \/>\n\u201eDGP\u201d zwraca uwag\u0119, \u017ce\u00a0cz\u0119\u015b\u0107 rob\u00f3t modernizacyjnych ju\u017c ruszy\u0142a. Trwa budowa nowej p\u0142yty postojowej dla\u00a0samolot\u00f3w. Wymieniane s\u0105 <a href=\"https:\/\/podroze.wprost.pl\/turystyka\/12381945\/lotnisko-chopina-czekalo-na-to-dlugo-turysci-zegnaja-limit-plynow.html\" rel=\"nofollow noopener\" target=\"_blank\">urz\u0105dzenia kontroli bezpiecze\u0144stwa<\/a>. Ca\u0142o\u015b\u0107 prac ma\u00a0poch\u0142on\u0105\u0107 do\u00a0miliarda z\u0142otych. &#13;\n<\/p>\n<p>&#13;<br \/>\n   Czytaj te\u017c:<br \/><a href=\"https:\/\/podroze.wprost.pl\/miejsca\/12426360\/nowy-zanzibar-bezposrednio-z-polski-egzotyczny-raj-hitem-biura-podrozy.html\" rel=\"follow nofollow noopener\" data-schema=\"WPROST\" data-image=\"https:\/\/img.wprost.pl\/_thumb\/5f\/bc\/e5738ccfbf96a5049ef6224a71b8.jpeg\" target=\"_blank\">\u201eNowy Zanzibar\u201d bezpo\u015brednio z\u00a0Polski. Do\u00a0egzotycznego raju dolecimy Dreamlinerem<\/a>   Czytaj te\u017c:<br \/><a href=\"https:\/\/podroze.wprost.pl\/turystyka\/12426480\/piorun-zaburzyl-loty-nad-europa-samoloty-wizz-air-nadaly-kod-7700.html\" rel=\"follow nofollow noopener\" data-schema=\"WPROST\" data-image=\"https:\/\/img.wprost.pl\/_thumb\/1b\/46\/673a1a48e925c96fff46040378b5.jpeg\" target=\"_blank\">Uderzenie pioruna zak\u0142\u00f3ci\u0142o loty. Piloci nadali kod 7700<\/a>&#13;<\/p>\n","protected":false},"excerpt":{"rendered":"&#13; Przez Lotnisko na\u00a0Ok\u0119ciu w\u00a0sierpniu tego roku przewin\u0119\u0142o si\u0119 2,75 ml pasa\u017cer\u00f3w. Jak zauwa\u017ca\u0142 pe\u0142nomocnik rz\u0105du ds. CPK&hellip;\n","protected":false},"author":2,"featured_media":659393,"comment_status":"","ping_status":"","sticky":false,"template":"","format":"standard","meta":{"footnotes":"","_share_on_mastodon":"0"},"categories":[51605],"tags":[6306,6305,189,3760,2610,56701,45922,6302,10284,24781,42,6304,6303,38,40,39,41,128349,8956,24082,4278,435],"class_list":["post-659392","post","type-post","status-publish","format-standard","has-post-thumbnail","category-warszawa","tag-afryka","tag-azja-ameryka","tag-europa","tag-gory","tag-inwestycja","tag-kiedy","tag-lotnisko-chopina","tag-miejsca","tag-modernizacja","tag-okecie","tag-pl","tag-plaze","tag-podroze","tag-poland","tag-polish","tag-polska","tag-polski","tag-powiekszanie","tag-rozbudowa","tag-terminy","tag-turystyka","tag-warszawa"],"share_on_mastodon":{"url":"https:\/\/pubeurope.com\/@pl\/117194435699970040","error":""},"_links":{"self":[{"href":"https:\/\/www.europesays.com\/pl\/wp-json\/wp\/v2\/posts\/659392","targetHints":{"allow":["GET"]}}],"collection":[{"href":"https:\/\/www.europesays.com\/pl\/wp-json\/wp\/v2\/posts"}],"about":[{"href":"https:\/\/www.europesays.com\/pl\/wp-json\/wp\/v2\/types\/post"}],"author":[{"embeddable":true,"href":"https:\/\/www.europesays.com\/pl\/wp-json\/wp\/v2\/users\/2"}],"replies":[{"embeddable":true,"href":"https:\/\/www.europesays.com\/pl\/wp-json\/wp\/v2\/comments?post=659392"}],"version-history":[{"count":0,"href":"https:\/\/www.europesays.com\/pl\/wp-json\/wp\/v2\/posts\/659392\/revisions"}],"wp:featuredmedia":[{"embeddable":true,"href":"https:\/\/www.europesays.com\/pl\/wp-json\/wp\/v2\/media\/659393"}],"wp:attachment":[{"href":"https:\/\/www.europesays.com\/pl\/wp-json\/wp\/v2\/media?parent=659392"}],"wp:term":[{"taxonomy":"category","embeddable":true,"href":"https:\/\/www.europesays.com\/pl\/wp-json\/wp\/v2\/categories?post=659392"},{"taxonomy":"post_tag","embeddable":true,"href":"https:\/\/www.europesays.com\/pl\/wp-json\/wp\/v2\/tags?post=659392"}],"curies":[{"name":"wp","href":"https:\/\/api.w.org\/{rel}","templated":true}]}}