{"id":659402,"date":"2026-09-01T06:54:14","date_gmt":"2026-09-01T06:54:14","guid":{"rendered":"https:\/\/www.europesays.com\/pl\/659402\/"},"modified":"2026-09-01T06:54:14","modified_gmt":"2026-09-01T06:54:14","slug":"zmasowany-atak-wojsk-putina-na-kijow-miastem-wstrzasnely-eksplozje","status":"publish","type":"post","link":"https:\/\/www.europesays.com\/pl\/659402\/","title":{"rendered":"Zmasowany atak wojsk Putina na Kij\u00f3w. Miastem wstrz\u0105sn\u0119\u0142y eksplozje"},"content":{"rendered":"<p>Lokalne w\u0142adze oraz ukrai\u0144skie media poinformowa\u0142y o licznych po\u017carach w ca\u0142ym mie\u015bcie; Kijowem wstrz\u0105sa\u0142y te\u017c liczne eksplozje.<\/p>\n<p>Dalszy ci\u0105g artyku\u0142u pod materia\u0142em wideo<\/p>\n<p>Rosyjska armia atakowa\u0142a miasto dronami i pociskami balistycznymi. Alarm przeciwlotniczy obowi\u0105zywa\u0142 w ukrai\u0144skiej stolicy przez ca\u0142y poniedzia\u0142kowy wiecz\u00f3r, a p\u00f3\u017aniej by\u0142 kilkakrotnie og\u0142aszany w nocy.<\/p>\n<p><a href=\"https:\/\/www.onet.pl\/\" title=\"Strona G\u0142\u00f3wna\" aria-label=\"Strona G\u0142\u00f3wna\" data-astro-prefetch=\"tap\" class=\"ods-a-logo-main-desktop\" rel=\"nofollow noopener\" target=\"_blank\"><img src=\"https:\/\/cdn.wiadomosci.onet.pl\/img\/Logo_desktop_Onet.svg\" class=\"ods-a-logo-main-desktop__image\" alt=\"Logo\" width=\"107\" height=\"60\" fetchpriority=\"high\" decoding=\"sync\" style=\"height:60px\"\/><\/a><\/p>\n<p class=\"ods-m-google-article__text\">Czytaj nas cz\u0119\u015bciej w Google<\/p>\n<p><a href=\"https:\/\/google.com\/preferences\/source?q=wiadomosci.onet.pl\" target=\"_blank\" rel=\"noopener noreferrer nofollow\" aria-label=\"Dodaj w Google\" title=\"Dodaj w Google\" class=\"ods-a-button ods-a-button__primary ods-a-button__default ods-a-button-l\">Dodaj w Google<\/a><\/p>\n<p>\u2014 To najwi\u0119kszy atak rakietowy na Kij\u00f3w od jakiego\u015b czasu \u2014 powiedzia\u0142a Olga Rudenko, redaktor naczelna portalu Kyiv Independent.<\/p>\n<p>Szef administracji wojskowej obwodu kijowskiego, Tymur Tkaczenko, poinformowa\u0142, \u017ce w ataku w Boryspolu na obrze\u017cach Kijowa uszkodzony zosta\u0142 m.in. pi\u0119ciopi\u0119trowy budynek mieszkalny.<\/p>\n<p><img class=\"ods-a-photo ods-a-photo--background\" src=\"https:\/\/www.europesays.com\/pl\/wp-content\/uploads\/2026\/09\/dbBk9lBaHR0cHM6Ly9vY2RuLmV1L3B1bHNjbXMvTURBXy8xMmZkOTFiZDA0ZmI4ODMyNDQ2MTg1M2YyMzMxNjg3MS5qcGeRlQLNA.jpeg\" height=\"300\" width=\"450\" alt=\"Rados\u0142aw Sikorski\" loading=\"lazy\" fetchpriority=\"low\" decoding=\"async\"\/><\/p>\n<p>Wed\u0142ug Pa\u0144stwowej S\u0142u\u017cby ds. Sytuacji Nadzwyczajnych (DSNS) celem rosyjskiego ataku by\u0142a infrastruktura cywilna, w tym budynki mieszkalne w stolicy. DSNS doda\u0142a, \u017ce Rosjanie zaatakowali trzy dzielnice Kijowa.<\/p>\n<p>&#8222;Nocne ataki rakietowe na Kij\u00f3w by\u0142y celowo wymierzone w zajezdni\u0119 kolejow\u0105 i inne obiekty kolejowe. Atak balistyczny spowodowa\u0142 \u015bmier\u0107 siedmiu os\u00f3b, z czego sze\u015b\u0107 to nasi pracownicy. Jeden z naszych koleg\u00f3w przebywa w szpitalu z obra\u017ceniami \u2014 nasi ludzie s\u0105 przy nim i zapewniaj\u0105 mu wszelk\u0105 niezb\u0119dn\u0105 pomoc. Dziesi\u0105tkom os\u00f3b uda\u0142o si\u0119 schroni\u0107 w schronach, pomagamy im doj\u015b\u0107 do siebie&#8221; \u2014 poinformowa\u0142 na Facebooku prezes zarz\u0105du pa\u0144stwowego przewo\u017anika kolejowego Ukrzaliznycia, O\u0142eksandr Percowski.<\/p>\n","protected":false},"excerpt":{"rendered":"Lokalne w\u0142adze oraz ukrai\u0144skie media poinformowa\u0142y o licznych po\u017carach w ca\u0142ym mie\u015bcie; Kijowem wstrz\u0105sa\u0142y te\u017c liczne eksplozje. Dalszy&hellip;\n","protected":false},"author":2,"featured_media":659403,"comment_status":"","ping_status":"","sticky":false,"template":"","format":"standard","meta":{"footnotes":"","_share_on_mastodon":"0"},"categories":[14],"tags":[61195,32,33,27,76,34,35,28,31,48,25,46,40,41,47,80,29,30,415,26,408,82,83,84],"class_list":["post-659402","post","type-post","status-publish","format-standard","has-post-thumbnail","category-swiat","tag-bottomfeed_styl","tag-breaking-news","tag-breakingnews","tag-headlines","tag-inwazja_rosji_na_ukraine","tag-latest-news","tag-latestnews","tag-naglowki","tag-najwazniejsze-artykuly","tag-nat_styl","tag-news","tag-omp","tag-polish","tag-polski","tag-screening_general","tag-swiat","tag-top-stories","tag-topstories","tag-ukraina","tag-wiadomosci","tag-wladimir_putin","tag-world","tag-world-news","tag-worldnews"],"share_on_mastodon":{"url":"https:\/\/pubeurope.com\/@pl\/117194474690397339","error":""},"_links":{"self":[{"href":"https:\/\/www.europesays.com\/pl\/wp-json\/wp\/v2\/posts\/659402","targetHints":{"allow":["GET"]}}],"collection":[{"href":"https:\/\/www.europesays.com\/pl\/wp-json\/wp\/v2\/posts"}],"about":[{"href":"https:\/\/www.europesays.com\/pl\/wp-json\/wp\/v2\/types\/post"}],"author":[{"embeddable":true,"href":"https:\/\/www.europesays.com\/pl\/wp-json\/wp\/v2\/users\/2"}],"replies":[{"embeddable":true,"href":"https:\/\/www.europesays.com\/pl\/wp-json\/wp\/v2\/comments?post=659402"}],"version-history":[{"count":0,"href":"https:\/\/www.europesays.com\/pl\/wp-json\/wp\/v2\/posts\/659402\/revisions"}],"wp:featuredmedia":[{"embeddable":true,"href":"https:\/\/www.europesays.com\/pl\/wp-json\/wp\/v2\/media\/659403"}],"wp:attachment":[{"href":"https:\/\/www.europesays.com\/pl\/wp-json\/wp\/v2\/media?parent=659402"}],"wp:term":[{"taxonomy":"category","embeddable":true,"href":"https:\/\/www.europesays.com\/pl\/wp-json\/wp\/v2\/categories?post=659402"},{"taxonomy":"post_tag","embeddable":true,"href":"https:\/\/www.europesays.com\/pl\/wp-json\/wp\/v2\/tags?post=659402"}],"curies":[{"name":"wp","href":"https:\/\/api.w.org\/{rel}","templated":true}]}}