{"id":659404,"date":"2026-09-01T06:55:14","date_gmt":"2026-09-01T06:55:14","guid":{"rendered":"https:\/\/www.europesays.com\/pl\/659404\/"},"modified":"2026-09-01T06:55:14","modified_gmt":"2026-09-01T06:55:14","slug":"nastolatkowie-wjechali-pod-pociag-14-latek-nie-zyje-babcia-chlopca-wskazuje-na-jedno","status":"publish","type":"post","link":"https:\/\/www.europesays.com\/pl\/659404\/","title":{"rendered":"Nastolatkowie wjechali pod poci\u0105g. 14-latek nie \u017cyje. Babcia ch\u0142opca wskazuje na jedno"},"content":{"rendered":"<p><a href=\"https:\/\/www.google.com\/preferences\/source?q=o2.pl\" target=\"_blank\" rel=\"nofollow noopener\" class=\"preferred-source-banner\" id=\"preferred-source-banner\" data-vab-box=\"preferred_source_banner\"><\/p>\n<p class=\"preferred-source-banner-title\">Dodaj o2 &#8211; Blisko Ludzi jako preferowane \u017ar\u00f3d\u0142o w Google<\/p>\n<p class=\"preferred-source-banner-subtitle\">Nasze tre\u015bci b\u0119d\u0105 cz\u0119\u015bciej wy\u015bwietla\u0107 si\u0119 w Twoich wynikach Google<\/p>\n<p><\/a> <\/p>\n<p>Do wypadku dosz\u0142o w\u00a0niedziel\u0119 30\u00a0sierpnia, przed godz. 18, w\u00a0miejscowo\u015bci Jarz\u0119bia \u0141\u0105ka w\u00a0powiecie wo\u0142omi\u0144skim (woj. mazowieckie). Skuter, kt\u00f3rym jechali Sebastian i\u00a0Wiktoria, wjecha\u0142 na przejazd kolejowy bez rogatek i\u00a0\u015bwiate\u0142, wprost pod rozp\u0119dzony poci\u0105g relacji Ostro\u0142\u0119ka-T\u0142uszcz. Si\u0142a uderzenia roztrzaska\u0142a jedno\u015blad, a\u00a0oboje nastolatk\u00f3w odrzuci\u0142o do przydro\u017cnego rowu.<\/p>\n<p> <a href=\"https:\/\/www.o2.pl\/informacje\/seria-podpalen-w-legnicy-zleceniodawca-i-wykonawcy-w-rekach-policji-7324356989228097v\" class=\"teaser-inline\" rel=\"nofollow noopener\" target=\"_blank\">  <img decoding=\"async\" src=\"https:\/\/www.europesays.com\/pl\/wp-content\/uploads\/2026\/09\/OGU0LmpwYCY0UjpeXwxtM3cKbgQZVWNlIBJ2T19GfX9lSGMaAAM5aiBAIAIRE2ImJVliGgAfLCM7Hi8BHwIraGQJel1DTn12eAIv.jpeg\" loading=\"lazy\" class=\"wp-media-image cropped\" alt=\"Seria podpale\u0144 w Legnicy. Zleceniodawca i wykonawcy w r\u0119kach policji\"\/><\/p>\n<p>Seria podpale\u0144 w Legnicy. Zleceniodawca i wykonawcy w r\u0119kach policji<\/p>\n<p><\/a>  <\/p>\n<p>Na miejsce wezwano pogotowie, policj\u0119 i\u00a0stra\u017c po\u017carn\u0105. Ratownicy zastali ci\u0119\u017cko rann\u0105 13-latk\u0119 oraz ch\u0142opca bez oznak \u017cycia. Medycy przez d\u0142ugi czas reanimowali 14-latka, ale nie zdo\u0142ali go uratowa\u0107. Dziewczynk\u0119 przetransportowano do szpitala. Jej stan okre\u015blono jako ci\u0119\u017cki.<\/p>\n<p> <img role=\"presentation\" class=\"absolute left-1\/2 top-1\/2 max-h-[80%] max-w-[100px] -translate-x-1\/2 -translate-y-1\/2\" src=\"https:\/\/v.wpimg.pl\/ZXJfd3AudTkrBBIAbg54LGhcRlAxHQUrPgJGH2MAeGJoSQ1eIBI_K2UHAEVuBTY5KQMMXC0RPyoVERQdMgM9ejc\" loading=\"lazy\" decoding=\"async\"\/> <\/p>\n<p>Dziadkowie nastolatk\u00f3w w\u00a0rozmowie z\u00a0&#8222;Faktem&#8221; m\u00f3wi\u0105 o\u00a0ogromnym wstrz\u0105sie i\u00a0o\u00a0tym, jak blisk\u0105 wi\u0119\u017a mieli z\u00a0Sebastianem i\u00a0Wiktori\u0105.<\/p>\n<p> Sekundy od\u00a0tragedii w\u00a0Piotrkowie. 20-latek le\u017ca\u0142 na\u00a0torach  <\/p>\n<p>Pani Ewa, babcia nastolatk\u00f3w, relacjonowa\u0142a, \u017ce w\u00a0chwili wypadku przebywa\u0142a w\u00a0domu i\u00a0przygotowywa\u0142a dro\u017cd\u017c\u00f3wki, gdy dzieci bawi\u0142y si\u0119 na podw\u00f3rku. W\u00a0pewnym momencie mieli wsi\u0105\u015b\u0107 na skuter i\u00a0pojecha\u0107 w\u00a0stron\u0119 przejazdu. Kobieta dowiedzia\u0142a si\u0119 o\u00a0zdarzeniu dopiero po telefonie od s\u0105siadki i\u00a0natychmiast pobieg\u0142a na miejsce. Tam okaza\u0142o si\u0119, \u017ce poszkodowani to jej wnuki.<\/p>\n<p> <img role=\"presentation\" class=\"absolute left-1\/2 top-1\/2 max-h-[80%] max-w-[100px] -translate-x-1\/2 -translate-y-1\/2\" src=\"https:\/\/v.wpimg.pl\/ZXJfd3AudTkrBBIAbg54LGhcRlAxHQUrPgJGH2MAeGJoSQ1eIBI_K2UHAEVuBTY5KQMMXC0RPyoVERQdMgM9ejc\" loading=\"lazy\" decoding=\"async\"\/> <\/p>\n<p>Babcia podkre\u015bla, \u017ce od lat bra\u0142a na siebie du\u017c\u0105 cz\u0119\u015b\u0107 opieki nad dzie\u0107mi. Opowiada\u0142a, \u017ce wychowywa\u0142a wnuki od drugiego roku \u017cycia, odwozi\u0142a je do przedszkola i\u00a0szko\u0142y, gdy ich mamy pracowa\u0142y. Wspomina\u0142a te\u017c o\u00a0aktywno\u015bci i\u00a0zainteresowaniach nastolatk\u00f3w. Sebastian pomaga\u0142 dziadkowi i\u00a0szybko si\u0119 uczy\u0142, a\u00a0Wiktoria sporo trenuje i\u00a0zdobywa medale w\u00a0r\u00f3\u017cnych dyscyplinach.<\/p>\n<p>Wiktoria w ci\u0119\u017ckim stanie. Rodzina modli si\u0119 o jej zdrowie<\/p>\n<p>Rodzina przekaza\u0142a, \u017ce Wiktoria nadal walczy o\u00a0\u017cycie. Babcia m\u00f3wi\u0142a, \u017ce dziewczynka dozna\u0142a powa\u017cnych obra\u017ce\u0144, w\u00a0tym p\u0119kni\u0119cia miednicy i\u00a0z\u0142amania nogi, a\u00a0bliscy nie maj\u0105 pewno\u015bci, jakie b\u0119d\u0105 dalsze konsekwencje uraz\u00f3w.<\/p>\n<p> <a href=\"https:\/\/www.o2.pl\/informacje\/wiozl-dwie-nastolatki-wstrzasajacy-wypadek-na-lubelszczyznie-7322249721231840a\" class=\"teaser-inline\" rel=\"nofollow noopener\" target=\"_blank\">  <img decoding=\"async\" src=\"https:\/\/www.europesays.com\/pl\/wp-content\/uploads\/2026\/09\/ZDRiMjg4dSUzCztZSE94MHBTbwMOFnZmJ0t3SEgFaHxiEWIMDlg_NjcZIkQARi80Mx49RBdYdSUiAGIcVhs-LSEZIQseGz8pMAwp.jpeg\" loading=\"lazy\" class=\"wp-media-image cropped\" alt=\"Wi\u00f3z\u0142 dwie nastolatki. Wstrz\u0105saj\u0105cy wypadek na Lubelszczy\u017anie\"\/><\/p>\n<p>Wi\u00f3z\u0142 dwie nastolatki. Wstrz\u0105saj\u0105cy wypadek na Lubelszczy\u017anie<\/p>\n<p><\/a> <img role=\"presentation\" class=\"absolute left-1\/2 top-1\/2 max-h-[80%] max-w-[100px] -translate-x-1\/2 -translate-y-1\/2\" src=\"https:\/\/v.wpimg.pl\/ZXJfd3AudTkrBBIAbg54LGhcRlAxHQUrPgJGH2MAeGJoSQ1eIBI_K2UHAEVuBTY5KQMMXC0RPyoVERQdMgM9ejc\" loading=\"lazy\" decoding=\"async\"\/> <\/p>\n<p>Pani Ewa opisywa\u0142a te\u017c stan psychiczny rodziny po tragedii. &#8211; My ca\u0142y czas jeste\u015bmy na prochach, bo inaczej nie daliby\u015bmy rady funkcjonowa\u0107 &#8211; powiedzia\u0142a w\u00a0rozmowie z\u00a0&#8222;Faktem&#8221;<\/p>\n<p>Niestrze\u017cony przejazd kolejowy bez rogatek i \u015bwiate\u0142<\/p>\n<p>Bliscy nastolatk\u00f3w oraz mieszka\u0144cy zwracaj\u0105 uwag\u0119 na warunki na przeje\u017adzie kolejowym, gdzie dosz\u0142o do wypadku. Wed\u0142ug ich relacji to miejsce jest niestrze\u017cone, ma ograniczon\u0105 widoczno\u015b\u0107 i\u00a0nie ma ani rogatek, ani sygnalizacji \u015bwietlnej, mimo \u017ce regularnie przeje\u017cd\u017caj\u0105 tamt\u0119dy samochody.<\/p>\n<blockquote><p>&#8211; Gdyby ten przejazd by\u0142 strze\u017cony, do tej tragedii by nie dosz\u0142o &#8211; m\u00f3wi pani Ewa.<\/p><\/blockquote>\n<p> <img role=\"presentation\" class=\"absolute left-1\/2 top-1\/2 max-h-[80%] max-w-[100px] -translate-x-1\/2 -translate-y-1\/2\" src=\"https:\/\/v.wpimg.pl\/ZXJfd3AudTkrBBIAbg54LGhcRlAxHQUrPgJGH2MAeGJoSQ1eIBI_K2UHAEVuBTY5KQMMXC0RPyoVERQdMgM9ejc\" loading=\"lazy\" decoding=\"async\"\/> <\/p>\n<p>Mieszka\u0144cy twierdz\u0105 te\u017c, \u017ce wcze\u015bniej rozpocz\u0119to prace sugeruj\u0105ce planowane zmiany &#8211; mia\u0142y zosta\u0107 wykopane przewody i\u00a0zamontowana skrzynka, ale na tym si\u0119 sko\u0144czy\u0142o. <\/p>\n","protected":false},"excerpt":{"rendered":"Dodaj o2 &#8211; Blisko Ludzi jako preferowane \u017ar\u00f3d\u0142o w Google Nasze tre\u015bci b\u0119d\u0105 cz\u0119\u015bciej wy\u015bwietla\u0107 si\u0119 w Twoich&hellip;\n","protected":false},"author":2,"featured_media":659405,"comment_status":"","ping_status":"","sticky":false,"template":"","format":"standard","meta":{"footnotes":"","_share_on_mastodon":"0"},"categories":[12],"tags":[32,33,36,37,27,34,35,28,31,25,42,38,40,39,41,29,30,26],"class_list":["post-659404","post","type-post","status-publish","format-standard","has-post-thumbnail","category-polska","tag-breaking-news","tag-breakingnews","tag-featured-news","tag-featurednews","tag-headlines","tag-latest-news","tag-latestnews","tag-naglowki","tag-najwazniejsze-artykuly","tag-news","tag-pl","tag-poland","tag-polish","tag-polska","tag-polski","tag-top-stories","tag-topstories","tag-wiadomosci"],"share_on_mastodon":{"url":"https:\/\/pubeurope.com\/@pl\/117194478864281134","error":""},"_links":{"self":[{"href":"https:\/\/www.europesays.com\/pl\/wp-json\/wp\/v2\/posts\/659404","targetHints":{"allow":["GET"]}}],"collection":[{"href":"https:\/\/www.europesays.com\/pl\/wp-json\/wp\/v2\/posts"}],"about":[{"href":"https:\/\/www.europesays.com\/pl\/wp-json\/wp\/v2\/types\/post"}],"author":[{"embeddable":true,"href":"https:\/\/www.europesays.com\/pl\/wp-json\/wp\/v2\/users\/2"}],"replies":[{"embeddable":true,"href":"https:\/\/www.europesays.com\/pl\/wp-json\/wp\/v2\/comments?post=659404"}],"version-history":[{"count":0,"href":"https:\/\/www.europesays.com\/pl\/wp-json\/wp\/v2\/posts\/659404\/revisions"}],"wp:featuredmedia":[{"embeddable":true,"href":"https:\/\/www.europesays.com\/pl\/wp-json\/wp\/v2\/media\/659405"}],"wp:attachment":[{"href":"https:\/\/www.europesays.com\/pl\/wp-json\/wp\/v2\/media?parent=659404"}],"wp:term":[{"taxonomy":"category","embeddable":true,"href":"https:\/\/www.europesays.com\/pl\/wp-json\/wp\/v2\/categories?post=659404"},{"taxonomy":"post_tag","embeddable":true,"href":"https:\/\/www.europesays.com\/pl\/wp-json\/wp\/v2\/tags?post=659404"}],"curies":[{"name":"wp","href":"https:\/\/api.w.org\/{rel}","templated":true}]}}