{"id":659406,"date":"2026-09-01T06:56:18","date_gmt":"2026-09-01T06:56:18","guid":{"rendered":"https:\/\/www.europesays.com\/pl\/659406\/"},"modified":"2026-09-01T06:56:18","modified_gmt":"2026-09-01T06:56:18","slug":"nauczycielka-liczyla-ze-w-swietlicy-bedzie-krocej-pracowac-taka-jest-prawda","status":"publish","type":"post","link":"https:\/\/www.europesays.com\/pl\/659406\/","title":{"rendered":"Nauczycielka liczy\u0142a, \u017ce w \u015bwietlicy b\u0119dzie kr\u00f3cej pracowa\u0107. Taka jest prawda"},"content":{"rendered":"<p class=\"article-p\" data-section=\"detail-body\">Jedna z debiutuj\u0105cych w zawodzie nauczycielek zada\u0142a na grupie dyskusyjnej pytanie o to, czy mo\u017ce wcze\u015bniej wyj\u015b\u0107 do domu, je\u015bli rodzice odbior\u0105 ostatnie dziecko. Bardziej do\u015bwiadczeni pedagodzy nie maj\u0105 dobrych wiadomo\u015bci. Zwykle pracuje si\u0119 d\u0142u\u017cej. A nawet je\u015bli \u015bwietlica opustoszeje, potrzebna jest jeszcze zgoda dyrektora szko\u0142y. Jednak po kolei.<\/p>\n<p class=\"article-p\" data-section=\"detail-body\">Czytaj te\u017c: <a href=\"https:\/\/www.fakt.pl\/pieniadze\/czy-nauczyciel-moze-zabrac-telefon-uczniowi-wyjasniamy-nowe-przepisy\/4blgz2b\" id=\"a466daf6-3b50-459a-afb2-26fbf51eb2c5\" rel=\"nofollow noopener\" target=\"_blank\">Rewolucja w szko\u0142ach od wrze\u015bnia. Za z\u0142amanie gro\u017c\u0105 kary<\/a><\/p>\n<p>        Dalszy ci\u0105g artyku\u0142u pod materia\u0142em wideo <\/p>\n<p class=\"article-p\" data-section=\"detail-body\">&#8222;Hej, od wrze\u015bnia zaczynam prac\u0119 w \u015bwietlicy na pe\u0142en etat. Czy je\u015bli mam pracowa\u0107 do 17, czyli do ko\u0144ca godzin funkcjonowania \u015bwietlicy, ale ostatnie dziecko wyjdzie na przyk\u0142ad o godz. 16:30, to czy wtedy ja te\u017c mog\u0119 i\u015b\u0107 do domu, czy musz\u0119 siedzie\u0107 do tej 17? Jak to jest zazwyczaj?&#8221; \u2014 zapyta\u0142a nauczycielka w mediach spo\u0142eczno\u015bciowych.<\/p>\n<p class=\"article-p\" data-section=\"detail-body\">Wydawa\u0142oby si\u0119, \u017ce skoro plac\u00f3wka pustoszeje, to praca dobieg\u0142a ko\u0144ca. Do\u015bwiadczeni pedagodzy szybko sprowadzili j\u0105 na ziemi\u0119. <\/p>\n<p class=\"article-p\" data-section=\"detail-body\">Czytaj te\u017c: <a href=\"https:\/\/www.fakt.pl\/pieniadze\/wiadomosci-do-nauczyciela-po-godzinach-pracy-co-zmieni-sie-od-1-wrzesnia\/vb4tx9w\" id=\"25788ec7-7a4e-41d1-b8a6-6fbcb7abda83\" rel=\"nofollow noopener\" target=\"_blank\">Rodzice ju\u017c nie napisz\u0105 do nauczyciela w nocy czy weekend. Zmiany w szko\u0142ach<\/a><\/p>\n<p>        Nauczyciele ostrzegaj\u0105: &#8222;M\u00f3dl si\u0119, by nikt nie zostawa\u0142 do 17:15&#8221;<\/p>\n<p class=\"article-p\" data-section=\"detail-body\">W komentarzach pod postem wywi\u0105za\u0142a si\u0119 gor\u0105ca dyskusja. Wi\u0119kszo\u015b\u0107 nauczycieli zgodnie przyzna\u0142a, \u017ce nadzieje na wcze\u015bniejsze wyj\u015bcie ze szko\u0142y s\u0105 najcz\u0119\u015bciej p\u0142onne, a rzeczywisto\u015b\u0107 w \u015bwietlicach bywa zupe\u0142nie inna.<\/p>\n<p class=\"article-p\" data-section=\"detail-body\">&#8222;Raczej si\u0119 m\u00f3dl, \u017ceby nikt nie zostawa\u0142 do 17:15 czy 17:30&#8221; \u2014 napisa\u0142 kr\u00f3tko jeden z internaut\u00f3w, zwracaj\u0105c uwag\u0119 na nagminny problem wiecznie sp\u00f3\u017aniaj\u0105cych si\u0119 rodzic\u00f3w.<\/p>\n<p class=\"article-p\" data-section=\"detail-body\">\u2014 Zazwyczaj zawsze kt\u00f3re\u015b dziecko jest do punktu zamkni\u0119cia \u015bwietlicy. Albo i d\u0142u\u017cej \u2014 zauwa\u017ca inny nauczyciel.<\/p>\n<p class=\"article-p\" data-section=\"detail-body\">&#8222;Przez rok pracy na \u015bwietlicy tylko dwa razy wysz\u0142am jako\u015b o 16:40, za to wiele razy zdarzy\u0142o si\u0119, \u017ce siedzia\u0142am 17:00-17:15, bo korki, bo co\u015b tam&#8221; \u2014 wspomina kolejna nauczycielka<\/p>\n<p class=\"article-p\" data-section=\"detail-body\">&#8222;Niekt\u00f3rzy zostawiliby dzieci nawet na noc, gdyby by\u0142a taka mo\u017cliwo\u015b\u0107&#8221; \u2014 dodaje k\u0105\u015bliwie inny uczestnik dyskusji.<\/p>\n<p class=\"article-p\" data-section=\"detail-body\">Pojawi\u0142y si\u0119 te\u017c g\u0142osy pokazuj\u0105ce drug\u0105 stron\u0119 medalu \u2014 w niekt\u00f3rych szko\u0142ach panuj\u0105 elastyczne zasady: &#8222;U mnie jest niepisana zasada: nie masz dzieci po 16:00, to mo\u017cesz i\u015b\u0107. Ale wszystko zale\u017cy od dyrektora&#8221;.<\/p>\n<p>        Czas pracy nauczycieli? Samowolka mo\u017ce s\u0142ono kosztowa\u0107<\/p>\n<p class=\"article-p\" data-section=\"detail-body\">Nauczyciel \u015bwietlicy jest zatrudniony w oparciu o Kart\u0119 Nauczyciela oraz wewn\u0119trzny regulamin danej szko\u0142y. Czas pracy w \u015bwietlicy to tzw. pensum (godziny przy tablicy\/godziny bezpo\u015bredniej pracy z dzie\u0107mi), kt\u00f3re wynosi standardowo 26 godzin tygodniowo.<\/p>\n<p class=\"article-p\" data-section=\"detail-body\">Nawet je\u015bli w \u015bwietlicy nie ma dzieci, nauczyciel w godzinach wyznaczonych w grafiku (np. do godz. 17) pozostaje w stanie gotowo\u015bci do pracy. Oznacza to, \u017ce dziecko mo\u017ce zosta\u0107 przyprowadzone do \u015bwietlicy np. o 16:50 (np. po zaj\u0119ciach dodatkowych czy treningu).<\/p>\n<p class=\"article-p\" data-section=\"detail-body\">Jeden z komentuj\u0105cych zwr\u00f3ci\u0142 uwag\u0119 na inny aspekt sprawy: &#8222;Masz w planie prac\u0119 do 17:00, wychodzisz bez uzgodnienia o 16:35 i, nie daj Bo\u017ce, po drodze co\u015b Ci si\u0119 stanie \u2014 np. potr\u0105ci Ci\u0119 samoch\u00f3d. Wtedy pojawia si\u0119 pytanie, dlaczego o tej godzinie by\u0142a\u015b poza miejscem pracy. Bez zgody dyrekcji wychodzi\u0107 nie wolno&#8221;. W razie wypadku brak obecno\u015bci w godzinach pracy bez wiedzy prze\u0142o\u017conego rodzi potencjalne problemy.<\/p>\n<p>        &#8222;Jak wyj\u015b\u0107 do toalety?&#8221; Nauczyciele ods\u0142aniaj\u0105 kulisy pracy w szkole<\/p>\n<p class=\"article-p\" data-section=\"detail-body\">W\u0105tek rzekomego &#8222;wolnego czasu&#8221; w \u015bwietlicy sprowokowa\u0142 internaut\u00f3w do poruszenia kolejnego trudnego tematu \u2014 braku zast\u0119pstw i mo\u017cliwo\u015bci za\u0142atwienia podstawowych potrzeb fizjologicznych.<\/p>\n<p class=\"article-p\" data-section=\"detail-body\">Jedna z os\u00f3b zapyta\u0142a, czy nauczyciel ma chocia\u017c chwil\u0119, by wyj\u015b\u0107 do toalety.<\/p>\n<p class=\"article-p\" data-section=\"detail-body\">&#8222;Nie ma jak. Jak grupa by\u0142a ogarni\u0119ta, to lecia\u0142am do WC podczas wyj\u015bcia na dw\u00f3r, jak dzieci si\u0119 ubiera\u0142y, i prosi\u0142am pani\u0105 wo\u017an\u0105, aby zerkn\u0119\u0142a. Albo podczas pobytu na sto\u0142\u00f3wce. A tak to&#8230; trzymasz do ko\u0144ca&#8221; \u2014 wyznaje szczerze jedna z nauczycielek.<\/p>\n<p class=\"article-p\" data-section=\"detail-body\"><a href=\"https:\/\/www.fakt.pl\/pieniadze\/men-ogranicza-lekcje-religii-do-jednej-godziny-biskupi-apeluja-o-zmiany\/xnx01pd\" id=\"45972fe4-9911-4b77-b930-9b286641a487\" rel=\"nofollow noopener\" target=\"_blank\">Nowy rok szkolny, nowe zasady. Wa\u017cna zmiana dla uczni\u00f3w<\/a><\/p>\n<p class=\"article-p\" data-section=\"detail-body\"><a href=\"https:\/\/www.fakt.pl\/pieniadze\/pieniadze-na-ucznia-oprocz-300-plus-te-swiadczenia-przysluguja-w-tym-roku\/rhp67g8\" id=\"df4aa030-7e64-4049-b58a-50e32e9f0773\" rel=\"nofollow noopener\" target=\"_blank\">300 plus to za ma\u0142o? Sprawd\u017a, sk\u0105d jeszcze wzi\u0105\u0107 pieni\u0105dze na szko\u0142\u0119<\/a><\/p>\n<p class=\"article-p\" data-section=\"detail-body\"><a href=\"https:\/\/www.fakt.pl\/pieniadze\/nauczyciele-wyszli-przed-krpm-jest-nowa-propozycja-w-sprawie-podwyzek\/72xy4f6\" id=\"8556b10c-6c37-4ab5-94cb-266fafe14226\" rel=\"nofollow noopener\" target=\"_blank\">Rz\u0105d da nauczycielom wi\u0119cej. Ci jednak \u017c\u0105daj\u0105 zasadniczej zmiany<\/a><\/p>\n<p>        \/1<\/p>\n<p>                    <img decoding=\"async\" class=\"article-image-img\" loading=\"lazy\" alt=\"\" src=\"https:\/\/www.europesays.com\/pl\/wp-content\/uploads\/2026\/09\/ovTk9kuTURBXy9iOTMxNDI5OC01NGNlLTQwYzgtOGUwNC1jNmI1MWMxMDVhYzUuanBlZ5GTAs0DSM0CW94AAqEwAaExAQ.jpeg\" width=\"840\" height=\"603\"\/><\/p>\n<p>                  Deprecated_Krzysztof Matuszy\u0144ski \/ Edytor<\/p>\n<p class=\"article-gallery-p\">\n        \u015awietlice szkolne zwykle czynne s\u0105 do godz. 17. Cz\u0119sto jednak rodzice sp\u00f3\u017aniaj\u0105 si\u0119, zw\u0142aszcza w du\u017cych miastach jest to norm\u0105, np. z uwagi na korki na ulicach.\n    <\/p>\n","protected":false},"excerpt":{"rendered":"Jedna z debiutuj\u0105cych w zawodzie nauczycielek zada\u0142a na grupie dyskusyjnej pytanie o to, czy mo\u017ce wcze\u015bniej wyj\u015b\u0107 do&hellip;\n","protected":false},"author":2,"featured_media":659407,"comment_status":"","ping_status":"","sticky":false,"template":"","format":"standard","meta":{"footnotes":"","_share_on_mastodon":"0"},"categories":[5],"tags":[32,33,36,37,27,34,35,28,31,25,42,38,40,39,41,29,30,26],"class_list":["post-659406","post","type-post","status-publish","format-standard","has-post-thumbnail","category-naglowki","tag-breaking-news","tag-breakingnews","tag-featured-news","tag-featurednews","tag-headlines","tag-latest-news","tag-latestnews","tag-naglowki","tag-najwazniejsze-artykuly","tag-news","tag-pl","tag-poland","tag-polish","tag-polska","tag-polski","tag-top-stories","tag-topstories","tag-wiadomosci"],"share_on_mastodon":{"url":"https:\/\/pubeurope.com\/@pl\/117194483687156777","error":""},"_links":{"self":[{"href":"https:\/\/www.europesays.com\/pl\/wp-json\/wp\/v2\/posts\/659406","targetHints":{"allow":["GET"]}}],"collection":[{"href":"https:\/\/www.europesays.com\/pl\/wp-json\/wp\/v2\/posts"}],"about":[{"href":"https:\/\/www.europesays.com\/pl\/wp-json\/wp\/v2\/types\/post"}],"author":[{"embeddable":true,"href":"https:\/\/www.europesays.com\/pl\/wp-json\/wp\/v2\/users\/2"}],"replies":[{"embeddable":true,"href":"https:\/\/www.europesays.com\/pl\/wp-json\/wp\/v2\/comments?post=659406"}],"version-history":[{"count":0,"href":"https:\/\/www.europesays.com\/pl\/wp-json\/wp\/v2\/posts\/659406\/revisions"}],"wp:featuredmedia":[{"embeddable":true,"href":"https:\/\/www.europesays.com\/pl\/wp-json\/wp\/v2\/media\/659407"}],"wp:attachment":[{"href":"https:\/\/www.europesays.com\/pl\/wp-json\/wp\/v2\/media?parent=659406"}],"wp:term":[{"taxonomy":"category","embeddable":true,"href":"https:\/\/www.europesays.com\/pl\/wp-json\/wp\/v2\/categories?post=659406"},{"taxonomy":"post_tag","embeddable":true,"href":"https:\/\/www.europesays.com\/pl\/wp-json\/wp\/v2\/tags?post=659406"}],"curies":[{"name":"wp","href":"https:\/\/api.w.org\/{rel}","templated":true}]}}