{"id":659452,"date":"2026-09-01T07:24:13","date_gmt":"2026-09-01T07:24:13","guid":{"rendered":"https:\/\/www.europesays.com\/pl\/659452\/"},"modified":"2026-09-01T07:24:13","modified_gmt":"2026-09-01T07:24:13","slug":"tego-nikt-nie-chcial-zobaczyc-incydent-na-plywalni-w-ostrolece","status":"publish","type":"post","link":"https:\/\/www.europesays.com\/pl\/659452\/","title":{"rendered":"&#8222;Tego nikt nie chcia\u0142 zobaczy\u0107&#8221;. Incydent na p\u0142ywalni w Ostro\u0142\u0119ce"},"content":{"rendered":"<p>&#8222;Tego nikt nie chcia\u0142 zobaczy\u0107 na basenie&#8221; &#8211; pisze serwis moja-ostroleka.pl. Przekazano jednocze\u015bnie, \u017ce po incydencie wymiotnym z\u00a0u\u017cytkowania wy\u0142\u0105czono nieck\u0119 basenu rekreacyjnego.<\/p>\n<p>Miejski O\u015brodek Sportu i\u00a0Rekreacji w\u00a0Ostro\u0142\u0119ce (MOSiR) wyda\u0142 komunikat, w\u00a0kt\u00f3rym wyja\u015bni\u0142, \u017ce decyzja o\u00a0zamkni\u0119ciu cz\u0119\u015bci basenu zosta\u0142a podj\u0119ta zgodnie z\u00a0obowi\u0105zuj\u0105cymi przepisami dotycz\u0105cymi jako\u015bci wody na p\u0142ywalniach. <\/p>\n<p>Kiedy basen ponownie b\u0119dzie dzia\u0142a\u0142 bez \u017cadnych ogranicze\u0144?<\/p>\n<p>Niestety, tego typu incydenty niekiedy zdarzaj\u0105 si\u0119 na basenach. Wymagaj\u0105 one konkretnych dzia\u0142a\u0144 w\u0142a\u015bcicieli obiekt\u00f3w, kt\u00f3rych celem jest zapewnienie bezpiecze\u0144stwa u\u017cytkownik\u00f3w p\u0142ywalni. <\/p>\n","protected":false},"excerpt":{"rendered":"&#8222;Tego nikt nie chcia\u0142 zobaczy\u0107 na basenie&#8221; &#8211; pisze serwis moja-ostroleka.pl. Przekazano jednocze\u015bnie, \u017ce po incydencie wymiotnym z\u00a0u\u017cytkowania&hellip;\n","protected":false},"author":2,"featured_media":659453,"comment_status":"","ping_status":"","sticky":false,"template":"","format":"standard","meta":{"footnotes":"","_share_on_mastodon":"0"},"categories":[12],"tags":[32,33,36,37,27,34,35,28,31,25,42,38,40,39,41,29,30,26],"class_list":["post-659452","post","type-post","status-publish","format-standard","has-post-thumbnail","category-polska","tag-breaking-news","tag-breakingnews","tag-featured-news","tag-featurednews","tag-headlines","tag-latest-news","tag-latestnews","tag-naglowki","tag-najwazniejsze-artykuly","tag-news","tag-pl","tag-poland","tag-polish","tag-polska","tag-polski","tag-top-stories","tag-topstories","tag-wiadomosci"],"share_on_mastodon":{"url":"https:\/\/pubeurope.com\/@pl\/117194592385715103","error":""},"_links":{"self":[{"href":"https:\/\/www.europesays.com\/pl\/wp-json\/wp\/v2\/posts\/659452","targetHints":{"allow":["GET"]}}],"collection":[{"href":"https:\/\/www.europesays.com\/pl\/wp-json\/wp\/v2\/posts"}],"about":[{"href":"https:\/\/www.europesays.com\/pl\/wp-json\/wp\/v2\/types\/post"}],"author":[{"embeddable":true,"href":"https:\/\/www.europesays.com\/pl\/wp-json\/wp\/v2\/users\/2"}],"replies":[{"embeddable":true,"href":"https:\/\/www.europesays.com\/pl\/wp-json\/wp\/v2\/comments?post=659452"}],"version-history":[{"count":0,"href":"https:\/\/www.europesays.com\/pl\/wp-json\/wp\/v2\/posts\/659452\/revisions"}],"wp:featuredmedia":[{"embeddable":true,"href":"https:\/\/www.europesays.com\/pl\/wp-json\/wp\/v2\/media\/659453"}],"wp:attachment":[{"href":"https:\/\/www.europesays.com\/pl\/wp-json\/wp\/v2\/media?parent=659452"}],"wp:term":[{"taxonomy":"category","embeddable":true,"href":"https:\/\/www.europesays.com\/pl\/wp-json\/wp\/v2\/categories?post=659452"},{"taxonomy":"post_tag","embeddable":true,"href":"https:\/\/www.europesays.com\/pl\/wp-json\/wp\/v2\/tags?post=659452"}],"curies":[{"name":"wp","href":"https:\/\/api.w.org\/{rel}","templated":true}]}}