{"id":659454,"date":"2026-09-01T07:25:13","date_gmt":"2026-09-01T07:25:13","guid":{"rendered":"https:\/\/www.europesays.com\/pl\/659454\/"},"modified":"2026-09-01T07:25:13","modified_gmt":"2026-09-01T07:25:13","slug":"chcial-ukarac-pacjenta-pielegniarz-z-zarzutem-proby-zabojstwa","status":"publish","type":"post","link":"https:\/\/www.europesays.com\/pl\/659454\/","title":{"rendered":"Chcia\u0142 &#8222;ukara\u0107&#8221; pacjenta. Piel\u0119gniarz z zarzutem pr\u00f3by zab\u00f3jstwa"},"content":{"rendered":"<p><a href=\"https:\/\/www.google.com\/preferences\/source?q=wiadomosci.wp.pl\" target=\"_blank\" rel=\"nofollow noopener\" class=\"preferred-source-banner\" id=\"preferred-source-banner\" data-vab-box=\"preferred_source_banner\"><\/p>\n<p class=\"preferred-source-banner-title\">Dodaj WP Wiadomo\u015bci jako preferowane \u017ar\u00f3d\u0142o w Google<\/p>\n<p class=\"preferred-source-banner-subtitle\">Nasze tre\u015bci b\u0119d\u0105 cz\u0119\u015bciej wy\u015bwietla\u0107 si\u0119 w Twoich wynikach Google<\/p>\n<p><\/a> <\/p>\n<p>Najwa\u017cniejsze informacje:<\/p>\n<ul>\n<li>Do ataku na pacjenta dosz\u0142o 18\u00a0sierpnia w\u00a0Dolno\u015bl\u0105skim Szpitalu Specjalistycznym im. T. Marciniaka we Wroc\u0142awiu. Wed\u0142ug nieoficjalnych informacji lokalnych medi\u00f3w zatrudniony od niedawna piel\u0119gniarz chcia\u0142 w\u00a0ten spos\u00f3b &#8222;ukara\u0107&#8221; chorego.<\/li>\n<li>M\u0119\u017cczyzna zosta\u0142 przy\u0142apany na gor\u0105cym uczynku przez personel medyczny. Ochrona plac\u00f3wki natychmiast uj\u0119\u0142a sprawc\u0119 i\u00a0przekaza\u0142a go w\u00a0r\u0119ce wezwanych na miejsce funkcjonariuszy policji.<\/li>\n<li>Asesorka wroc\u0142awskiej prokuratury potwierdzi\u0142a oficjalnie, \u017ce Piotr P. us\u0142ysza\u0142 ju\u017c zarzuty. Zatrzymany piel\u0119gniarz zosta\u0142 na wniosek \u015bledczych tymczasowo aresztowany.<\/li>\n<\/ul>\n<p>Do niebezpiecznego zdarzenia dosz\u0142o 18\u00a0sierpnia na Oddziale Neurologii z\u00a0Pododdzia\u0142em Udarowym w\u00a0Dolno\u015bl\u0105skim Szpitalu Specjalistycznym im. T. Marciniaka przy ulicy Fieldorfa we Wroc\u0142awiu. Dziennikarze &#8222;Gazety Wroc\u0142awskiej&#8221; poinformowali nieoficjalnie, \u017ce zatrudniony od niedawna piel\u0119gniarz Piotr P. pr\u00f3bowa\u0142 &#8222;ukara\u0107&#8221; jednego z\u00a0pacjent\u00f3w, podduszaj\u0105c go poduszk\u0105.<\/p>\n<p> <img role=\"presentation\" class=\"absolute left-1\/2 top-1\/2 max-h-[80%] max-w-[100px] -translate-x-1\/2 -translate-y-1\/2\" src=\"https:\/\/v.wpimg.pl\/ZXJfd3AudTkrBBIAbg54LGhcRlAxHQUrPgJGH2MAeGJoSQ1eIBI_K2UHAEVuBTY5KQMMXC0RPyoVERQdMgM9ejc\" loading=\"lazy\" decoding=\"async\"\/> <a href=\"https:\/\/wiadomosci.wp.pl\/31-latka-znecala-sie-nad-5-miesiecznym-synem-zrobila-cos-bardzo-zlego-7324441777047616a\" class=\"teaser-inline\" rel=\"nofollow noopener\" target=\"_blank\">  <img decoding=\"async\" src=\"https:\/\/www.europesays.com\/pl\/wp-content\/uploads\/2026\/09\/YzIwZTMwdhsoFSxnYgx7DmtNeD0kVXVYPFVgdmJGa0J5D3UyJBs8CCwHNXoqBSwKKAAqej0bdhs5HnUifFg9EzoHNjU0WDwXKxI-.jpeg\" loading=\"lazy\" class=\"wp-media-image cropped\" alt=\"31-latka zn\u0119ca\u0142a si\u0119 nad 5-miesi\u0119cznym synem. &quot;Zrobi\u0142a co\u015b bardzo z\u0142ego&quot;\"\/><\/p>\n<p>31-latka zn\u0119ca\u0142a si\u0119 nad 5-miesi\u0119cznym synem. &#8222;Zrobi\u0142a co\u015b bardzo z\u0142ego&#8221;<\/p>\n<p><\/a> <\/p>\n<p>O\u00a0dalszym losie m\u0119\u017cczyzny zadecydowali \u015bledczy, kt\u00f3rzy przej\u0119li spraw\u0119 po interwencji na terenie plac\u00f3wki. &#8211; Piotrowi P. postawiono zarzut usi\u0142owania zab\u00f3jstwa &#8211; potwierdzi\u0142a na \u0142amach &#8222;Gazety Wroc\u0142awskiej&#8221; asesorka Prokuratury Rejonowej Wroc\u0142aw-Fabryczna.<\/p>\n<p>Wiadomo r\u00f3wnie\u017c, \u017ce w\u00a0wyniku prowadzonych czynno\u015bci podejrzany o\u00a0atak pracownik zosta\u0142 ju\u017c tymczasowo aresztowany.<\/p>\n<p> <img role=\"presentation\" class=\"absolute left-1\/2 top-1\/2 max-h-[80%] max-w-[100px] -translate-x-1\/2 -translate-y-1\/2\" src=\"https:\/\/v.wpimg.pl\/ZXJfd3AudTkrBBIAbg54LGhcRlAxHQUrPgJGH2MAeGJoSQ1eIBI_K2UHAEVuBTY5KQMMXC0RPyoVERQdMgM9ejc\" loading=\"lazy\" decoding=\"async\"\/> <\/p>\n<p>Czytaj tak\u017ce: <a href=\"https:\/\/wiadomosci.wp.pl\/napil-sie-z-butelki-w-aucie-i-zmarl-policja-aresztowala-jego-brata-7324462157834272a\" rel=\"noopener noreferrer nofollow\" target=\"_blank\">Napi\u0142 si\u0119 z\u00a0butelki w\u00a0aucie i\u00a0zmar\u0142. Policja aresztowa\u0142a jego brata<\/a><\/p>\n<p>O\u015bwiadczenie wroc\u0142awskiego szpitala. Sprawca uj\u0119ty przez ochron\u0119<\/p>\n<p>Przedstawiciele lokalnego dziennika zwr\u00f3cili si\u0119 o\u00a0oficjalny komentarz do w\u0142adz plac\u00f3wki. Pe\u0142ni\u0105ca obowi\u0105zki dyrektora szpitala Katarzyna Kapu\u015bci\u0144ska przekaza\u0142a o\u015bwiadczenie wskazuj\u0105ce, \u017ce napastnik zosta\u0142 z\u0142apany na gor\u0105cym uczynku przez innych pracownik\u00f3w oddzia\u0142u.<\/p>\n<p> <a href=\"https:\/\/wiadomosci.wp.pl\/12-latka-miala-pasc-ofiara-ataku-w-tle-grozby-i-czynnosc-seksualna-7324479198836800a\" class=\"teaser-inline\" rel=\"nofollow noopener\" target=\"_blank\">  <img decoding=\"async\" src=\"https:\/\/www.europesays.com\/pl\/wp-content\/uploads\/2026\/09\/MGQwYjEyYiYwFS9ZagJvM3NNewMsW2FlJFVjSGpIf39hD3YMLBUoNTQHNkQiCzg3MAApRDUVYiYhHnYcdFYpLiIHNQs8VigqMxI9.jpeg\" loading=\"lazy\" class=\"wp-media-image cropped\" alt=\"12-latka mia\u0142a pa\u015b\u0107 ofiar\u0105 ataku. W tle &quot;czynno\u015b\u0107 seksualna&quot;\"\/><\/p>\n<p>12-latka mia\u0142a pa\u015b\u0107 ofiar\u0105 ataku. W tle &#8222;czynno\u015b\u0107 seksualna&#8221;<\/p>\n<p><\/a> <img role=\"presentation\" class=\"absolute left-1\/2 top-1\/2 max-h-[80%] max-w-[100px] -translate-x-1\/2 -translate-y-1\/2\" src=\"https:\/\/v.wpimg.pl\/ZXJfd3AudTkrBBIAbg54LGhcRlAxHQUrPgJGH2MAeGJoSQ1eIBI_K2UHAEVuBTY5KQMMXC0RPyoVERQdMgM9ejc\" loading=\"lazy\" decoding=\"async\"\/> <\/p>\n<p>&#8222;O zdarzeniu niezw\u0142ocznie poinformowano policj\u0119, a\u00a0osoba podejrzewana o\u00a0dokonanie czynu zosta\u0142a uj\u0119ta przez s\u0142u\u017cb\u0119 ochrony obiektu na terenie szpitala w\u00a0celu przekazania jej wezwanej policji&#8221; &#8211; poinformowa\u0142a Kapu\u015bci\u0144ska.<\/p>\n<p>Z\u00a0uwagi na trwaj\u0105ce obecnie post\u0119powanie prokuratorskie dyrekcja wroc\u0142awskiego szpitala zaznaczy\u0142a, \u017ce nie mo\u017ce na tym etapie przekazywa\u0107 \u017cadnych dalszych informacji dotycz\u0105cych szczeg\u00f3\u0142owych okoliczno\u015bci zdarzenia oraz przebiegu prowadzonego \u015bledztwa.<\/p>\n","protected":false},"excerpt":{"rendered":"Dodaj WP Wiadomo\u015bci jako preferowane \u017ar\u00f3d\u0142o w Google Nasze tre\u015bci b\u0119d\u0105 cz\u0119\u015bciej wy\u015bwietla\u0107 si\u0119 w Twoich wynikach Google&hellip;\n","protected":false},"author":2,"featured_media":659455,"comment_status":"","ping_status":"","sticky":false,"template":"","format":"standard","meta":{"footnotes":"","_share_on_mastodon":"0"},"categories":[5],"tags":[32,33,36,37,27,34,35,28,31,25,42,38,40,39,41,29,30,26],"class_list":["post-659454","post","type-post","status-publish","format-standard","has-post-thumbnail","category-naglowki","tag-breaking-news","tag-breakingnews","tag-featured-news","tag-featurednews","tag-headlines","tag-latest-news","tag-latestnews","tag-naglowki","tag-najwazniejsze-artykuly","tag-news","tag-pl","tag-poland","tag-polish","tag-polska","tag-polski","tag-top-stories","tag-topstories","tag-wiadomosci"],"share_on_mastodon":{"url":"https:\/\/pubeurope.com\/@pl\/117194598131461335","error":""},"_links":{"self":[{"href":"https:\/\/www.europesays.com\/pl\/wp-json\/wp\/v2\/posts\/659454","targetHints":{"allow":["GET"]}}],"collection":[{"href":"https:\/\/www.europesays.com\/pl\/wp-json\/wp\/v2\/posts"}],"about":[{"href":"https:\/\/www.europesays.com\/pl\/wp-json\/wp\/v2\/types\/post"}],"author":[{"embeddable":true,"href":"https:\/\/www.europesays.com\/pl\/wp-json\/wp\/v2\/users\/2"}],"replies":[{"embeddable":true,"href":"https:\/\/www.europesays.com\/pl\/wp-json\/wp\/v2\/comments?post=659454"}],"version-history":[{"count":0,"href":"https:\/\/www.europesays.com\/pl\/wp-json\/wp\/v2\/posts\/659454\/revisions"}],"wp:featuredmedia":[{"embeddable":true,"href":"https:\/\/www.europesays.com\/pl\/wp-json\/wp\/v2\/media\/659455"}],"wp:attachment":[{"href":"https:\/\/www.europesays.com\/pl\/wp-json\/wp\/v2\/media?parent=659454"}],"wp:term":[{"taxonomy":"category","embeddable":true,"href":"https:\/\/www.europesays.com\/pl\/wp-json\/wp\/v2\/categories?post=659454"},{"taxonomy":"post_tag","embeddable":true,"href":"https:\/\/www.europesays.com\/pl\/wp-json\/wp\/v2\/tags?post=659454"}],"curies":[{"name":"wp","href":"https:\/\/api.w.org\/{rel}","templated":true}]}}