{"id":659486,"date":"2026-09-01T07:50:18","date_gmt":"2026-09-01T07:50:18","guid":{"rendered":"https:\/\/www.europesays.com\/pl\/659486\/"},"modified":"2026-09-01T07:50:18","modified_gmt":"2026-09-01T07:50:18","slug":"magdalena-frech-i-magda-linette-wkraczaja-do-gry-na-us-open-przeglad-sportowy","status":"publish","type":"post","link":"https:\/\/www.europesays.com\/pl\/659486\/","title":{"rendered":"Magdalena Fr\u0119ch i Magda Linette wkraczaj\u0105 do gry na US Open &#8211; Przegl\u0105d Sportowy"},"content":{"rendered":"<ol>\n<li><a href=\"https:\/\/news.google.com\/rss\/articles\/CBMitAFBVV95cUxOZWZ6X2hjenRfcmhrZ09GWk16ZEJpbWhBUndDeTdBRjhWVFFlWkd5WHQ1M1B2T2tzNF9hbkdLNWdEdW9nZWdSeFBjMWRxZE1sQ21JWkpFSVpVb1lISWVEbHFDbnFteFFST3RuTlg2YjctSDVhTzVCYUQxdDFoNEpRZm5nVXQ1WHZrOF8wQWRZaUhBZnBoQ0QwcHVCa0FsaEFnUFZ0V2VZazZ5ck1sREtWdTV5VEo?oc=5\" target=\"_blank\" rel=\"nofollow noopener\">Magdalena Fr\u0119ch i Magda Linette wkraczaj\u0105 do gry na US Open<\/a>&nbsp;&nbsp;Przegl\u0105d Sportowy<\/li>\n<li><a href=\"https:\/\/news.google.com\/rss\/articles\/CBMi_gFBVV95cUxQNXc5RkVLWUZwSjR1Y0szbDRjUzdDSURodndaLWQxSC1UNGVuNEpvS08ydlN6Q0FZV3BNYnF1SmlrbW1wLUYxSWcxYVNPLUFfQjBrV2xsOVY5ZW4xa3hlMG9IeUdqdzZHanctb1VGd3dsdzRuYVJiRUJId1d2U1g4R0RZdjhSU3FQbTJLakpHU1FiNEd2aTFxeGVmWXhzS2N5T2pCZ2NBOHcyRmZZTFM1TllzbE5HZVBQTnNsUnZtaGJ6VXpXUmcwZmlyTDdXM0JxOUhMd0Z3ajZ2bllVRmZsV0pNbGxMZUc4TmQxVlMwZ1haZXhmc3ZIcWJkN09rZw?oc=5\" target=\"_blank\" rel=\"nofollow noopener\">Dwie Polki w akcji. Plan transmisji 3. dnia US Open<\/a>&nbsp;&nbsp;Eurosport Polska<\/li>\n<li><a href=\"https:\/\/news.google.com\/rss\/articles\/CBMitgFBVV95cUxPX0p3T3FvLUpSb1N5UTcyeEVsWHlzNmlqVGxLdEVHUldldnBCbWR5YkFzSzhKRE5MT3lFd05ORkpoU1h1UDFaa0gwTTZWYm9RLXFEZlgwdERFUzExNFFlbWFYV05uMk0zYXdSY1FCbFJ0S3Jub2Z2N1J6bFZlSGpMaDFEM2lLN2JURVNlWE1wSi1JaDRlSnpmWl9sR1dXX0szNjNnTVNGOEpGTEh0TUVweDRGM0R4dw?oc=5\" target=\"_blank\" rel=\"nofollow noopener\">Iva Jovi\u0107 \u2013 Magdalena Fr\u0119ch. Zobacz, kto wygra\u0142 w US Open. Wyniki na \u017cywo<\/a>&nbsp;&nbsp;Przegl\u0105d Sportowy<\/li>\n<li><a href=\"https:\/\/news.google.com\/rss\/articles\/CBMiqAFBVV95cUxPdm83WGo4cm1CdzNUd253WEdOTU14MHlwVTZ4RHZVQjBPc3l3WFBjaURBeHQ4MjFwTG1udTNkVGlTSE1lM3RSWWRXRmxONEpxdFZ5QzVPLUVvOE1GY1pQcmk4M3VTMDU1LVFFSEtTS1BUQTNQSGhNR3JxUTBUb0d3RW1zUjZKQkRyYi1QekE1NEJxdFBlVHM3bEZyWW11ZmZJTXRUQV9aYXc?oc=5\" target=\"_blank\" rel=\"nofollow noopener\">Magdy wkraczaj\u0105 do gry w Nowym Jorku. Zobacz plan 3. dnia US Open<\/a>&nbsp;&nbsp;sportowefakty.wp.pl<\/li>\n<li><a href=\"https:\/\/news.google.com\/rss\/articles\/CBMiuAFBVV95cUxObHk3MEVOYktSRHlRSTZkMllEaWhqYTFxTzlyRHNfR3FVcklJOElULUVNVlFvanJ6OXZ0Wk5scTJkZUZXZkZyc25YdlBINE5RS094WEwxYU1jZnJGaGRkVFBjV1huOEU0MENzaGtaTFBEemdxVVI3bmtleDJYdzJRWVB0ZllrOFhKd3BtQjdxdkdPdjg5RmpNaVVaTE9BbldTeHdlV3FkSzNtN3N6NlNSc3ZnU0ZhbjZX?oc=5\" target=\"_blank\" rel=\"nofollow noopener\">O kt\u00f3rej Magda Linette gra z Francesc\u0105 Jones? Gdzie ogl\u0105da\u0107? [TRANSMISJA, US OPEN]<\/a>&nbsp;&nbsp;Interia Sport<\/li>\n<\/ol>\n","protected":false},"excerpt":{"rendered":"Magdalena Fr\u0119ch i Magda Linette wkraczaj\u0105 do gry na US Open&nbsp;&nbsp;Przegl\u0105d Sportowy Dwie Polki w akcji. Plan transmisji&hellip;\n","protected":false},"author":2,"featured_media":659487,"comment_status":"","ping_status":"","sticky":false,"template":"","format":"standard","meta":{"footnotes":"","_share_on_mastodon":"0"},"categories":[24],"tags":[61195,4417,5369,48,46,42,38,40,39,41,47,127,126,156,22568,130],"class_list":["post-659486","post","type-post","status-publish","format-standard","has-post-thumbnail","category-sport","tag-bottomfeed_styl","tag-magda_linette","tag-magdalena_frech","tag-nat_styl","tag-omp","tag-pl","tag-poland","tag-polish","tag-polska","tag-polski","tag-screening_general","tag-sport","tag-sports","tag-tenis","tag-us_open","tag-wiadomosci_sportowe"],"share_on_mastodon":{"url":"https:\/\/pubeurope.com\/@pl\/117194694451386383","error":""},"_links":{"self":[{"href":"https:\/\/www.europesays.com\/pl\/wp-json\/wp\/v2\/posts\/659486","targetHints":{"allow":["GET"]}}],"collection":[{"href":"https:\/\/www.europesays.com\/pl\/wp-json\/wp\/v2\/posts"}],"about":[{"href":"https:\/\/www.europesays.com\/pl\/wp-json\/wp\/v2\/types\/post"}],"author":[{"embeddable":true,"href":"https:\/\/www.europesays.com\/pl\/wp-json\/wp\/v2\/users\/2"}],"replies":[{"embeddable":true,"href":"https:\/\/www.europesays.com\/pl\/wp-json\/wp\/v2\/comments?post=659486"}],"version-history":[{"count":0,"href":"https:\/\/www.europesays.com\/pl\/wp-json\/wp\/v2\/posts\/659486\/revisions"}],"wp:featuredmedia":[{"embeddable":true,"href":"https:\/\/www.europesays.com\/pl\/wp-json\/wp\/v2\/media\/659487"}],"wp:attachment":[{"href":"https:\/\/www.europesays.com\/pl\/wp-json\/wp\/v2\/media?parent=659486"}],"wp:term":[{"taxonomy":"category","embeddable":true,"href":"https:\/\/www.europesays.com\/pl\/wp-json\/wp\/v2\/categories?post=659486"},{"taxonomy":"post_tag","embeddable":true,"href":"https:\/\/www.europesays.com\/pl\/wp-json\/wp\/v2\/tags?post=659486"}],"curies":[{"name":"wp","href":"https:\/\/api.w.org\/{rel}","templated":true}]}}